{"id":2921,"date":"2022-08-08T12:53:53","date_gmt":"2022-08-08T15:53:53","guid":{"rendered":"https:\/\/focotocantinense.com.br\/?p=2921"},"modified":"2022-08-08T12:56:51","modified_gmt":"2022-08-08T15:56:51","slug":"jose-bensilson-esta-coletando-dados-para-a-publicacao-de-um-livro-sobre-a-historia-de-filadelfia-no-tocantins","status":"publish","type":"post","link":"https:\/\/focotocantinense.com.br\/?p=2921","title":{"rendered":"Jos\u00e9 Bensilson est\u00e1 coletando dados para a publica\u00e7\u00e3o de um livro sobre a hist\u00f3ria de Filad\u00e9lfia, no Tocantins"},"content":{"rendered":"\n<p><strong>Por Zacarias Martins<\/strong><\/p>\n\n\n\n<p>Com o objetivo de resgatar importantes registros hist\u00f3ricos sobre o munic\u00edpio de Filad\u00e9lfia, no Norte do Tocantins, para transforma-los num livro que se transformar\u00e1 em &nbsp;importante ferramenta &nbsp;de ensino-aprendizagem que ser\u00e1 disponibilizada aos alunos da Rede Municipal de Educa\u00e7\u00e3o, o professor e escritor Jos\u00e9 Benilson, Diretor de Cultura e Cidadania do munic\u00edpio, &nbsp;est\u00e1 coletando informa\u00e7\u00f5es e fazendo interc\u00e2mbios com v\u00e1rias personalidades do munic\u00edpio, para auxilia-lo nessa miss\u00e3o.<\/p>\n\n\n\n<p>\u201cRecebemos essa incumb\u00eancia do Poder P\u00fablico Municipal e estamos empenhados no \u00e1rduo trabalho de coleta de dados para essa obra\u201d, informou&nbsp; o professor, que na manh\u00e3 desta segunda-feira, dia 8, esteve em Gurupi, onde manteve conversa\u00e7\u00f5es com escritores e pesquisadores que t\u00eam conhecimento sobre fatos da hist\u00f3ria de Filad\u00e9lfia.<\/p>\n\n\n\n<p>A chegada do professor Jos\u00e9 Benilson \u00e0 Gurupi despertou a&nbsp; aten\u00e7\u00e3o da imprensa local. Logo pela manh\u00e3, ele esteve nos est\u00fadios da R\u00e1dio Master&nbsp; FM, onde concedeu entrevista no programa do comunicador Wesley Simon. Em seguida, esteve nos est\u00fadios da R\u00e1dio Nova 104,9 FM, no Programa Revista 104, apresentado por Jonair Rocha e WPresley. Em ambas as emissoras, o professor fez quest\u00e3o de destacar o apoio do Poder P\u00fablico Municipal nessa empleitada.<\/p>\n\n\n\n<p>Depois de Gurupi, o professor Jos\u00e9 Benilson seguir\u00e1 para Taguatinga, na regi\u00e3o sudeste do Estado, onde, al\u00e9m de coletar novas informa\u00e7\u00f5es, tamb\u00e9m buscar\u00e1 registros fotogr\u00e1ficos do primeiro fazendeiro a se instalar no munic\u00edpio de Filad\u00e9lfia, &nbsp;o senhor Filad\u00e9lfio Ant\u00f4nio de Noronha.<\/p>\n\n\n\n<p><strong>Sobre a cidade<\/strong><\/p>\n\n\n\n<p>Com origem no in\u00edcio do s\u00e9culo XX, Filad\u00e9lfia \u00e9 uma cidade pacata e ordeira, \u00e9 o portal do Tocantins para o Sul do Maranh\u00e3o.&nbsp;Criada em 8 de outubro de 1948, pela lei estadual, Lei N\u00b0 154 de 8 de outubro de 1948, instalada em 1 de janeiro de 1949 e fundada em 1951, tem seu nome originado do seu primeiro fazendeiro a se instalar no local, o senhor Filad\u00e9lfio Ant\u00f4nio de Noronha. De acordo com o \u00faltimo censo a popula\u00e7\u00e3o avaliada em 2010 era de 8.505 habitantes, estima-se que a popula\u00e7\u00e3o tenha hoje 8.874.<\/p>\n\n\n\n<p>A cidade tem passagem marcante na hist\u00f3ria do Estado e&nbsp;um passado glorioso, pois integrou a importante&nbsp;rota fluvial que ligava Goi\u00e1s ao norte do Brasil. Filad\u00e9lfia fica localizada a margem esquerda do Rio Tocantins, onde faz fronteira com o estado do Maranh\u00e3o, do outro lado do rio est\u00e1 a cidade de Carolina. Outra passagem marcante em sua hist\u00f3ria foi a instala\u00e7\u00e3o de um Posto Fiscal para arrecada\u00e7\u00e3o de impostos na regi\u00e3o, conhecido por Porto das Paulas, em 1919.<\/p>\n\n\n\n<figure class=\"wp-block-image size-full\"><img loading=\"lazy\" decoding=\"async\" width=\"800\" height=\"400\" src=\"https:\/\/focotocantinense.com.br\/wp-content\/uploads\/2022\/08\/image.png\" alt=\"\" class=\"wp-image-2923\" srcset=\"https:\/\/focotocantinense.com.br\/wp-content\/uploads\/2022\/08\/image.png 800w, https:\/\/focotocantinense.com.br\/wp-content\/uploads\/2022\/08\/image-300x150.png 300w, https:\/\/focotocantinense.com.br\/wp-content\/uploads\/2022\/08\/image-768x384.png 768w, https:\/\/focotocantinense.com.br\/wp-content\/uploads\/2022\/08\/image-660x330.png 660w\" sizes=\"auto, (max-width: 800px) 100vw, 800px\" \/><\/figure>\n\n\n\n<figure class=\"wp-block-image\"><img decoding=\"async\" src=\"http:\/\/n1to.com.br\/img\/uploads\/Sem_t%C3%ADtulo_32.jpg\" alt=\"\"\/><\/figure>\n","protected":false},"excerpt":{"rendered":"<p>Por Zacarias Martins Com o objetivo de resgatar importantes registros hist\u00f3ricos sobre o munic\u00edpio de Filad\u00e9lfia, no Norte do Tocantins, para transforma-los num livro que se transformar\u00e1 em &nbsp;importante ferramenta &nbsp;de ensino-aprendizagem que ser\u00e1 disponibilizada aos alunos da Rede Municipal de Educa\u00e7\u00e3o, o professor e escritor Jos\u00e9 Benilson, Diretor de Cultura e Cidadania do munic\u00edpio, &hellip;<\/p>\n","protected":false},"author":5,"featured_media":2922,"comment_status":"open","ping_status":"open","sticky":false,"template":"","format":"standard","meta":{"footnotes":""},"categories":[98],"tags":[],"class_list":["post-2921","post","type-post","status-publish","format-standard","has-post-thumbnail","","category-faladelfia"],"_links":{"self":[{"href":"https:\/\/focotocantinense.com.br\/index.php?rest_route=\/wp\/v2\/posts\/2921","targetHints":{"allow":["GET"]}}],"collection":[{"href":"https:\/\/focotocantinense.com.br\/index.php?rest_route=\/wp\/v2\/posts"}],"about":[{"href":"https:\/\/focotocantinense.com.br\/index.php?rest_route=\/wp\/v2\/types\/post"}],"author":[{"embeddable":true,"href":"https:\/\/focotocantinense.com.br\/index.php?rest_route=\/wp\/v2\/users\/5"}],"replies":[{"embeddable":true,"href":"https:\/\/focotocantinense.com.br\/index.php?rest_route=%2Fwp%2Fv2%2Fcomments&post=2921"}],"version-history":[{"count":2,"href":"https:\/\/focotocantinense.com.br\/index.php?rest_route=\/wp\/v2\/posts\/2921\/revisions"}],"predecessor-version":[{"id":2925,"href":"https:\/\/focotocantinense.com.br\/index.php?rest_route=\/wp\/v2\/posts\/2921\/revisions\/2925"}],"wp:featuredmedia":[{"embeddable":true,"href":"https:\/\/focotocantinense.com.br\/index.php?rest_route=\/wp\/v2\/media\/2922"}],"wp:attachment":[{"href":"https:\/\/focotocantinense.com.br\/index.php?rest_route=%2Fwp%2Fv2%2Fmedia&parent=2921"}],"wp:term":[{"taxonomy":"category","embeddable":true,"href":"https:\/\/focotocantinense.com.br\/index.php?rest_route=%2Fwp%2Fv2%2Fcategories&post=2921"},{"taxonomy":"post_tag","embeddable":true,"href":"https:\/\/focotocantinense.com.br\/index.php?rest_route=%2Fwp%2Fv2%2Ftags&post=2921"}],"curies":[{"name":"wp","href":"https:\/\/api.w.org\/{rel}","templated":true}]}}