{"id":2918,"date":"2022-08-05T20:29:20","date_gmt":"2022-08-05T23:29:20","guid":{"rendered":"https:\/\/focotocantinense.com.br\/?p=2918"},"modified":"2022-08-05T20:29:21","modified_gmt":"2022-08-05T23:29:21","slug":"gurupi-tem-e-aberta-oficialmente-e-se-torna-vitrine-para-empreendedores-no-sul-do-to","status":"publish","type":"post","link":"https:\/\/focotocantinense.com.br\/?p=2918","title":{"rendered":"Gurupi Tem \u00e9 aberta oficialmente e se torna vitrine para empreendedores no sul do TO"},"content":{"rendered":"\n<p>O segundo dia da Feira de Neg\u00f3cios \u201cGurupi TEM\u201d mostrou que o evento veio para ficar. A feira contempla centenas de expositores do setor do com\u00e9rcio, servi\u00e7os e ind\u00fastria que aproveitam a oportunidade para expor e comercializar seus produtos e servi\u00e7os durante quatro dias de evento.<\/p>\n\n\n\n<p>Na noite desta quinta-feira, 4, a abertura oficial, realizada na pra\u00e7a do Centro Cultural Mauro Cunha, contou com a presen\u00e7a da gerente regional do Sebrae em Gurupi, Paula Alencar, da prefeita da cidade, Josi Nunes, da secretaria de Ci\u00eancia e Tecnologia, Lady Sakay, Domingos Tavares &#8211; representando a Fecom\u00e9rcio, Belchior Cavalcante representando a Associa\u00e7\u00e3o Comercial de Gurupi (ACIG) e outras autoridades locais.<\/p>\n\n\n\n<p>A feira busca dar visibilidade \u00e0s potencialidades locais, por meio de uma programa\u00e7\u00e3o diversificada com atra\u00e7\u00f5es culturais, feira gastron\u00f4mica, moda e beleza, arena gamer, sal\u00e3o do autom\u00f3vel e espa\u00e7o pet e infantil. A programa\u00e7\u00e3o segue at\u00e9 s\u00e1bado, 6, das 19 \u00e0s 23 horas.<\/p>\n\n\n\n<p>A gerente do Sebrae em Gurupi, Paula Alencar, destaca que a cidade ainda sofre os impactos da pandemia da Covid-19 e o Sebrae trabalha para ajudar na recupera\u00e7\u00e3o econ\u00f4mica do com\u00e9rcio local. \u201cAs pessoas est\u00e3o com expectativa de sair de casa, de ver coisas novas e a feira tem este objetivo, mostrar o que n\u00f3s temos na cidade. A feira n\u00e3o \u00e9 s\u00f3 venda, mas tamb\u00e9m uma vitrine da economia local e faz jus \u00e0 fama do com\u00e9rcio pujante\u201d, pontua.<\/p>\n\n\n\n<p>Josi Nunes, prefeita de Gurupi, ressalta que a iniciativa estimula a gera\u00e7\u00e3o de emprego, renda e novas oportunidades para a economia da cidade. &#8220;O mercado de feiras \u00e9 um grande influenciador de novos neg\u00f3cios, onde diversas ideias e inova\u00e7\u00f5es s\u00e3o disseminadas, podendo agregar conhecimento e novos relacionamentos que ir\u00e3o impactar positivamente no fortalecimento e desenvolvimento do empreendedorismo. E \u00e9 um foco do Sebrae e tamb\u00e9m da nossa gest\u00e3o. \u00c9 uma grande estrat\u00e9gia para promover o empreendedorismo&#8221;, completa.<\/p>\n\n\n\n<p>Marina Gomes, empreendedora no setor de moda e beleza, enfatiza que a Gurupi TEM \u00e9 uma oportunidade para conhecer novos neg\u00f3cios, expor produtos e, consequentemente, atrair novos clientes para seu neg\u00f3cio. \u201cEstamos expondo novos produtos que n\u00e3o t\u00ednhamos na edi\u00e7\u00e3o de 2019, como por exemplo, perfumes e acess\u00f3rios em a\u00e7o inoxid\u00e1vel. Estimamos vender pelo menos R$500,00 por noite. Mas \u00e9 interessante falar que n\u00e3o estamos aqui somente pelas vendas, mas tamb\u00e9m para adquirir novos conhecimentos que o Sebrae nos proporciona por meio de uma feira t\u00e3o grande como essa\u201d.&nbsp;&nbsp;<\/p>\n\n\n\n<figure class=\"wp-block-image\"><img decoding=\"async\" src=\"http:\/\/n1to.com.br\/img\/uploads\/BVBB_1.jpg\" alt=\"\"\/><\/figure>\n\n\n\n<figure class=\"wp-block-image\"><img decoding=\"async\" src=\"http:\/\/n1to.com.br\/img\/uploads\/TIO_BARNABEE_OK_125.jpg\" alt=\"\"\/><\/figure>\n","protected":false},"excerpt":{"rendered":"<p>O segundo dia da Feira de Neg\u00f3cios \u201cGurupi TEM\u201d mostrou que o evento veio para ficar. A feira contempla centenas de expositores do setor do com\u00e9rcio, servi\u00e7os e ind\u00fastria que aproveitam a oportunidade para expor e comercializar seus produtos e servi\u00e7os durante quatro dias de evento. Na noite desta quinta-feira, 4, a abertura oficial, realizada &hellip;<\/p>\n","protected":false},"author":5,"featured_media":2919,"comment_status":"open","ping_status":"open","sticky":false,"template":"","format":"standard","meta":{"footnotes":""},"categories":[38],"tags":[],"class_list":["post-2918","post","type-post","status-publish","format-standard","has-post-thumbnail","","category-gurupi"],"_links":{"self":[{"href":"https:\/\/focotocantinense.com.br\/index.php?rest_route=\/wp\/v2\/posts\/2918","targetHints":{"allow":["GET"]}}],"collection":[{"href":"https:\/\/focotocantinense.com.br\/index.php?rest_route=\/wp\/v2\/posts"}],"about":[{"href":"https:\/\/focotocantinense.com.br\/index.php?rest_route=\/wp\/v2\/types\/post"}],"author":[{"embeddable":true,"href":"https:\/\/focotocantinense.com.br\/index.php?rest_route=\/wp\/v2\/users\/5"}],"replies":[{"embeddable":true,"href":"https:\/\/focotocantinense.com.br\/index.php?rest_route=%2Fwp%2Fv2%2Fcomments&post=2918"}],"version-history":[{"count":1,"href":"https:\/\/focotocantinense.com.br\/index.php?rest_route=\/wp\/v2\/posts\/2918\/revisions"}],"predecessor-version":[{"id":2920,"href":"https:\/\/focotocantinense.com.br\/index.php?rest_route=\/wp\/v2\/posts\/2918\/revisions\/2920"}],"wp:featuredmedia":[{"embeddable":true,"href":"https:\/\/focotocantinense.com.br\/index.php?rest_route=\/wp\/v2\/media\/2919"}],"wp:attachment":[{"href":"https:\/\/focotocantinense.com.br\/index.php?rest_route=%2Fwp%2Fv2%2Fmedia&parent=2918"}],"wp:term":[{"taxonomy":"category","embeddable":true,"href":"https:\/\/focotocantinense.com.br\/index.php?rest_route=%2Fwp%2Fv2%2Fcategories&post=2918"},{"taxonomy":"post_tag","embeddable":true,"href":"https:\/\/focotocantinense.com.br\/index.php?rest_route=%2Fwp%2Fv2%2Ftags&post=2918"}],"curies":[{"name":"wp","href":"https:\/\/api.w.org\/{rel}","templated":true}]}}