{"id":2904,"date":"2022-07-31T20:47:50","date_gmt":"2022-07-31T23:47:50","guid":{"rendered":"https:\/\/focotocantinense.com.br\/?p=2904"},"modified":"2022-07-31T20:48:39","modified_gmt":"2022-07-31T23:48:39","slug":"com-aval-de-laurez-o-advogado-guilherme-gama-oficializa-sua-pre-candidatura-a-deputado-estadual","status":"publish","type":"post","link":"https:\/\/focotocantinense.com.br\/?p=2904","title":{"rendered":"Com aval de Laurez, o advogado Guilherme Gama oficializa sua pr\u00e9-candidatura a deputado estadual"},"content":{"rendered":"\n<p><strong>Por Jonas Amaral<\/strong><\/p>\n\n\n\n<p>As pr\u00e9-candidaturas eleitorais para os cargos proporcionais no Estado do Tocantins come\u00e7am a ganhar um novo escopo com a consolida\u00e7\u00e3o de nomes importantes que v\u00e3o formando o novo mapa politico.<\/p>\n\n\n\n<p>J\u00e1 na noite desta sexta-feira, 29, aconteceu o lan\u00e7amento da pr\u00e9-candidatura a deputado estadual do advogado Guilherme Gama, no plen\u00e1rio C\u00e2mara Municipal de Formoso do Araguaia e que contou com a presen\u00e7a ilustre do presidente do PDT-TO e pr\u00e9-candidato a vice-governador, Laurez Moreira.<\/p>\n\n\n\n<p>Guilherme Gama fez quest\u00e3o de explicar que esse evento foi para chancelar a sua \u201cvontade de servir toda a comunidade do Tocantins e o pren\u00fancio dos projetos que est\u00e3o por vir\u201d.<\/p>\n\n\n\n<p>O pr\u00e9-candidato a deputado estadual lembrou que a sua trajet\u00f3ria nesse processo est\u00e1 chegando na fase final da pr\u00e9-campanha, rumo \u00e0 conven\u00e7\u00e3o. \u201cTemos o aval de Laurez Moreira, nosso pr\u00f3ximo vice-governador, que d\u00e1 credibilidade a esse projeto\u201d, asseverou.<\/p>\n\n\n\n<p>Por sua vez, Laurez Moreira, parabenizou Guilherme Gama por colocar o seu nome \u00e0 disposi\u00e7\u00e3o, e aproveitou para destacar v\u00e1rios predicativos do pr\u00e9-candidato a deputado estadual por Formoso do Araguaia.<br>.<br>Laurez tamb\u00e9m falou sobre o fortalecimento da alian\u00e7a formada com o Governador Wanderley Barbosa, e a pr\u00e9-candidata ao senado, professora Dorinha. Por fim, convidou a comunidade de Formoso do Araguaia para a conven\u00e7\u00e3o do PDT e do Republicanos, que acontece no pr\u00f3ximo dia 05 de agosto, na capital, Palmas.<\/p>\n\n\n\n<figure class=\"wp-block-image\"><img decoding=\"async\" src=\"blob:https:\/\/focotocantinense.com.br\/e813e2d0-8394-470c-9c62-b2afd36cc2c7\" alt=\"\"\/><\/figure>\n\n\n\n<figure class=\"wp-block-image\"><img decoding=\"async\" src=\"http:\/\/n1to.com.br\/img\/uploads\/BBB_16.jpg\" alt=\"\"\/><\/figure>\n\n\n\n<p><strong><em>Laurez Moreira \u2013 Ex-prefeito de Gurupi e pr\u00e9-candidato ao governo do Tocantins<\/em><\/strong><\/p>\n\n\n\n<figure class=\"wp-block-image\"><img decoding=\"async\" src=\"http:\/\/n1to.com.br\/img\/uploads\/CCC_4.jpg\" alt=\"\"\/><\/figure>\n\n\n\n<p id=\"caption-attachment-113539\"><strong><em>Guilherme Gama \u2013 Pr\u00e9-candidato a Deputado Estadual<\/em><\/strong><\/p>\n\n\n\n<figure class=\"wp-block-image\"><img decoding=\"async\" src=\"http:\/\/n1to.com.br\/img\/uploads\/veloso_banner_66.jpeg\" alt=\"\"\/><\/figure>\n","protected":false},"excerpt":{"rendered":"<p>Por Jonas Amaral As pr\u00e9-candidaturas eleitorais para os cargos proporcionais no Estado do Tocantins come\u00e7am a ganhar um novo escopo com a consolida\u00e7\u00e3o de nomes importantes que v\u00e3o formando o novo mapa politico. J\u00e1 na noite desta sexta-feira, 29, aconteceu o lan\u00e7amento da pr\u00e9-candidatura a deputado estadual do advogado Guilherme Gama, no plen\u00e1rio C\u00e2mara Municipal &hellip;<\/p>\n","protected":false},"author":5,"featured_media":2905,"comment_status":"open","ping_status":"open","sticky":false,"template":"","format":"standard","meta":{"footnotes":""},"categories":[51],"tags":[],"class_list":["post-2904","post","type-post","status-publish","format-standard","has-post-thumbnail","","category-formoso-do-araguaia"],"_links":{"self":[{"href":"https:\/\/focotocantinense.com.br\/index.php?rest_route=\/wp\/v2\/posts\/2904","targetHints":{"allow":["GET"]}}],"collection":[{"href":"https:\/\/focotocantinense.com.br\/index.php?rest_route=\/wp\/v2\/posts"}],"about":[{"href":"https:\/\/focotocantinense.com.br\/index.php?rest_route=\/wp\/v2\/types\/post"}],"author":[{"embeddable":true,"href":"https:\/\/focotocantinense.com.br\/index.php?rest_route=\/wp\/v2\/users\/5"}],"replies":[{"embeddable":true,"href":"https:\/\/focotocantinense.com.br\/index.php?rest_route=%2Fwp%2Fv2%2Fcomments&post=2904"}],"version-history":[{"count":2,"href":"https:\/\/focotocantinense.com.br\/index.php?rest_route=\/wp\/v2\/posts\/2904\/revisions"}],"predecessor-version":[{"id":2908,"href":"https:\/\/focotocantinense.com.br\/index.php?rest_route=\/wp\/v2\/posts\/2904\/revisions\/2908"}],"wp:featuredmedia":[{"embeddable":true,"href":"https:\/\/focotocantinense.com.br\/index.php?rest_route=\/wp\/v2\/media\/2905"}],"wp:attachment":[{"href":"https:\/\/focotocantinense.com.br\/index.php?rest_route=%2Fwp%2Fv2%2Fmedia&parent=2904"}],"wp:term":[{"taxonomy":"category","embeddable":true,"href":"https:\/\/focotocantinense.com.br\/index.php?rest_route=%2Fwp%2Fv2%2Fcategories&post=2904"},{"taxonomy":"post_tag","embeddable":true,"href":"https:\/\/focotocantinense.com.br\/index.php?rest_route=%2Fwp%2Fv2%2Ftags&post=2904"}],"curies":[{"name":"wp","href":"https:\/\/api.w.org\/{rel}","templated":true}]}}