{"id":2896,"date":"2022-07-28T20:50:02","date_gmt":"2022-07-28T23:50:02","guid":{"rendered":"https:\/\/focotocantinense.com.br\/?p=2896"},"modified":"2022-07-28T20:51:22","modified_gmt":"2022-07-28T23:51:22","slug":"delegado-de-policia-tiago-daniel-de-moraes-lanca-livro-de-poemas-em-tocantinopolis","status":"publish","type":"post","link":"https:\/\/focotocantinense.com.br\/?p=2896","title":{"rendered":"Delegado de Pol\u00edcia Tiago Daniel de Moraes lan\u00e7a livro de poemas em Tocantin\u00f3polis"},"content":{"rendered":"\n<p><strong>Por Zacarias Martins<\/strong><\/p>\n\n\n\n<p>Pela \u00e9gide da Editora Veloso, o delegado de pol\u00edcia, o vereador e agora poeta,&nbsp;<strong><u>Tiago Daniel de Moraes<\/u><\/strong>, marcou a sua estreia-solo no mundo da literatura com o lan\u00e7amento do livro&nbsp;<strong><em>Primeiros Poemas<\/em><\/strong>, durante uma noite de aut\u00f3grafos memor\u00e1vel, que aconteceu no audit\u00f3rio da Diretoria Regional de Educa\u00e7\u00e3o de Tocantin\u00f3polis, no dia 22.<\/p>\n\n\n\n<p><strong>Veia po\u00e9tica<\/strong><\/p>\n\n\n\n<p>Estivemos prestigiando o acontecimento liter\u00e1rio que contou com a presen\u00e7a de um expressivo p\u00fablico, \u00e1vido para conhecer um pouco mais da veia po\u00e9tica que emana dessa ilustre figura da comunidade tocantinopolina. E j\u00e1 nos primeiros poemas lidos, constatamos a grande proeza de Tiago Daniel de Moraes em transformar palavras comuns em magias verbais.<\/p>\n\n\n\n<p><strong>Evolu\u00e7\u00e3o interessante<\/strong><\/p>\n\n\n\n<p>A obra cont\u00e9m nove cap\u00edtulos, divididos por produ\u00e7\u00f5es po\u00e9ticas criadas dos 13 aos 22 anos de idade do autor, permitindo-nos acompanhar essa sua trajet\u00f3ria liter\u00e1ria desde a adolesc\u00eancia at\u00e9 aos dias atuais, numa evolu\u00e7\u00e3o deveras interessante.<\/p>\n\n\n\n<p><strong>Credenciais do autor<\/strong><\/p>\n\n\n\n<p>Tiago Daniel de Moraes \u00e9 paulista de Ribeir\u00e3o Preto, mas reside em Tocantin\u00f3polis, no norte do Tocantins h\u00e1 mais de 16 anos. Formado em Direito, \u00e9 Delegado de Pol\u00edcia e vereador em Tocantin\u00f3polis. Ele tamb\u00e9m foi o mais votado para vereador. No campo liter\u00e1rio tem&nbsp; trabalhos publicados&nbsp; no \u201c<em>Anu\u00e1rio de Poetas e Escritores do Tocantins<\/em>\u201c, nas edi\u00e7\u00f5es de 2015, 2016, 2017 e 2019, bem como, na&nbsp; \u201c<em>Antologia Veloso de 2017<\/em>\u201d e na antologia&nbsp;&nbsp; \u201c<em>Acalanto em Prosa e Versos<\/em>\u201c, de Aragua\u00edna. \u00c9 verbete no livro \u201c<em>Literatura Tocantinense \u2013 Entrevistas<\/em>\u201c, obra&nbsp; organizada&nbsp;pelo professor&nbsp;Pedro Albeirice, da Universidade Federal do Norte do Tocantins \u2013 UFNT,&nbsp;contendo cinco volumes.<\/p>\n\n\n\n<figure class=\"wp-block-image\"><img decoding=\"async\" src=\"http:\/\/n1to.com.br\/img\/uploads\/2222_10.jpg\" alt=\"\"\/><\/figure>\n\n\n\n<figure class=\"wp-block-image size-full\"><img loading=\"lazy\" decoding=\"async\" width=\"916\" height=\"502\" src=\"https:\/\/focotocantinense.com.br\/wp-content\/uploads\/2022\/07\/NNN.jpg\" alt=\"\" class=\"wp-image-2899\" srcset=\"https:\/\/focotocantinense.com.br\/wp-content\/uploads\/2022\/07\/NNN.jpg 916w, https:\/\/focotocantinense.com.br\/wp-content\/uploads\/2022\/07\/NNN-300x164.jpg 300w, https:\/\/focotocantinense.com.br\/wp-content\/uploads\/2022\/07\/NNN-768x421.jpg 768w\" sizes=\"auto, (max-width: 916px) 100vw, 916px\" \/><\/figure>\n","protected":false},"excerpt":{"rendered":"<p>Por Zacarias Martins Pela \u00e9gide da Editora Veloso, o delegado de pol\u00edcia, o vereador e agora poeta,&nbsp;Tiago Daniel de Moraes, marcou a sua estreia-solo no mundo da literatura com o lan\u00e7amento do livro&nbsp;Primeiros Poemas, durante uma noite de aut\u00f3grafos memor\u00e1vel, que aconteceu no audit\u00f3rio da Diretoria Regional de Educa\u00e7\u00e3o de Tocantin\u00f3polis, no dia 22. Veia &hellip;<\/p>\n","protected":false},"author":5,"featured_media":2897,"comment_status":"open","ping_status":"open","sticky":false,"template":"","format":"standard","meta":{"footnotes":""},"categories":[87,91],"tags":[],"class_list":["post-2896","post","type-post","status-publish","format-standard","has-post-thumbnail","","category-tocantinopolis","category-zacarias-martins"],"_links":{"self":[{"href":"https:\/\/focotocantinense.com.br\/index.php?rest_route=\/wp\/v2\/posts\/2896","targetHints":{"allow":["GET"]}}],"collection":[{"href":"https:\/\/focotocantinense.com.br\/index.php?rest_route=\/wp\/v2\/posts"}],"about":[{"href":"https:\/\/focotocantinense.com.br\/index.php?rest_route=\/wp\/v2\/types\/post"}],"author":[{"embeddable":true,"href":"https:\/\/focotocantinense.com.br\/index.php?rest_route=\/wp\/v2\/users\/5"}],"replies":[{"embeddable":true,"href":"https:\/\/focotocantinense.com.br\/index.php?rest_route=%2Fwp%2Fv2%2Fcomments&post=2896"}],"version-history":[{"count":2,"href":"https:\/\/focotocantinense.com.br\/index.php?rest_route=\/wp\/v2\/posts\/2896\/revisions"}],"predecessor-version":[{"id":2900,"href":"https:\/\/focotocantinense.com.br\/index.php?rest_route=\/wp\/v2\/posts\/2896\/revisions\/2900"}],"wp:featuredmedia":[{"embeddable":true,"href":"https:\/\/focotocantinense.com.br\/index.php?rest_route=\/wp\/v2\/media\/2897"}],"wp:attachment":[{"href":"https:\/\/focotocantinense.com.br\/index.php?rest_route=%2Fwp%2Fv2%2Fmedia&parent=2896"}],"wp:term":[{"taxonomy":"category","embeddable":true,"href":"https:\/\/focotocantinense.com.br\/index.php?rest_route=%2Fwp%2Fv2%2Fcategories&post=2896"},{"taxonomy":"post_tag","embeddable":true,"href":"https:\/\/focotocantinense.com.br\/index.php?rest_route=%2Fwp%2Fv2%2Ftags&post=2896"}],"curies":[{"name":"wp","href":"https:\/\/api.w.org\/{rel}","templated":true}]}}