{"id":2891,"date":"2022-07-28T08:37:16","date_gmt":"2022-07-28T11:37:16","guid":{"rendered":"https:\/\/focotocantinense.com.br\/?p=2891"},"modified":"2022-07-28T08:37:51","modified_gmt":"2022-07-28T11:37:51","slug":"reservatorio-de-abastecimento-de-agua-de-lagoa-da-confusao-recebe-um-gerador-de-energia","status":"publish","type":"post","link":"https:\/\/focotocantinense.com.br\/?p=2891","title":{"rendered":"Reservat\u00f3rio de abastecimento de \u00e1gua de Lagoa da Confus\u00e3o recebe um gerador de energia"},"content":{"rendered":"\n<p><strong>Por Zacarias Martins<\/strong><\/p>\n\n\n\n<p>O vereador de Lagoa da Confus\u00e3o, Napole\u00e3o Dion\u00edsio (PSL),&nbsp; &nbsp;que preside a comiss\u00e3o mista, juntamente criada para buscar uma solu\u00e7\u00e3o para os problemas que vinha ocorrendo em rela\u00e7\u00e3o a qualidade&nbsp; da \u00e1gua disponibilizada \u00e0 popula\u00e7\u00e3o pela BRK Ambiental, foi verificar in loco, como&nbsp; est\u00e1 o andamento das a\u00e7\u00f5es para acabar de vez com esses problemas.<\/p>\n\n\n\n<p>Acompanhado pelo &nbsp;secret\u00e1rio da comiss\u00e3o, &nbsp;Alberto Gutierrez, e da supervisora de servi\u00e7o da BRK, em Lagoa da Confus\u00e3o, Ana na Paula, o&nbsp; vereador Napole\u00e3o Dion\u00edsio constatou que a concession\u00e1rio providenciou a coloca\u00e7\u00e3o de um gerador de energia que vai ajudar&nbsp;&nbsp; a manter o reservat\u00f3rio de abastecimento de \u00e1gua&nbsp; no n\u00edvel, &nbsp;mesmo no caso de falta&nbsp; &nbsp;de energia el\u00e9trica, evitando e diminuindo os problemas que geralmente ocorrem &nbsp;ap\u00f3s uma falta de energia.<\/p>\n\n\n\n<p>\u201cEssa \u00e9 mais uma importante&nbsp; conquista para a nossa&nbsp; comunidade\u201d, comemorou Napole\u00e3o Dion\u00edsio.<\/p>\n\n\n\n<figure class=\"wp-block-image size-large\"><img loading=\"lazy\" decoding=\"async\" width=\"1024\" height=\"768\" src=\"https:\/\/focotocantinense.com.br\/wp-content\/uploads\/2022\/07\/xxxx-1024x768.jpg\" alt=\"\" class=\"wp-image-2893\" srcset=\"https:\/\/focotocantinense.com.br\/wp-content\/uploads\/2022\/07\/xxxx-1024x768.jpg 1024w, https:\/\/focotocantinense.com.br\/wp-content\/uploads\/2022\/07\/xxxx-300x225.jpg 300w, https:\/\/focotocantinense.com.br\/wp-content\/uploads\/2022\/07\/xxxx-768x576.jpg 768w, https:\/\/focotocantinense.com.br\/wp-content\/uploads\/2022\/07\/xxxx-1536x1152.jpg 1536w, https:\/\/focotocantinense.com.br\/wp-content\/uploads\/2022\/07\/xxxx.jpg 1600w\" sizes=\"auto, (max-width: 1024px) 100vw, 1024px\" \/><\/figure>\n","protected":false},"excerpt":{"rendered":"<p>Por Zacarias Martins O vereador de Lagoa da Confus\u00e3o, Napole\u00e3o Dion\u00edsio (PSL),&nbsp; &nbsp;que preside a comiss\u00e3o mista, juntamente criada para buscar uma solu\u00e7\u00e3o para os problemas que vinha ocorrendo em rela\u00e7\u00e3o a qualidade&nbsp; da \u00e1gua disponibilizada \u00e0 popula\u00e7\u00e3o pela BRK Ambiental, foi verificar in loco, como&nbsp; est\u00e1 o andamento das a\u00e7\u00f5es para acabar de vez &hellip;<\/p>\n","protected":false},"author":5,"featured_media":2893,"comment_status":"open","ping_status":"open","sticky":false,"template":"","format":"standard","meta":{"footnotes":""},"categories":[71],"tags":[],"class_list":["post-2891","post","type-post","status-publish","format-standard","has-post-thumbnail","","category-lagoa-da-confusao"],"_links":{"self":[{"href":"https:\/\/focotocantinense.com.br\/index.php?rest_route=\/wp\/v2\/posts\/2891","targetHints":{"allow":["GET"]}}],"collection":[{"href":"https:\/\/focotocantinense.com.br\/index.php?rest_route=\/wp\/v2\/posts"}],"about":[{"href":"https:\/\/focotocantinense.com.br\/index.php?rest_route=\/wp\/v2\/types\/post"}],"author":[{"embeddable":true,"href":"https:\/\/focotocantinense.com.br\/index.php?rest_route=\/wp\/v2\/users\/5"}],"replies":[{"embeddable":true,"href":"https:\/\/focotocantinense.com.br\/index.php?rest_route=%2Fwp%2Fv2%2Fcomments&post=2891"}],"version-history":[{"count":2,"href":"https:\/\/focotocantinense.com.br\/index.php?rest_route=\/wp\/v2\/posts\/2891\/revisions"}],"predecessor-version":[{"id":2895,"href":"https:\/\/focotocantinense.com.br\/index.php?rest_route=\/wp\/v2\/posts\/2891\/revisions\/2895"}],"wp:featuredmedia":[{"embeddable":true,"href":"https:\/\/focotocantinense.com.br\/index.php?rest_route=\/wp\/v2\/media\/2893"}],"wp:attachment":[{"href":"https:\/\/focotocantinense.com.br\/index.php?rest_route=%2Fwp%2Fv2%2Fmedia&parent=2891"}],"wp:term":[{"taxonomy":"category","embeddable":true,"href":"https:\/\/focotocantinense.com.br\/index.php?rest_route=%2Fwp%2Fv2%2Fcategories&post=2891"},{"taxonomy":"post_tag","embeddable":true,"href":"https:\/\/focotocantinense.com.br\/index.php?rest_route=%2Fwp%2Fv2%2Ftags&post=2891"}],"curies":[{"name":"wp","href":"https:\/\/api.w.org\/{rel}","templated":true}]}}