{"id":2887,"date":"2022-07-25T13:49:57","date_gmt":"2022-07-25T16:49:57","guid":{"rendered":"https:\/\/focotocantinense.com.br\/?p=2887"},"modified":"2022-07-25T13:49:58","modified_gmt":"2022-07-25T16:49:58","slug":"to-eleicao-2022-chapa-dos-sonhos-laurez-convida-para-evento-na-quarta-feira-27-com-wanderlei-e-dorinha-quero-aqui-convidar-voce-para-estar-junto-cono","status":"publish","type":"post","link":"https:\/\/focotocantinense.com.br\/?p=2887","title":{"rendered":"TO ELEI\u00c7\u00c3O 2022 \u2013 \u201cCHAPA DOS SONHOS\u201d \u2013 Laurez convida para evento na quarta-feira (27) com Wanderlei e Dorinha; \u201cQuero aqui convidar voc\u00ea, para estar junto conosco Clube Caixa&#8221;"},"content":{"rendered":"\n<p><strong>GURUPI\/ELEI\u00c7\u00c3O 2022<\/strong>&nbsp;\u2013&nbsp;<strong>\u201cOl\u00e1 meus amigos e minhas amigas, eu vem de longe mas de muito longe preparando um belo projeto de desenvolvimento para&nbsp;<\/strong>o estado Tocantins; dia 27 quarta-feira \u00e0s dezenove horas estarei no Clube da Caixa em Gurupi lan\u00e7ando minha pr\u00e9-candidatura a vice-governador ao lado de Vanderlei Barbosa o atual Governador e pr\u00e9-candidato a governo e tamb\u00e9m da pr\u00e9-candidata ao Senado Dorinha\u201d.<\/p>\n\n\n\n<p>\u201cE eu quero aqui convidar voc\u00ea para estar junto conosco sua presen\u00e7a \u00e9 muito importante da forma\u00e7\u00e3o dessa alian\u00e7a pelo desenvolvimento do Tocantins esperamos por voc\u00eas at\u00e9 l\u00e1 l\u00e1\u201d!<\/p>\n\n\n\n<p><strong>VIDEO<\/strong><\/p>\n\n\n\n<p>Em v\u00eddeo o ex-prefeito de Gurupi e presidente estadual do PDT, convida para evento que ser\u00e1 realizado na quarta-feira (27) no Clube da Caixa em Gurupi, Sul do Tocantins, onde ser\u00e1 oficializado a sua participa\u00e7\u00e3o na majorit\u00e1ria como pr\u00e9-candidato a vice-governador na chapa liderada pelo governador e candidato \u00e0 reelei\u00e7\u00e3o Wanderlei Barbosa (Republicanos) e que j\u00e1 confirmou a Professora Dorinha (Uni\u00e3o Brasil) como pr\u00e9-candidata ao senado.<\/p>\n\n\n\n<p><strong>CHAPA DOS SONHOS<\/strong><\/p>\n\n\n\n<p>A chapa com Laurez ganha muito, considerado&nbsp;<strong>um dos maiores administradores p\u00fablicos do Tocantins<\/strong>, politico equilibrado que sabe dialogar com todas as correntes politicas e ficha limpa; juntando com&nbsp; a&nbsp;<strong>serenidade e seriedade do governador Wanderlei<\/strong>&nbsp;e a&nbsp;<strong>for\u00e7a da mulher e da l\u00edder nacional Dorinha Seabra<\/strong>; temos um \u201cDrem Team\u201d, uma chapa dos sonhos dado as qualidades dos pr\u00e9-candidatos.<\/p>\n\n\n\n<p><strong>\u00a0VEJA CONVITE<\/strong><\/p>\n\n\n\n<figure class=\"wp-block-embed is-type-rich is-provider-incorporar-manipulador wp-block-embed-incorporar-manipulador wp-embed-aspect-16-9 wp-has-aspect-ratio\"><div class=\"wp-block-embed__wrapper\">\n<iframe loading=\"lazy\" title=\"&quot;Venho de longe preparando um grande projeto para TO&quot;; Laurez convida para evento dia 27 em Gurupi.\" width=\"618\" height=\"348\" src=\"https:\/\/www.youtube.com\/embed\/B-SgMdBgyNc?feature=oembed\" frameborder=\"0\" allow=\"accelerometer; autoplay; clipboard-write; encrypted-media; gyroscope; picture-in-picture; web-share\" referrerpolicy=\"strict-origin-when-cross-origin\" allowfullscreen><\/iframe>\n<\/div><\/figure>\n","protected":false},"excerpt":{"rendered":"<p>GURUPI\/ELEI\u00c7\u00c3O 2022&nbsp;\u2013&nbsp;\u201cOl\u00e1 meus amigos e minhas amigas, eu vem de longe mas de muito longe preparando um belo projeto de desenvolvimento para&nbsp;o estado Tocantins; dia 27 quarta-feira \u00e0s dezenove horas estarei no Clube da Caixa em Gurupi lan\u00e7ando minha pr\u00e9-candidatura a vice-governador ao lado de Vanderlei Barbosa o atual Governador e pr\u00e9-candidato a governo e &hellip;<\/p>\n","protected":false},"author":1,"featured_media":2889,"comment_status":"open","ping_status":"open","sticky":false,"template":"","format":"standard","meta":{"footnotes":""},"categories":[39,38,1],"tags":[],"class_list":["post-2887","post","type-post","status-publish","format-standard","has-post-thumbnail","","category-estado","category-gurupi","category-sem-categoria"],"_links":{"self":[{"href":"https:\/\/focotocantinense.com.br\/index.php?rest_route=\/wp\/v2\/posts\/2887","targetHints":{"allow":["GET"]}}],"collection":[{"href":"https:\/\/focotocantinense.com.br\/index.php?rest_route=\/wp\/v2\/posts"}],"about":[{"href":"https:\/\/focotocantinense.com.br\/index.php?rest_route=\/wp\/v2\/types\/post"}],"author":[{"embeddable":true,"href":"https:\/\/focotocantinense.com.br\/index.php?rest_route=\/wp\/v2\/users\/1"}],"replies":[{"embeddable":true,"href":"https:\/\/focotocantinense.com.br\/index.php?rest_route=%2Fwp%2Fv2%2Fcomments&post=2887"}],"version-history":[{"count":1,"href":"https:\/\/focotocantinense.com.br\/index.php?rest_route=\/wp\/v2\/posts\/2887\/revisions"}],"predecessor-version":[{"id":2890,"href":"https:\/\/focotocantinense.com.br\/index.php?rest_route=\/wp\/v2\/posts\/2887\/revisions\/2890"}],"wp:featuredmedia":[{"embeddable":true,"href":"https:\/\/focotocantinense.com.br\/index.php?rest_route=\/wp\/v2\/media\/2889"}],"wp:attachment":[{"href":"https:\/\/focotocantinense.com.br\/index.php?rest_route=%2Fwp%2Fv2%2Fmedia&parent=2887"}],"wp:term":[{"taxonomy":"category","embeddable":true,"href":"https:\/\/focotocantinense.com.br\/index.php?rest_route=%2Fwp%2Fv2%2Fcategories&post=2887"},{"taxonomy":"post_tag","embeddable":true,"href":"https:\/\/focotocantinense.com.br\/index.php?rest_route=%2Fwp%2Fv2%2Ftags&post=2887"}],"curies":[{"name":"wp","href":"https:\/\/api.w.org\/{rel}","templated":true}]}}