{"id":2884,"date":"2022-07-20T19:36:46","date_gmt":"2022-07-20T22:36:46","guid":{"rendered":"https:\/\/focotocantinense.com.br\/?p=2884"},"modified":"2022-07-20T19:36:47","modified_gmt":"2022-07-20T22:36:47","slug":"projeto-praia-consciente-percorre-atrativos-com-grande-fluxo-de-visitacao-no-tocantins","status":"publish","type":"post","link":"https:\/\/focotocantinense.com.br\/?p=2884","title":{"rendered":"Projeto\u00a0Praia Consciente\u00a0percorre atrativos com grande fluxo de visita\u00e7\u00e3o no Tocantins"},"content":{"rendered":"\n<p><em>No pr\u00f3ximo final de semana ser\u00e1 a vez das praias de Caseara, Peixe e Araguacema receberem as orienta\u00e7\u00f5es do projeto, sobre destina\u00e7\u00e3o adequada do lixo produzido, para preserva\u00e7\u00e3o das belezas naturais locais<\/em><\/p>\n\n\n\n<p>Cleide Veloso\/Governo do Tocantins<\/p>\n\n\n\n<p>O projeto&nbsp;<em>Praia Consciente<\/em>&nbsp;segue, no pr\u00f3ximo final de semana, 23 e 24 de julho, para as praias dos munic\u00edpios de Caseara, Peixe e Araguacema, no Tocantins. As equipes do projeto percorrem os atrativos com grande fluxo de visita\u00e7\u00e3o, em 15 munic\u00edpios, na \u2018Temporada de Praia 2022\u2019. O&nbsp;<em>Praia Consciente<\/em>&nbsp;tem o objetivo de promover a sensibiliza\u00e7\u00e3o dos frequentadores, visitantes, turistas, comerciantes e condutores de embarca\u00e7\u00e3o, sobre o acondicionamento e a destina\u00e7\u00e3o adequada do lixo produzido, para preserva\u00e7\u00e3o e limpeza da \u00e1gua, da faixa de areia e da natureza ao longo do trecho de acesso dessas belezas naturais locais.<\/p>\n\n\n\n<p>Todo ano, a estimativa de p\u00fablico nos atrativos tur\u00edsticos do Estado \u00e9 crescente. No \u00faltimo fim de semana, dias (16) e (17), o&nbsp;<em>Praia Consciente<\/em>&nbsp;esteve na Praia Rio Sono de Pedro Afonso, que na temporada, soma uma estimativa m\u00e9dia de p\u00fablico de at\u00e9 100 mil pessoas. A equipe tamb\u00e9m passou pela Praia da Raposa, em Tupiratins, que tem essa estimativa em torno de 30 mil pessoas. E visitou ainda, a Praia da Orla, no munic\u00edpio de Itacaj\u00e1, onde s\u00e3o esperados por temporada, uma m\u00e9dia de 15 mil turistas.<\/p>\n\n\n\n<p>As a\u00e7\u00f5es conjuntas do projeto tiveram in\u00edcio no final de semana anterior, no s\u00e1bado (9), na praia da Graciosa, em Palmas. No dia seguinte, as equipes visitaram as praias de Mirassol, Funil e Pared\u00e3o, em Miracema; e a Praia do Segredo, em Lajeado. De acordo com o projeto, nesta temporada, ser\u00e3o visitadas ainda, as praias dos munic\u00edpios de Peixe, Xambio\u00e1, Tocantin\u00f3polis, Caseara, Araguacema, Tocant\u00ednia, Araguatins, Porto Nacional e Itaguatins.<\/p>\n\n\n\n<p>A secret\u00e1ria Executiva, Karynne Sotero, considera a participa\u00e7\u00e3o do p\u00fablico, uma importante contribui\u00e7\u00e3o. \u201cCom o projeto Praia Consciente, o Tocantins busca promover a sensibiliza\u00e7\u00e3o do p\u00fablico das praias, comerciantes e condutores de embarca\u00e7\u00f5es, que o acondicionamento e destina\u00e7\u00e3o adequada do lixo produzido nestes locais \u00e9 uma importante contribui\u00e7\u00e3o, para garantia da preserva\u00e7\u00e3o dessas belezas naturais e da oportunidade de outros visitantes, da gera\u00e7\u00e3o atual e futura, desfrutar dos benef\u00edcios do meio ambiente e de praias limpas. Podemos evitar a polui\u00e7\u00e3o da \u00e1gua, a contamina\u00e7\u00e3o do solo e o impacto na natureza, causados pelo descarte inadequado dos res\u00edduos gerados, durante uma temporada de praia\u201d, afirma Karynne&nbsp; Sotero.<\/p>\n\n\n\n<p>A diretora de Educa\u00e7\u00e3o Ambiental para Sustentabilidade da Semarh, Erliette Gadotti, menciona o esfor\u00e7o do projeto, para evitar que centenas e toneladas de lixo cheguem \u00e0s praias. \u201cNo mundo inteiro, iniciativas coletam lixo nas \u00e1guas e areia das praias e registram toneladas de res\u00edduos recolhidos. No Tocantins, o Estado, munic\u00edpios e pequenos grupos da popula\u00e7\u00e3o, unem esfor\u00e7os todo ano, para retirar centenas de quilos de materiais diversos, desses locais. Em 2019, uma dessas iniciativas contabilizou 12 toneladas de lixo e identificou 10 respons\u00e1veis por restos de acampamentos e res\u00edduos deixados em cinco praias dos rios Araguaia e do Coco. O Praia Consciente busca prevenir, com orienta\u00e7\u00e3o de boas pr\u00e1ticas, que o lixo produzido nas praias, continue tendo o mesmo destino\u201d, recorda&nbsp; Erliette Gadotti.<\/p>\n\n\n\n<p>Com as f\u00e9rias escolares, o m\u00eas de julho \u00e9 considerado o per\u00edodo de alta temporada nas praias do Tocantins. Nesse intervalo ocorre um grande fluxo de visitantes nesses pontos tur\u00edsticos, que buscam descanso, divers\u00e3o, lazer, que gera emprego e renda, reunindo al\u00e9m do p\u00fablico local, turistas de outras regi\u00f5es do Estado e do pa\u00eds, nas belezas naturais das praias tocantinenses.<\/p>\n\n\n\n<p><strong>Praia Acess\u00edvel<\/strong><\/p>\n\n\n\n<p>O Praia Acess\u00edvel \u00e9 um projeto que disponibiliza Cadeiras Anf\u00edbias aos visitantes cadeirantes, para promover acessibilidade \u00e0 \u00e1gua, tamb\u00e9m \u00e9 desenvolvido junto com o Praia Consciente.<\/p>\n\n\n\n<p>Na Praia da Graciosa, o mestre de obras, Roberto Carlos Vieira, contou que veio de Goi\u00e1s para o Tocantins h\u00e1 muitos anos. Em um momento de sua vida sofreu um acidente, perdeu a mobilidade das pernas. Na cadeira flutuante, Roberto Vieira disse se sentir confort\u00e1vel, seguro e com vontade de voltar a frequentar a praia.<\/p>\n\n\n\n<p>A Semarh vai comunicar \u00e0s secretarias municipais de Meio Ambiente, a data que a cadeira flutuante estar\u00e1 dispon\u00edvel,  nas respectivas praias.<\/p>\n","protected":false},"excerpt":{"rendered":"<p>No pr\u00f3ximo final de semana ser\u00e1 a vez das praias de Caseara, Peixe e Araguacema receberem as orienta\u00e7\u00f5es do projeto, sobre destina\u00e7\u00e3o adequada do lixo produzido, para preserva\u00e7\u00e3o das belezas naturais locais Cleide Veloso\/Governo do Tocantins O projeto&nbsp;Praia Consciente&nbsp;segue, no pr\u00f3ximo final de semana, 23 e 24 de julho, para as praias dos munic\u00edpios de &hellip;<\/p>\n","protected":false},"author":5,"featured_media":2885,"comment_status":"open","ping_status":"open","sticky":false,"template":"","format":"standard","meta":{"footnotes":""},"categories":[1],"tags":[],"class_list":["post-2884","post","type-post","status-publish","format-standard","has-post-thumbnail","","category-sem-categoria"],"_links":{"self":[{"href":"https:\/\/focotocantinense.com.br\/index.php?rest_route=\/wp\/v2\/posts\/2884","targetHints":{"allow":["GET"]}}],"collection":[{"href":"https:\/\/focotocantinense.com.br\/index.php?rest_route=\/wp\/v2\/posts"}],"about":[{"href":"https:\/\/focotocantinense.com.br\/index.php?rest_route=\/wp\/v2\/types\/post"}],"author":[{"embeddable":true,"href":"https:\/\/focotocantinense.com.br\/index.php?rest_route=\/wp\/v2\/users\/5"}],"replies":[{"embeddable":true,"href":"https:\/\/focotocantinense.com.br\/index.php?rest_route=%2Fwp%2Fv2%2Fcomments&post=2884"}],"version-history":[{"count":1,"href":"https:\/\/focotocantinense.com.br\/index.php?rest_route=\/wp\/v2\/posts\/2884\/revisions"}],"predecessor-version":[{"id":2886,"href":"https:\/\/focotocantinense.com.br\/index.php?rest_route=\/wp\/v2\/posts\/2884\/revisions\/2886"}],"wp:featuredmedia":[{"embeddable":true,"href":"https:\/\/focotocantinense.com.br\/index.php?rest_route=\/wp\/v2\/media\/2885"}],"wp:attachment":[{"href":"https:\/\/focotocantinense.com.br\/index.php?rest_route=%2Fwp%2Fv2%2Fmedia&parent=2884"}],"wp:term":[{"taxonomy":"category","embeddable":true,"href":"https:\/\/focotocantinense.com.br\/index.php?rest_route=%2Fwp%2Fv2%2Fcategories&post=2884"},{"taxonomy":"post_tag","embeddable":true,"href":"https:\/\/focotocantinense.com.br\/index.php?rest_route=%2Fwp%2Fv2%2Ftags&post=2884"}],"curies":[{"name":"wp","href":"https:\/\/api.w.org\/{rel}","templated":true}]}}