{"id":2876,"date":"2022-07-20T19:24:11","date_gmt":"2022-07-20T22:24:11","guid":{"rendered":"https:\/\/focotocantinense.com.br\/?p=2876"},"modified":"2022-07-20T19:32:32","modified_gmt":"2022-07-20T22:32:32","slug":"parceiros-planejam-evento-do-dia-mundial-da-limpeza-dos-lagos-na-capital-do-tocantins","status":"publish","type":"post","link":"https:\/\/focotocantinense.com.br\/?p=2876","title":{"rendered":"Parceiros planejam evento do Dia Mundial da Limpeza dos Lagos na capital do Tocantins"},"content":{"rendered":"\n<p><em>Em setembro, o evento ser\u00e1 realizado na Praia da Graciosa, em Palmas, com&nbsp; competi\u00e7\u00e3o de canoagem ecol\u00f3gica e a\u00e7\u00f5es de sensibiliza\u00e7\u00e3o na programa\u00e7\u00e3o<\/em><\/p>\n\n\n\n<p>Cleide Veloso\/Governo do Tocantins<\/p>\n\n\n\n<p>A Secretaria de Meio Ambiente e Recursos H\u00eddricos (Semarh) e a Capitania Fluvial Tocantins-Araguaia (Marinha do Brasil) se reuniram nesta ter\u00e7a-feira, 19, para planejar o evento em alus\u00e3o ao Dia Mundial da Limpeza dos Lagos, que \u00e9 celebrado no m\u00eas de setembro. Nesse encontro, foram definidos a data, o local e confirmadas as primeiras atividades que far\u00e3o parte da programa\u00e7\u00e3o.<\/p>\n\n\n\n<p>A diretora de Educa\u00e7\u00e3o Ambiental para Sustentabilidade da Semarh, Erliette Gadotti, adianta que, para combinar o dia de celebra\u00e7\u00e3o, com o lazer do final de semana na praia e no Lago de Palmas; neste ano, o evento ser\u00e1 realizado no s\u00e1bado (17) de setembro, na Praia da Graciosa, em Palmas. J\u00e1 est\u00e3o confirmadas, na programa\u00e7\u00e3o, a abertura do evento ser\u00e1 no espa\u00e7o pr\u00f3ximo a pra\u00e7a de alimenta\u00e7\u00e3o; teremos atividades esportivas, como a competi\u00e7\u00e3o de canoagem ecol\u00f3gica, caiaques e stand up sair\u00e3o da base da Marinha at\u00e9 a praia, onde ter\u00e1 tamb\u00e9m a competi\u00e7\u00e3o de nata\u00e7\u00e3o e a\u00e7\u00f5es de sensibiliza\u00e7\u00e3o ser\u00e3o realizadas junto ao p\u00fablico, em toda a extens\u00e3o do atrativo.<\/p>\n\n\n\n<p>Segundo a diretora, a ideia inicial foi discutida, mas existem muitas outras atividades, que podem surgir e ser inclu\u00eddas. \u201cNo Dia Mundial da Limpeza, a tem\u00e1tica da edi\u00e7\u00e3o pode ser voltada tanto para a \u00e1rea urbana, como para o meio ambiente. A mobiliza\u00e7\u00e3o de institui\u00e7\u00f5es e da popula\u00e7\u00e3o pode ser direcionada para a\u00e7\u00f5es em casa, em espa\u00e7os p\u00fablicos, pra\u00e7as, parques, nos atrativos e recursos naturais caracter\u00edsticos do bioma de cada local. N\u00f3s temos 139 munic\u00edpios no Estado e s\u00e3o in\u00fameras as alternativas, que volunt\u00e1rios podem se propor a mobilizar, para contribuir com a programa\u00e7\u00e3o deste dia\u201d, afirma Erliette Gadotti.<\/p>\n\n\n\n<p>A secret\u00e1ria Executiva da Semarh, Karynne Sotero, reiterou. \u201cCentenas de pa\u00edses adotam iniciativas em alus\u00e3o a essa data, por exemplo, a coleta de toneladas de lixo, recolhidos na faixa de areia das praias, na \u00e1gua de lagos e rios ou de res\u00edduos que foram descartados de forma indevida, em \u00e1rea de vegeta\u00e7\u00e3o, acondicionados em propriedades particulares ou dispensados em espa\u00e7os p\u00fablicos urbanos. Toda iniciativa que contribui com a limpeza desses locais e promove a destina\u00e7\u00e3o correta do lixo \u00e9 v\u00e1lida. Mas ao longo dos anos temos percebido a necessidade da mudan\u00e7a de comportamento, a substitui\u00e7\u00e3o de h\u00e1bitos que podem ter rela\u00e7\u00e3o com quest\u00f5es culturais e a sensibiliza\u00e7\u00e3o atrav\u00e9s da educa\u00e7\u00e3o ambiental \u00e9 uma etapa importante desse processo de aprendizagem e ado\u00e7\u00e3o de boas pr\u00e1ticas\u201d, conclui Karynne Sotero.<\/p>\n\n\n\n<p>A Semarh vai levar o di\u00e1logo de conscientiza\u00e7\u00e3o sobre a limpeza dos rios para o p\u00fablico presente, com um bate-papo descontra\u00eddo. O plano de a\u00e7\u00e3o segue para a fase de defini\u00e7\u00f5es estrat\u00e9gicas e preparos para a programa\u00e7\u00e3o. A organiza\u00e7\u00e3o vai considerar a capacidade da estrutura dispon\u00edvel, de pessoal e de servi\u00e7os de suporte, o fluxo de pessoas, embarca\u00e7\u00f5es e hor\u00e1rio das atividades, para o conforto e seguran\u00e7a de todos, durante o evento.<\/p>\n\n\n\n<p><strong>Modalidades de limpeza<\/strong><\/p>\n\n\n\n<p>Cada pessoa ou grupo volunt\u00e1rio pode escolher uma op\u00e7\u00e3o de limpeza, para colocar em pr\u00e1tica. Existem alternativas que podem ser adotadas no dia a dia, como a limpeza digital, a limpeza solid\u00e1ria, a limpeza ambiental e a limpeza mental.<\/p>\n\n\n\n<p>Limpeza digital: pode ser realizada no&nbsp;smartphone, computador e caixa de e-mails, com exclus\u00e3o de aplicativos sem uso, revis\u00e3o de fotos, v\u00eddeos e arquivos, que n\u00e3o s\u00e3o mais necess\u00e1rios, est\u00e3o duplicados e ocupam espa\u00e7o; bem como o cancelamento de cadastros de correspond\u00eancias eletr\u00f4nicas que n\u00e3o s\u00e3o abertas e n\u00e3o s\u00e3o acompanhadas.<\/p>\n\n\n\n<p>Limpeza solid\u00e1ria: com o aproveitamento do dia para reorganizar a casa, separar o que n\u00e3o tem mais serventia, mas est\u00e1 em bom estado e realizar a entrega para doa\u00e7\u00e3o. Itens como roupas, m\u00f3veis, objetos, cal\u00e7ados, brinquedos, entre outros.<\/p>\n\n\n\n<p>Limpeza ambiental: pode ser feita com a revis\u00e3o da casa e quintal, separa\u00e7\u00e3o e descarte adequado dos res\u00edduos de materiais, poda de \u00e1rvores, restos de constru\u00e7\u00e3o, ferramentas e recipientes inutilizados, sem possibilidade ou inten\u00e7\u00e3o de reaproveitamento ou reciclagem, daqueles que necessitam de log\u00edstica reversa ou servi\u00e7o de coleta espec\u00edfica.<\/p>\n\n\n\n<p>Limpeza mental: esse tipo de limpeza necessita reservar um tempo para pr\u00e1tica de atividades que contribuam com o bem estar mental, como atividades f\u00edsicas, leitura, organiza\u00e7\u00e3o e limpeza do ambiente.<\/p>\n\n\n\n<p><strong>Dia Mundial da Limpeza<\/strong><\/p>\n\n\n\n<p>Em 2021, cerca de 50 milh\u00f5es de volunt\u00e1rios foram cadastrados, para mobilizar as a\u00e7\u00f5es de limpeza, em mais de 180 pa\u00edses. Al\u00e9m de fazer a diferen\u00e7a nos locais, os mutir\u00f5es chamam a aten\u00e7\u00e3o, incentivam a reflex\u00e3o e mudan\u00e7a de pr\u00e1ticas cotidianas.<\/p>\n\n\n\n<p>A primeira celebra\u00e7\u00e3o mundial do Dia da Limpeza aconteceu em 2018, com mais de 17 milh\u00f5es de volunt\u00e1rios, em 157 pa\u00edses, para atua\u00e7\u00e3o nos espa\u00e7os p\u00fablicos, como ruas, pra\u00e7as, parques, praias e mangues. Mas o Dia Mundial da Limpeza surgiu em 2008, na Est\u00f4nia, que era coberta por florestas, mas em todo lugar havia descarte de lixo e entulho. Dados do&nbsp;<em>World Cleanup Day<\/em>, apontam que 50 mil volunt\u00e1rios conclu\u00edram a limpeza do pa\u00eds, em cinco horas. Essa iniciativa se tornou inspira\u00e7\u00e3o, para uma s\u00e9rie de eventos, em outros pa\u00edses europeus; tendo alcan\u00e7ado, em 2012, mais de 30 pa\u00edses.<\/p>\n\n\n\n<p>Com informa\u00e7\u00f5es coletadas pelos volunt\u00e1rios, a organiza\u00e7\u00e3o&nbsp;<em>The Ocean Conservancy<\/em>, faz o mapeamento dos res\u00edduos mais perigosos, encontrados no mar e busca alternativas para evitar a reincid\u00eancia; os volunt\u00e1rios se tornam mais conscientes das escolhas de consumo e o impacto que elas podem ter sobre o meio ambiente. Dados da ONG registram que, em 2013, os cinco tipos de res\u00edduos mais encontrados nos Estados Unidos foram sobras de cigarro, embalagens de alimentos, garrafas PET, sacolas pl\u00e1sticas e  tampas de garrafas.<\/p>\n\n\n\n<div class=\"wp-block-columns is-layout-flex wp-container-core-columns-is-layout-9d6595d7 wp-block-columns-is-layout-flex\"><\/div>\n\n\n\n<p>www.focotocantinense.com.br <\/p>\n","protected":false},"excerpt":{"rendered":"<p>Em setembro, o evento ser\u00e1 realizado na Praia da Graciosa, em Palmas, com&nbsp; competi\u00e7\u00e3o de canoagem ecol\u00f3gica e a\u00e7\u00f5es de sensibiliza\u00e7\u00e3o na programa\u00e7\u00e3o Cleide Veloso\/Governo do Tocantins A Secretaria de Meio Ambiente e Recursos H\u00eddricos (Semarh) e a Capitania Fluvial Tocantins-Araguaia (Marinha do Brasil) se reuniram nesta ter\u00e7a-feira, 19, para planejar o evento em alus\u00e3o &hellip;<\/p>\n","protected":false},"author":5,"featured_media":2879,"comment_status":"open","ping_status":"open","sticky":false,"template":"","format":"standard","meta":{"footnotes":""},"categories":[1],"tags":[],"class_list":["post-2876","post","type-post","status-publish","format-standard","has-post-thumbnail","","category-sem-categoria"],"_links":{"self":[{"href":"https:\/\/focotocantinense.com.br\/index.php?rest_route=\/wp\/v2\/posts\/2876","targetHints":{"allow":["GET"]}}],"collection":[{"href":"https:\/\/focotocantinense.com.br\/index.php?rest_route=\/wp\/v2\/posts"}],"about":[{"href":"https:\/\/focotocantinense.com.br\/index.php?rest_route=\/wp\/v2\/types\/post"}],"author":[{"embeddable":true,"href":"https:\/\/focotocantinense.com.br\/index.php?rest_route=\/wp\/v2\/users\/5"}],"replies":[{"embeddable":true,"href":"https:\/\/focotocantinense.com.br\/index.php?rest_route=%2Fwp%2Fv2%2Fcomments&post=2876"}],"version-history":[{"count":2,"href":"https:\/\/focotocantinense.com.br\/index.php?rest_route=\/wp\/v2\/posts\/2876\/revisions"}],"predecessor-version":[{"id":2881,"href":"https:\/\/focotocantinense.com.br\/index.php?rest_route=\/wp\/v2\/posts\/2876\/revisions\/2881"}],"wp:featuredmedia":[{"embeddable":true,"href":"https:\/\/focotocantinense.com.br\/index.php?rest_route=\/wp\/v2\/media\/2879"}],"wp:attachment":[{"href":"https:\/\/focotocantinense.com.br\/index.php?rest_route=%2Fwp%2Fv2%2Fmedia&parent=2876"}],"wp:term":[{"taxonomy":"category","embeddable":true,"href":"https:\/\/focotocantinense.com.br\/index.php?rest_route=%2Fwp%2Fv2%2Fcategories&post=2876"},{"taxonomy":"post_tag","embeddable":true,"href":"https:\/\/focotocantinense.com.br\/index.php?rest_route=%2Fwp%2Fv2%2Ftags&post=2876"}],"curies":[{"name":"wp","href":"https:\/\/api.w.org\/{rel}","templated":true}]}}