{"id":2870,"date":"2022-07-20T16:03:07","date_gmt":"2022-07-20T19:03:07","guid":{"rendered":"https:\/\/focotocantinense.com.br\/?p=2870"},"modified":"2022-07-20T16:03:44","modified_gmt":"2022-07-20T19:03:44","slug":"tocantinia-tem-representante-no-maior-encontro-educacional-do-sul-do-brasil","status":"publish","type":"post","link":"https:\/\/focotocantinense.com.br\/?p=2870","title":{"rendered":"Tocant\u00ednia tem representante no maior encontro educacional do sul do Brasil"},"content":{"rendered":"\n<p><strong>Por Leontina Martins<\/strong><\/p>\n\n\n\n<p>Desde a ter\u00e7a-feira, dia 19 o secret\u00e1rio de Educa\u00e7\u00e3o de Tocant\u00ednia, professor Andr\u00e9 Goveia est\u00e1 representando o seu munic\u00edpio no maior Encontro Educacional do Sul do Pa\u00eds, na bela cidade de Gramado, no Rio Grande do Sul. O evento vai at\u00e9 essa quinta-feira, dia 21, tem como tema Educa\u00e7\u00e3o Disruptiva: Pilares de uma Escola que Acolhe, Supera, Inova e Transforma.<\/p>\n\n\n\n<p>De acordo com o professor Andr\u00e9 Goveia, a inten\u00e7\u00e3o do encontro \u00e9 promover o amplo debate sobre o papel da educa\u00e7\u00e3o na transforma\u00e7\u00e3o da sociedade, principalmente em fun\u00e7\u00e3o do cen\u00e1rio da crise pand\u00eamica que afeta a econ\u00f4mica e traz desigualdades sociais e educacionais.<\/p>\n\n\n\n<p>\u201cCom o prolongado tempo pand\u00eamico, diversos pa\u00edses passam a adotar a Educa\u00e7\u00e3o Disruptiva como forma de transformar o processo de ensino aprendizagem\u201d, explica o secret\u00e1rio.<\/p>\n\n\n\n<p><strong>Protagonistas na aprendizagem<\/strong><\/p>\n\n\n\n<p>Diferentemente do m\u00e9todo tradicional de ensino, a Educa\u00e7\u00e3o Disruptiva, amparada pelo ensino h\u00edbrido, os estudantes passam a ser protagonistas na aprendizagem e os professores tornam-se mentores para acompanhar o desenvolvimento mental de cada aluno.<\/p>\n\n\n\n<p>\u201cEstamos participando desse importante evento da \u00e1rea da Educa\u00e7\u00e3o para captar novas metodologias que nos permitam dinamizar ainda mais as t\u00e9cnicas de ensino aprendizagem na Rede Municipal de Educa\u00e7\u00e3o de Tocant\u00ednia\u201d, ressaltou o secret\u00e1rio Andr\u00e9 Goveia.<\/p>\n\n\n\n<p><strong>Mais apoio aos alunos<\/strong><br>Finalizando, Andr\u00e9 Goveia explicou que durante esse per\u00edodo de pandemia as desigualdades educacionais ampliaram-se por todo o pa\u00eds, de tal forma que agora todos os atores comprometidos com Educa\u00e7\u00e3o precisam construir itiner\u00e1rios formativos evolutivos na busca de apoiar os alunos na aprendizagem.<\/p>\n\n\n\n<figure class=\"wp-block-image\"><img decoding=\"async\" src=\"http:\/\/n1to.com.br\/img\/uploads\/BBB_15.jpg\" alt=\"\"\/><\/figure>\n\n\n\n<figure class=\"wp-block-image size-large\"><img loading=\"lazy\" decoding=\"async\" width=\"1024\" height=\"576\" src=\"https:\/\/focotocantinense.com.br\/wp-content\/uploads\/2022\/07\/AAAA-5-1024x576.jpg\" alt=\"\" class=\"wp-image-2873\" srcset=\"https:\/\/focotocantinense.com.br\/wp-content\/uploads\/2022\/07\/AAAA-5-1024x576.jpg 1024w, https:\/\/focotocantinense.com.br\/wp-content\/uploads\/2022\/07\/AAAA-5-300x169.jpg 300w, https:\/\/focotocantinense.com.br\/wp-content\/uploads\/2022\/07\/AAAA-5-768x432.jpg 768w, https:\/\/focotocantinense.com.br\/wp-content\/uploads\/2022\/07\/AAAA-5-1536x864.jpg 1536w, https:\/\/focotocantinense.com.br\/wp-content\/uploads\/2022\/07\/AAAA-5.jpg 1600w\" sizes=\"auto, (max-width: 1024px) 100vw, 1024px\" \/><\/figure>\n","protected":false},"excerpt":{"rendered":"<p>Por Leontina Martins Desde a ter\u00e7a-feira, dia 19 o secret\u00e1rio de Educa\u00e7\u00e3o de Tocant\u00ednia, professor Andr\u00e9 Goveia est\u00e1 representando o seu munic\u00edpio no maior Encontro Educacional do Sul do Pa\u00eds, na bela cidade de Gramado, no Rio Grande do Sul. O evento vai at\u00e9 essa quinta-feira, dia 21, tem como tema Educa\u00e7\u00e3o Disruptiva: Pilares de &hellip;<\/p>\n","protected":false},"author":5,"featured_media":2871,"comment_status":"open","ping_status":"open","sticky":false,"template":"","format":"standard","meta":{"footnotes":""},"categories":[78,91],"tags":[],"class_list":["post-2870","post","type-post","status-publish","format-standard","has-post-thumbnail","","category-tocantinia","category-zacarias-martins"],"_links":{"self":[{"href":"https:\/\/focotocantinense.com.br\/index.php?rest_route=\/wp\/v2\/posts\/2870","targetHints":{"allow":["GET"]}}],"collection":[{"href":"https:\/\/focotocantinense.com.br\/index.php?rest_route=\/wp\/v2\/posts"}],"about":[{"href":"https:\/\/focotocantinense.com.br\/index.php?rest_route=\/wp\/v2\/types\/post"}],"author":[{"embeddable":true,"href":"https:\/\/focotocantinense.com.br\/index.php?rest_route=\/wp\/v2\/users\/5"}],"replies":[{"embeddable":true,"href":"https:\/\/focotocantinense.com.br\/index.php?rest_route=%2Fwp%2Fv2%2Fcomments&post=2870"}],"version-history":[{"count":2,"href":"https:\/\/focotocantinense.com.br\/index.php?rest_route=\/wp\/v2\/posts\/2870\/revisions"}],"predecessor-version":[{"id":2874,"href":"https:\/\/focotocantinense.com.br\/index.php?rest_route=\/wp\/v2\/posts\/2870\/revisions\/2874"}],"wp:featuredmedia":[{"embeddable":true,"href":"https:\/\/focotocantinense.com.br\/index.php?rest_route=\/wp\/v2\/media\/2871"}],"wp:attachment":[{"href":"https:\/\/focotocantinense.com.br\/index.php?rest_route=%2Fwp%2Fv2%2Fmedia&parent=2870"}],"wp:term":[{"taxonomy":"category","embeddable":true,"href":"https:\/\/focotocantinense.com.br\/index.php?rest_route=%2Fwp%2Fv2%2Fcategories&post=2870"},{"taxonomy":"post_tag","embeddable":true,"href":"https:\/\/focotocantinense.com.br\/index.php?rest_route=%2Fwp%2Fv2%2Ftags&post=2870"}],"curies":[{"name":"wp","href":"https:\/\/api.w.org\/{rel}","templated":true}]}}