{"id":2866,"date":"2022-07-20T12:10:03","date_gmt":"2022-07-20T15:10:03","guid":{"rendered":"https:\/\/focotocantinense.com.br\/?p=2866"},"modified":"2022-07-20T12:10:04","modified_gmt":"2022-07-20T15:10:04","slug":"bico-do-papagaio-com-auxilio-do-estado-do-tocantins-municipios-se-estruturam-para-receber-turistas","status":"publish","type":"post","link":"https:\/\/focotocantinense.com.br\/?p=2866","title":{"rendered":"Bico do Papagaio: com aux\u00edlio do Estado do Tocantins, munic\u00edpios se estruturam para receber turistas"},"content":{"rendered":"\n<p><em>Temporada de praia movimenta extremo norte do Tocantins; munic\u00edpios recebem investimentos a fim de oferecer comodidade e lazer a turistas e tocantinenses<\/em><\/p>\n\n\n\n<p><em>Kaio Costa e Guilherme Lima\/Estado do Tocantins<\/em><\/p>\n\n\n\n<p>Com programas de incentivo \u00e0 estrutura\u00e7\u00e3o f\u00edsica dos munic\u00edpios, em especial aqueles que tem aumento&nbsp;do fluxo de pessoas devido \u00e0 temporada de praias, o Estado do Tocantins disponibilizou mais de R$ 1,1 milh\u00e3o de investimentos para as cidades da regi\u00e3o do Bico do Papagaio.<\/p>\n\n\n\n<p>O intuito dos repasses \u00e9 auxiliar os munic\u00edpios na infraestrutura das praias e eventos culturais, como \u00e9 o caso da Exposi\u00e7\u00e3o Agropecu\u00e1ria (Expoara), que ocorre neste m\u00eas de julho em Augustin\u00f3polis, al\u00e9m de fortalecer a caracter\u00edstica municipalista do Estado do Tocantins.<\/p>\n\n\n\n<p>O Programa de Fortalecimento da Economia e Gera\u00e7\u00e3o de Emprego, al\u00e9m das verbas destinadas exclusivamente para a estrutura\u00e7\u00e3o f\u00edsica dos munic\u00edpios, visando a temporada de praias e eventos culturais, tamb\u00e9m destina R$ 2 milh\u00f5es a cada munic\u00edpio do Tocantins para revitaliza\u00e7\u00e3o de vias municipais. Os recursos do Programa de Fortalecimento tamb\u00e9m est\u00e3o sendo investidos pelos gestores municipais em a\u00e7\u00f5es de infraestrutura que preparam a cidade para a temporada de praia e movimentam a economia das cidades e da regi\u00e3o.<\/p>\n\n\n\n<p><strong>Mauril\u00e2ndia<\/strong><\/p>\n\n\n\n<p>Mauril\u00e2ndia, cuja Praia do Pombal n\u00e3o tinha tanta visibilidade, p\u00f4de contar com estes repasses. Segundo o secret\u00e1rio de Infraestrutura do munic\u00edpio, Genivaldo Cavalcante, a cidade passou praticamente um ano sem receber obras. Os R$ 2 milh\u00f5es recebidos pelo Programa de Fortalecimento da Economia e Gera\u00e7\u00e3o de Emprego ser\u00e3o totalmente investidos na pavimenta\u00e7\u00e3o de bairros importantes da cidade. \u201cS\u00e3o aproximadamente 10 ruas asfaltadas, todas no bairro Vila S\u00e3o Crist\u00f3v\u00e3o\u201d, enfatizou.<\/p>\n\n\n\n<p>Com a pavimenta\u00e7\u00e3o dividida em tr\u00eas etapas, o munic\u00edpio j\u00e1 est\u00e1 na fase de presta\u00e7\u00e3o de contas da primeira etapa, aguardando o segundo repasse para dar continuidade \u00e0s obras. O terceiro repasse ser\u00e1 utilizado para a finaliza\u00e7\u00e3o e sinaliza\u00e7\u00e3o das novas vias asfaltadas, com meio fio, cal\u00e7adas, placas, entre outros.<\/p>\n\n\n\n<p>A dona de casa Brenda Cardoso, de 18 anos, se mudou para o bairro Vila S\u00e3o Crist\u00f3v\u00e3o h\u00e1 tr\u00eas meses e afirma que a rua em que mora estava quase intransit\u00e1vel devido ao mato. Depois que o asfalto chegou em sua porta, ela \u00e9 s\u00f3 elogios. Rec\u00e9m-casada com Marcos da Silva Ara\u00fajo, de 22 anos, ela \u00e9 natural de Imperatriz, no Maranh\u00e3o. Para Brenda, a chegada do asfalto foi um avan\u00e7o para os moradores do bairro. \u201cTrouxe muitas melhorias, principalmente no acesso \u00e0 nossa casa e no tr\u00e2nsito para ir ao trabalho\u201d, afirma a dona de casa.<\/p>\n\n\n\n<p><strong>Praia do Pombal<\/strong><\/p>\n\n\n\n<p>O munic\u00edpio de&nbsp;Mauril\u00e2ndia&nbsp;tamb\u00e9m recebeu R$ 120 mil para as praias. O secret\u00e1rio Genivaldo Cavalcante conta que a cidade pleiteou a verba estadual de <em>\u00faltima hora<\/em> e que esse valor ajudou a aumentar a estrutura da Praia do Pombal, proporcionando mais comodidade e conforto para os visitantes e trabalhadores. Foram registrados oito barraqueiros e cinco barqueiros, que realizam a travessia. A praia p\u00f4de contar, tamb\u00e9m, com um gerador de energia mais potente, possibilitando a constru\u00e7\u00e3o de um palco maior, elevando a experi\u00eancia de praia do munic\u00edpio a todos aqueles que visitarem Mauril\u00e2ndia.<\/p>\n\n\n\n<p><strong>Araguatins<\/strong><\/p>\n\n\n\n<p>J\u00e1 a prefeitura de Araguatins dividiu a verba do Programa de Fortalecimento da Economia e Gera\u00e7\u00e3o de Emprego para duas obras essenciais: R$ 500 mil foram destinados para a reforma da Feira Municipal e os R$ 1,5 milh\u00e3o restantes foram utilizados para a pavimenta\u00e7\u00e3o da Vila Madalena que, segundo o prefeito Aquiles da Areia, estava em <em>situa\u00e7\u00e3o de calamidade, abandono e isolamento<\/em>. O gestor estima que as obras finalizem em at\u00e9 dois meses.<\/p>\n\n\n\n<p>\u201cAraguatins tem 150 anos de emancipa\u00e7\u00e3o pol\u00edtica, uma das melhores estruturas de praia no Bico do Papagaio, e ainda assim t\u00ednhamos v\u00e1rios gargalos na cidade. Com esses repasses, conseguimos trazer conforto n\u00e3o s\u00f3 para os araguatinenses, mas para os v\u00e1rios turistas que frequentam nossa cidade\u201d, enfatizou Aquiles da Areia.&nbsp;<\/p>\n\n\n\n<p>Moradora da Vila Madalena h\u00e1 quatro anos, a dona de casa Elza Borges lembra que, antes das obras de pavimenta\u00e7\u00e3o no bairro, era praticamente imposs\u00edvel transitar pelas ruas, sobretudo em \u00e9poca de chuva. &#8220;Era uma situa\u00e7\u00e3o de isolamento total. Essas obras j\u00e1 est\u00e3o trazendo muitos benef\u00edcios pra gente\u201d, contou Elza, que \u00e9 natural de Araguatins.<\/p>\n\n\n\n<p><strong>Praia da Ponta<\/strong><\/p>\n\n\n\n<p>A empreendedora Dalva Pereira Machado monta e abre sua barraca na Praia da Ponta h\u00e1 20 anos. Com o neg\u00f3cio, a comerciante conseguiu criar duas filhas. Ao lado do esposo Edmilson Rodrigues, ela tamb\u00e9m mant\u00e9m um bar no centro de Araguatins e est\u00e1 em todos os eventos realizados no munic\u00edpio, mas destaca sua prefer\u00eancia.<\/p>\n\n\n\n<p>\u201cNada se compara \u00e0 praia. Gosto muito de trabalhar aqui! Sinto um ambiente seguro, al\u00e9m de lindo\u201d, afirma Dalva Pereira Machado.<\/p>\n\n\n\n<p>Para a professora N\u00e1dia Paix\u00e3o, a divers\u00e3o fica completa quando se est\u00e1 com a fam\u00edlia.&nbsp; Araguatinense, N\u00e1dia estava com as filhas Nicolly, 17, Najela, 15 e Nathielly, 14, aproveitando o lazer e a descontra\u00e7\u00e3o da Praia da Ponta. \u201cEste \u00e9 o melhor momento da cidade, porque re\u00fane amigos e fam\u00edlia\u201d, ressaltou.<\/p>\n\n\n\n<p><strong>Tocantin\u00f3polis<\/strong><\/p>\n\n\n\n<p>As verbas do Programa de Fortalecimento em Tocantin\u00f3polis est\u00e3o sendo destinadas para a pavimenta\u00e7\u00e3o asf\u00e1ltica entre o Povoado Pedro Izaias at\u00e9 o Povoado Chapadinha. As obras, que ainda est\u00e3o em fase inicial, contemplar\u00e3o uma extens\u00e3o de 3,2 km da via e atender\u00e3o toda uma popula\u00e7\u00e3o que, atualmente, encontra-se isolada do centro da cidade. As informa\u00e7\u00f5es s\u00e3o do secret\u00e1rio de Obras, Transporte e Infraestrutura do munic\u00edpio, T\u00e1ssio Carvalho Canj\u00e3o.<\/p>\n\n\n\n<p><strong>Praia da Santa<\/strong><\/p>\n\n\n\n<p>A Praia da Santa, em Tocantin\u00f3polis, recebeu verbas do Estado do Tocantins na ordem de R$ 100 mil para sua melhor estrutura\u00e7\u00e3o e contrata\u00e7\u00e3o de atra\u00e7\u00f5es culturais para receber melhor os mais de 5 mil visitantes esperados para esta temporada de 2022.<\/p>\n\n\n\n<p>O secret\u00e1rio T\u00e1ssio Canj\u00e3o explicou que o valor foi aplicado na constru\u00e7\u00e3o de 16 barracas, na estrutura\u00e7\u00e3o f\u00edsica para melhorar o acesso de barqueiros respons\u00e1veis pela travessia, al\u00e9m de atra\u00e7\u00f5es culturais que acontecem tanto na praia em si, quanto na orla do munic\u00edpio.<\/p>\n\n\n\n<p>A beleza do rio Tocantins tamb\u00e9m \u00e9 cen\u00e1rio de grandes hist\u00f3rias de amor, como a do casal Valdomiro Dall Agnol, de 78 anos, e Doris Marina Dall Agnol, 72. Ele \u00e9 ga\u00facho, da cidade de Lagoa Vermelha, e ela tocantinense, de Tocantin\u00f3polis. Eles se conheceram em Goi\u00e2nia e, em menos de 15 dias, j\u00e1 se casaram e est\u00e3o juntos at\u00e9 hoje, celebrando 40 anos de casados. Durante esses anos de casamento, sempre que podem v\u00e3o para a Praia da Santa, tanto \u00e9 que j\u00e1 compraram uma resid\u00eancia no munic\u00edpio.<\/p>\n\n\n\n<p>\u201cViajamos pelo mundo todo, mas o m\u00eas de junho tem que ser aqui, n\u00e3o adianta,\u201d afirma Valdomiro&nbsp;Dall Agnol. Para Doris&nbsp;Marina, o local \u00e9 de reencontro, momento em que eles voltam a ser namorados e refor\u00e7am o amor, al\u00e9m de ser um momento perfeito para rever amigos e fam\u00edlia. \u201cVir para c\u00e1 em julho \u00e9 sagrado! N\u00e3o troco aqui por nada\u201d, enfatizou emocionada.<\/p>\n\n\n\n<p><strong>Ilha do Amor, em S\u00e3o Sebasti\u00e3o<\/strong><\/p>\n\n\n\n<p>J\u00e1 S\u00e3o Sebasti\u00e3o, munic\u00edpio a 665 km de Palmas no extremo norte do Estado, recebeu R$ 150 mil para a realiza\u00e7\u00e3o da temporada de praia, investidos na Ilha do Amor. A verba foi destinada para a montagem da estrutura da praia e a contrata\u00e7\u00e3o de atra\u00e7\u00f5es musicais. O local j\u00e1 est\u00e1 com a estrutura montada. A programa\u00e7\u00e3o da temporada de praia foi iniciada no dia 10 de junho, prosseguindo at\u00e9 o dia 07 de agosto.<\/p>\n\n\n\n<p>A cidade tamb\u00e9m recebeu recursos do Programa de Fortalecimento e destinou a verba para a recupera\u00e7\u00e3o e constru\u00e7\u00e3o da orla da cidade. O prefeito da cidade, Adriano Rodrigues, conta que esta obra \u00e9 de grande import\u00e2ncia para o fomento do turismo de S\u00e3o Sebasti\u00e3o.<\/p>\n\n\n\n<p>\u201c\u00c9 uma obra muito importante, o munic\u00edpio fica localizado \u00e0s margens do Rio Tocantins, com muito potencial tur\u00edstico. Esse investimento do Estado do Tocantins \u00e9 fundamental para que possamos colocar em pr\u00e1tica o projeto de desenvolvimento urbano e tur\u00edstico\u201d, afirma o gestor.<\/p>\n\n\n\n<p>De acordo com o prefeito Adriano Rodrigues, essa obra beneficia al\u00e9m dos turistas e visitantes, os moradores da cidade e a col\u00f4nia de pescadores do munic\u00edpio. A obra de recupera\u00e7\u00e3o e constru\u00e7\u00e3o da orla de S\u00e3o Sebasti\u00e3o fortalece a economia do munic\u00edpio por facilitar o acesso ao Rio Tocantins, al\u00e9m da valoriza\u00e7\u00e3o da \u00e1rea urbana.<\/p>\n\n\n\n<p><strong>Ilha Cabral, em Aguiarn\u00f3polis<\/strong><\/p>\n\n\n\n<p>Vizinha de Tocantin\u00f3polis, Aguiarn\u00f3polis tamb\u00e9m recebeu recursos do Estado do Tocantins para a realiza\u00e7\u00e3o da temporada da praia. O valor de R$ 100 mil foi destinado para contrata\u00e7\u00e3o de atra\u00e7\u00f5es musicais, refor\u00e7o da seguran\u00e7a e licenciamento ambiental da Ilha Cabral, lugar onde o evento ser\u00e1 realizado.<\/p>\n\n\n\n<p>A temporada de praia em Aguiarn\u00f3polis \u00e9 realizada juntamente com a prefeitura de Estreito, no Maranh\u00e3o. Ficou acordado entre as gest\u00f5es que o Estado vizinho seria respons\u00e1vel pela estrutura da praia, como montagem de palco e infraestrutura de barracas, cabendo ao Estado do Tocantins atuar no refor\u00e7o policial e na programa\u00e7\u00e3o cultural.<\/p>\n\n\n\n<p>A gest\u00e3o municipal de Aguiarn\u00f3polis est\u00e1 atuando na seguran\u00e7a e policiamento com mais oito policiais militares. Para movimentar a praia e os dias de lazer dos visitantes, foram contratadas as atra\u00e7\u00f5es nacionais Mariana Fagundes e Biu do Piseiro. A temporada de praia no munic\u00edpio iniciou em 10 de julho e prosseguir\u00e1 at\u00e9 14 de agosto.<\/p>\n\n\n\n<p>Em rela\u00e7\u00e3o \u00e0 verba repassada pelo Programa de Fortalecimento da Economia e Gera\u00e7\u00e3o de Emprego, a prefeitura de Aguiarn\u00f3polis destinou os valores para a pavimenta\u00e7\u00e3o em TSD de cinco ruas do setor Jardim Cabral.<\/p>\n\n\n\n<p>\u201cEsta \u00e9 uma a\u00e7\u00e3o que beneficia n\u00e3o s\u00f3 Aguiarn\u00f3polis, mas toda a regi\u00e3o Norte do Estado. Investimos em estrutura para os turistas, al\u00e9m de cuidar da infraestrutura da nossa cidade.&nbsp;Sem esse apoio, a prefeitura n\u00e3o teria condi\u00e7\u00f5es de fazer\u201d, enfatiza o prefeito de Aguiarn\u00f3polis, Wanderly dos Santos.<\/p>\n","protected":false},"excerpt":{"rendered":"<p>Temporada de praia movimenta extremo norte do Tocantins; munic\u00edpios recebem investimentos a fim de oferecer comodidade e lazer a turistas e tocantinenses Kaio Costa e Guilherme Lima\/Estado do Tocantins Com programas de incentivo \u00e0 estrutura\u00e7\u00e3o f\u00edsica dos munic\u00edpios, em especial aqueles que tem aumento&nbsp;do fluxo de pessoas devido \u00e0 temporada de praias, o Estado do &hellip;<\/p>\n","protected":false},"author":1,"featured_media":2868,"comment_status":"open","ping_status":"open","sticky":false,"template":"","format":"standard","meta":{"footnotes":""},"categories":[39,1],"tags":[],"class_list":["post-2866","post","type-post","status-publish","format-standard","has-post-thumbnail","","category-estado","category-sem-categoria"],"_links":{"self":[{"href":"https:\/\/focotocantinense.com.br\/index.php?rest_route=\/wp\/v2\/posts\/2866","targetHints":{"allow":["GET"]}}],"collection":[{"href":"https:\/\/focotocantinense.com.br\/index.php?rest_route=\/wp\/v2\/posts"}],"about":[{"href":"https:\/\/focotocantinense.com.br\/index.php?rest_route=\/wp\/v2\/types\/post"}],"author":[{"embeddable":true,"href":"https:\/\/focotocantinense.com.br\/index.php?rest_route=\/wp\/v2\/users\/1"}],"replies":[{"embeddable":true,"href":"https:\/\/focotocantinense.com.br\/index.php?rest_route=%2Fwp%2Fv2%2Fcomments&post=2866"}],"version-history":[{"count":1,"href":"https:\/\/focotocantinense.com.br\/index.php?rest_route=\/wp\/v2\/posts\/2866\/revisions"}],"predecessor-version":[{"id":2869,"href":"https:\/\/focotocantinense.com.br\/index.php?rest_route=\/wp\/v2\/posts\/2866\/revisions\/2869"}],"wp:featuredmedia":[{"embeddable":true,"href":"https:\/\/focotocantinense.com.br\/index.php?rest_route=\/wp\/v2\/media\/2868"}],"wp:attachment":[{"href":"https:\/\/focotocantinense.com.br\/index.php?rest_route=%2Fwp%2Fv2%2Fmedia&parent=2866"}],"wp:term":[{"taxonomy":"category","embeddable":true,"href":"https:\/\/focotocantinense.com.br\/index.php?rest_route=%2Fwp%2Fv2%2Fcategories&post=2866"},{"taxonomy":"post_tag","embeddable":true,"href":"https:\/\/focotocantinense.com.br\/index.php?rest_route=%2Fwp%2Fv2%2Ftags&post=2866"}],"curies":[{"name":"wp","href":"https:\/\/api.w.org\/{rel}","templated":true}]}}