{"id":2862,"date":"2022-07-19T18:18:33","date_gmt":"2022-07-19T21:18:33","guid":{"rendered":"https:\/\/focotocantinense.com.br\/?p=2862"},"modified":"2022-07-19T18:18:35","modified_gmt":"2022-07-19T21:18:35","slug":"wanderlei-barbosa-comemora-reducao-da-base-de-calculo-do-icms-do-gado","status":"publish","type":"post","link":"https:\/\/focotocantinense.com.br\/?p=2862","title":{"rendered":"Wanderlei Barbosa comemora redu\u00e7\u00e3o da base de c\u00e1lculo do ICMS do gado"},"content":{"rendered":"\n<p>O governador e pr\u00e9-candidato \u00e0 reelei\u00e7\u00e3o, Wanderlei Barbosa (Republicanos), disse ter recebido \u201ccom muita alegria\u201d a ades\u00e3o do Tocantins ao conv\u00eanio 19\/2022 do Conselho Nacional de Pol\u00edtica Fazend\u00e1ria (Confaz), que autoriza a redu\u00e7\u00e3o da base de c\u00e1lculo em at\u00e9 66,67% do Imposto sobre Opera\u00e7\u00f5es Relativas \u00e0 Circula\u00e7\u00e3o de Mercadorias e sobre Presta\u00e7\u00f5es de Servi\u00e7os de Transporte Interestadual e Intermunicipal e de Comunica\u00e7\u00e3o (ICMS), incidente sobre as opera\u00e7\u00f5es de sa\u00edda interestaduais realizadas com gado bovino.<\/p>\n\n\n\n<p>O conv\u00eanio com o Confaz foi assinado nesta ter\u00e7a-feira, 11, e publicado no Di\u00e1rio Oficial da Uni\u00e3o (DOU) desta quarta. Na pr\u00e1tica, ele reduz a base de c\u00e1lculo do ICMS para gado vivo, que hoje \u00e9 de 12%, para 4.7%.<\/p>\n\n\n\n<p>De acordo com o chefe do Executivo estadual, esta era uma demanda antiga dos pecuaristas, mas tudo teria que ser feito dentro das normas legais. \u201cReceb\u00edamos, constantemente, reclama\u00e7\u00f5es quanto \u00e0 al\u00edquota do gado em p\u00e9. O que fizemos foi encontrar uma solu\u00e7\u00e3o, juridicamente vi\u00e1vel, para tornar a produ\u00e7\u00e3o tocantinense mais competitiva, em rela\u00e7\u00e3o a outros estados\u201d, disse.<\/p>\n\n\n\n<p>Nesse sentido, Wanderlei determinou \u00e0 gest\u00e3o que buscasse a humaniza\u00e7\u00e3o do imposto, com a constru\u00e7\u00e3o de alternativas tribut\u00e1rias vi\u00e1veis para os setores produtivos, sem que a medida prejudicasse a arrecada\u00e7\u00e3o do Estado.<\/p>\n","protected":false},"excerpt":{"rendered":"<p>O governador e pr\u00e9-candidato \u00e0 reelei\u00e7\u00e3o, Wanderlei Barbosa (Republicanos), disse ter recebido \u201ccom muita alegria\u201d a ades\u00e3o do Tocantins ao conv\u00eanio 19\/2022 do Conselho Nacional de Pol\u00edtica Fazend\u00e1ria (Confaz), que autoriza a redu\u00e7\u00e3o da base de c\u00e1lculo em at\u00e9 66,67% do Imposto sobre Opera\u00e7\u00f5es Relativas \u00e0 Circula\u00e7\u00e3o de Mercadorias e sobre Presta\u00e7\u00f5es de Servi\u00e7os de &hellip;<\/p>\n","protected":false},"author":1,"featured_media":2863,"comment_status":"open","ping_status":"open","sticky":false,"template":"","format":"standard","meta":{"footnotes":""},"categories":[39,1],"tags":[],"class_list":["post-2862","post","type-post","status-publish","format-standard","has-post-thumbnail","","category-estado","category-sem-categoria"],"_links":{"self":[{"href":"https:\/\/focotocantinense.com.br\/index.php?rest_route=\/wp\/v2\/posts\/2862","targetHints":{"allow":["GET"]}}],"collection":[{"href":"https:\/\/focotocantinense.com.br\/index.php?rest_route=\/wp\/v2\/posts"}],"about":[{"href":"https:\/\/focotocantinense.com.br\/index.php?rest_route=\/wp\/v2\/types\/post"}],"author":[{"embeddable":true,"href":"https:\/\/focotocantinense.com.br\/index.php?rest_route=\/wp\/v2\/users\/1"}],"replies":[{"embeddable":true,"href":"https:\/\/focotocantinense.com.br\/index.php?rest_route=%2Fwp%2Fv2%2Fcomments&post=2862"}],"version-history":[{"count":1,"href":"https:\/\/focotocantinense.com.br\/index.php?rest_route=\/wp\/v2\/posts\/2862\/revisions"}],"predecessor-version":[{"id":2864,"href":"https:\/\/focotocantinense.com.br\/index.php?rest_route=\/wp\/v2\/posts\/2862\/revisions\/2864"}],"wp:featuredmedia":[{"embeddable":true,"href":"https:\/\/focotocantinense.com.br\/index.php?rest_route=\/wp\/v2\/media\/2863"}],"wp:attachment":[{"href":"https:\/\/focotocantinense.com.br\/index.php?rest_route=%2Fwp%2Fv2%2Fmedia&parent=2862"}],"wp:term":[{"taxonomy":"category","embeddable":true,"href":"https:\/\/focotocantinense.com.br\/index.php?rest_route=%2Fwp%2Fv2%2Fcategories&post=2862"},{"taxonomy":"post_tag","embeddable":true,"href":"https:\/\/focotocantinense.com.br\/index.php?rest_route=%2Fwp%2Fv2%2Ftags&post=2862"}],"curies":[{"name":"wp","href":"https:\/\/api.w.org\/{rel}","templated":true}]}}