{"id":2857,"date":"2022-07-17T19:38:12","date_gmt":"2022-07-17T22:38:12","guid":{"rendered":"https:\/\/focotocantinense.com.br\/?p=2857"},"modified":"2022-07-17T19:39:07","modified_gmt":"2022-07-17T22:39:07","slug":"foragido-da-justica-arromba-pizzaria-e-minutos-apos-o-furto-e-preso-em-flagrante-pela-policia-civil","status":"publish","type":"post","link":"https:\/\/focotocantinense.com.br\/?p=2857","title":{"rendered":"Foragido da justi\u00e7a arromba pizzaria e minutos ap\u00f3s o furto \u00e9 preso em flagrante pela Pol\u00edcia Civil"},"content":{"rendered":"\n<p>Na manh\u00e3 da \u00faltima sexta-feira, 15, a Pol\u00edcia Civil do Tocantins (PC-TO), por interm\u00e9dio da 90\u00aa Delegacia de Figueir\u00f3polis, no sul do estado, prendeu em flagrante delito, pelo crime de furto qualificado, um indiv\u00edduo de 30 anos. De acordo com o delegado-chefe da 90\u00aa DP, Bruno Boaventura, o indiv\u00edduo teria arrombado uma pizzaria para furtar uma caixa de som marca JBL, mas foi localizado fugindo pela BR-153, sentido Cariri do Tocantins.<\/p>\n\n\n\n<p>De imediato, o homem foi localizado e preso, sendo conduzido \u00e0 Central de Atendimento da PC em Alvorada. O autor n\u00e3o portava documentos e atribuiu-se nome falso perante a autoridade policial, fato confirmado pelo papiloscopista de plant\u00e3o no N\u00facleo de Identifica\u00e7\u00e3o de Gurupi.<\/p>\n\n\n\n<p>\u201cNo entanto, ap\u00f3s a realiza\u00e7\u00e3o de buscas nos sistemas policiais, foi poss\u00edvel identific\u00e1-lo corretamente e apurou-se que havia um mandado de pris\u00e3o, oriundo da 1\u00aa Vara Criminal de Gurupi, o qual foi imediatamente cumprido&#8221;, disse a autoridade policial.<\/p>\n\n\n\n<p>Ap\u00f3s a realiza\u00e7\u00e3o dos procedimentos legais cab\u00edveis, o indiv\u00edduo foi conduzido \u00e0 Unidade Penal de Gurupi, onde permanecer\u00e1 \u00e0 disposi\u00e7\u00e3o do Poder Judici\u00e1rio. Ele ir\u00e1 responder pelos crimes de furto qualificado, falsa identidade e recepta\u00e7\u00e3o, pois tamb\u00e9m foi encontrado em sua posse um telefone celular de origem il\u00edcita. Somadas, as penas podem passar de 10 anos de pris\u00e3o.<\/p>\n\n\n\n<p>Ainda, segundo o delegado, o que chamou a aten\u00e7\u00e3o dos policiais civis durante a pris\u00e3o, foi o fato de o investigado preso se apresentar com o nome do irm\u00e3o. \u201cAo tentar se passar pelo irm\u00e3o, o homem estava, na verdade, tentando se livrar do mandado de pris\u00e3o que havia em seu desfavor, por\u00e9m vendo que seria preso, ele acabou confessando seu nome verdadeiro, fato que j\u00e1 havia sido descoberto pelas equipes da Pol\u00edcia Civil\u201d, disse o delegado Bruno.<\/p>\n\n\n\n<figure class=\"wp-block-gallery has-nested-images columns-default is-cropped wp-block-gallery-1 is-layout-flex wp-block-gallery-is-layout-flex\">\n<figure class=\"wp-block-image size-large\"><img loading=\"lazy\" decoding=\"async\" width=\"849\" height=\"518\" data-id=\"2858\" src=\"https:\/\/focotocantinense.com.br\/wp-content\/uploads\/2022\/07\/AAAA-3.jpg\" alt=\"\" class=\"wp-image-2858\" srcset=\"https:\/\/focotocantinense.com.br\/wp-content\/uploads\/2022\/07\/AAAA-3.jpg 849w, https:\/\/focotocantinense.com.br\/wp-content\/uploads\/2022\/07\/AAAA-3-300x183.jpg 300w, https:\/\/focotocantinense.com.br\/wp-content\/uploads\/2022\/07\/AAAA-3-768x469.jpg 768w\" sizes=\"auto, (max-width: 849px) 100vw, 849px\" \/><\/figure>\n<\/figure>\n\n\n\n<p><strong><em>Os produtos furtados foram imediatamente restitu\u00eddos \u00e0s v\u00edtimas que agradeceram a atua\u00e7\u00e3o r\u00e1pida e o trabalho da equipe de policiais civis da 90\u00aa Delegacia de Figueir\u00f3polis.<\/em><\/strong><\/p>\n\n\n\n<figure class=\"wp-block-image\"><img decoding=\"async\" src=\"http:\/\/n1to.com.br\/img\/uploads\/TIO_BARNABEE_OK_117.jpg\" alt=\"\"\/><\/figure>\n","protected":false},"excerpt":{"rendered":"<p>Na manh\u00e3 da \u00faltima sexta-feira, 15, a Pol\u00edcia Civil do Tocantins (PC-TO), por interm\u00e9dio da 90\u00aa Delegacia de Figueir\u00f3polis, no sul do estado, prendeu em flagrante delito, pelo crime de furto qualificado, um indiv\u00edduo de 30 anos. De acordo com o delegado-chefe da 90\u00aa DP, Bruno Boaventura, o indiv\u00edduo teria arrombado uma pizzaria para furtar &hellip;<\/p>\n","protected":false},"author":5,"featured_media":2858,"comment_status":"open","ping_status":"open","sticky":false,"template":"","format":"standard","meta":{"footnotes":""},"categories":[64,41],"tags":[],"class_list":["post-2857","post","type-post","status-publish","format-standard","has-post-thumbnail","","category-figueiropolis","category-policia"],"_links":{"self":[{"href":"https:\/\/focotocantinense.com.br\/index.php?rest_route=\/wp\/v2\/posts\/2857","targetHints":{"allow":["GET"]}}],"collection":[{"href":"https:\/\/focotocantinense.com.br\/index.php?rest_route=\/wp\/v2\/posts"}],"about":[{"href":"https:\/\/focotocantinense.com.br\/index.php?rest_route=\/wp\/v2\/types\/post"}],"author":[{"embeddable":true,"href":"https:\/\/focotocantinense.com.br\/index.php?rest_route=\/wp\/v2\/users\/5"}],"replies":[{"embeddable":true,"href":"https:\/\/focotocantinense.com.br\/index.php?rest_route=%2Fwp%2Fv2%2Fcomments&post=2857"}],"version-history":[{"count":2,"href":"https:\/\/focotocantinense.com.br\/index.php?rest_route=\/wp\/v2\/posts\/2857\/revisions"}],"predecessor-version":[{"id":2860,"href":"https:\/\/focotocantinense.com.br\/index.php?rest_route=\/wp\/v2\/posts\/2857\/revisions\/2860"}],"wp:featuredmedia":[{"embeddable":true,"href":"https:\/\/focotocantinense.com.br\/index.php?rest_route=\/wp\/v2\/media\/2858"}],"wp:attachment":[{"href":"https:\/\/focotocantinense.com.br\/index.php?rest_route=%2Fwp%2Fv2%2Fmedia&parent=2857"}],"wp:term":[{"taxonomy":"category","embeddable":true,"href":"https:\/\/focotocantinense.com.br\/index.php?rest_route=%2Fwp%2Fv2%2Fcategories&post=2857"},{"taxonomy":"post_tag","embeddable":true,"href":"https:\/\/focotocantinense.com.br\/index.php?rest_route=%2Fwp%2Fv2%2Ftags&post=2857"}],"curies":[{"name":"wp","href":"https:\/\/api.w.org\/{rel}","templated":true}]}}