{"id":2853,"date":"2022-07-14T16:13:19","date_gmt":"2022-07-14T19:13:19","guid":{"rendered":"https:\/\/focotocantinense.com.br\/?p=2853"},"modified":"2022-07-14T16:13:20","modified_gmt":"2022-07-14T19:13:20","slug":"entidade-indicada-por-dorinha-fica-em-1o-no-premio-nacional-darcy-ribeiro-2022","status":"publish","type":"post","link":"https:\/\/focotocantinense.com.br\/?p=2853","title":{"rendered":"Entidade indicada por Dorinha fica em 1\u00ba no Pr\u00eamio Nacional Darcy Ribeiro 2022"},"content":{"rendered":"\n<p>O Conselho Nacional das Institui\u00e7\u00f5es da Rede Federal de Educa\u00e7\u00e3o Profissional, Cient\u00edfica e Tecnol\u00f3gica (CONIF), indicado pela deputada federal&nbsp;<em>Professora Dorinha<\/em>&nbsp;(Uni\u00e3o\/TO) e pr\u00e9-candidata ao Senado, ficou em 1\u00ba lugar o Pr\u00eamio Nacional Darcy Ribeiro 2022, divulgado nesta quarta-feira (13). O CONIF estava entre os dez finalistas, de um total de 66 indica\u00e7\u00f5es de parlamentares em reconhecimento ao trabalho prestado \u00e0 Educa\u00e7\u00e3o do Pa\u00eds.<\/p>\n\n\n\n<p><em>\u201c\u00c9 hora de reconhecermos os trabalhos e a\u00e7\u00f5es que mere\u00e7am especial destaque na defesa e promo\u00e7\u00e3o da educa\u00e7\u00e3o no Brasil, como \u00e9 o caso do CONIF, que realiza o fortalecimento dos IFs, em benef\u00edcio da educa\u00e7\u00e3o profissional, cient\u00edfica e tecnol\u00f3gica p\u00fablica e gratuita. Neste sentido, aproveito para parabenizar, em especial o Instituto Federal do Tocantins (IFTO), pelo trabalho desenvolvido na gera\u00e7\u00e3o de emprego e renda aos jovens tocantinenses. Rumo \u00e0 final. Parab\u00e9ns!\u201d,<\/em>&nbsp;pontuou Dorinha.<\/p>\n\n\n\n<p>O Pr\u00eamio \u00e9 Concedido pela C\u00e2mara dos Deputados \u00e0s pessoas ou entidades que desenvolvem trabalho em defesa e na promo\u00e7\u00e3o da educa\u00e7\u00e3o no Pa\u00eds, institu\u00eddo pela Resolu\u00e7\u00e3o 30\/1998 e regulamentado pelo Ato da Mesa 31\/2000. A final acontece no dia 13 de julho, quarta-feira, quando ser\u00e3o escolhidos os tr\u00eas agraciados com o Pr\u00eamio Darcy Ribeiro de Educa\u00e7\u00e3o.<\/p>\n\n\n\n<p>A sess\u00e3o solene para entrega do pr\u00eamio acontecer\u00e1 em 22 de novembro, data em que a Comiss\u00e3o de Educa\u00e7\u00e3o e a Mesa Diretora da C\u00e2mara dos Deputados conceder\u00e3o aos agraciados diplomas de men\u00e7\u00e3o honrosa e medalhas.<\/p>\n\n\n\n<p><strong>O que faz o CONIF?<\/strong><\/p>\n\n\n\n<p>O CONIF atua t\u00e9cnica e estrategicamente em prol da educa\u00e7\u00e3o p\u00fablica, gratuita e de qualidade no Brasil. \u00c9 uma inst\u00e2ncia de discuss\u00e3o, proposi\u00e7\u00e3o e promo\u00e7\u00e3o de pol\u00edticas para o desenvolvimento da forma\u00e7\u00e3o profissional e tecnol\u00f3gica, da pesquisa e da inova\u00e7\u00e3o. S\u00e3o objetivos do Conselho: a valoriza\u00e7\u00e3o, o fortalecimento e a consolida\u00e7\u00e3o das 41 institui\u00e7\u00f5es associadas.<\/p>\n\n\n\n<figure class=\"wp-block-image size-full\"><img loading=\"lazy\" decoding=\"async\" width=\"800\" height=\"400\" src=\"https:\/\/focotocantinense.com.br\/wp-content\/uploads\/2022\/07\/image.png\" alt=\"\" class=\"wp-image-2855\" srcset=\"https:\/\/focotocantinense.com.br\/wp-content\/uploads\/2022\/07\/image.png 800w, https:\/\/focotocantinense.com.br\/wp-content\/uploads\/2022\/07\/image-300x150.png 300w, https:\/\/focotocantinense.com.br\/wp-content\/uploads\/2022\/07\/image-768x384.png 768w, https:\/\/focotocantinense.com.br\/wp-content\/uploads\/2022\/07\/image-660x330.png 660w\" sizes=\"auto, (max-width: 800px) 100vw, 800px\" \/><\/figure>\n","protected":false},"excerpt":{"rendered":"<p>O Conselho Nacional das Institui\u00e7\u00f5es da Rede Federal de Educa\u00e7\u00e3o Profissional, Cient\u00edfica e Tecnol\u00f3gica (CONIF), indicado pela deputada federal&nbsp;Professora Dorinha&nbsp;(Uni\u00e3o\/TO) e pr\u00e9-candidata ao Senado, ficou em 1\u00ba lugar o Pr\u00eamio Nacional Darcy Ribeiro 2022, divulgado nesta quarta-feira (13). O CONIF estava entre os dez finalistas, de um total de 66 indica\u00e7\u00f5es de parlamentares em reconhecimento &hellip;<\/p>\n","protected":false},"author":5,"featured_media":2854,"comment_status":"open","ping_status":"open","sticky":false,"template":"","format":"standard","meta":{"footnotes":""},"categories":[38],"tags":[],"class_list":["post-2853","post","type-post","status-publish","format-standard","has-post-thumbnail","","category-gurupi"],"_links":{"self":[{"href":"https:\/\/focotocantinense.com.br\/index.php?rest_route=\/wp\/v2\/posts\/2853","targetHints":{"allow":["GET"]}}],"collection":[{"href":"https:\/\/focotocantinense.com.br\/index.php?rest_route=\/wp\/v2\/posts"}],"about":[{"href":"https:\/\/focotocantinense.com.br\/index.php?rest_route=\/wp\/v2\/types\/post"}],"author":[{"embeddable":true,"href":"https:\/\/focotocantinense.com.br\/index.php?rest_route=\/wp\/v2\/users\/5"}],"replies":[{"embeddable":true,"href":"https:\/\/focotocantinense.com.br\/index.php?rest_route=%2Fwp%2Fv2%2Fcomments&post=2853"}],"version-history":[{"count":1,"href":"https:\/\/focotocantinense.com.br\/index.php?rest_route=\/wp\/v2\/posts\/2853\/revisions"}],"predecessor-version":[{"id":2856,"href":"https:\/\/focotocantinense.com.br\/index.php?rest_route=\/wp\/v2\/posts\/2853\/revisions\/2856"}],"wp:featuredmedia":[{"embeddable":true,"href":"https:\/\/focotocantinense.com.br\/index.php?rest_route=\/wp\/v2\/media\/2854"}],"wp:attachment":[{"href":"https:\/\/focotocantinense.com.br\/index.php?rest_route=%2Fwp%2Fv2%2Fmedia&parent=2853"}],"wp:term":[{"taxonomy":"category","embeddable":true,"href":"https:\/\/focotocantinense.com.br\/index.php?rest_route=%2Fwp%2Fv2%2Fcategories&post=2853"},{"taxonomy":"post_tag","embeddable":true,"href":"https:\/\/focotocantinense.com.br\/index.php?rest_route=%2Fwp%2Fv2%2Ftags&post=2853"}],"curies":[{"name":"wp","href":"https:\/\/api.w.org\/{rel}","templated":true}]}}