{"id":2850,"date":"2022-07-11T19:28:25","date_gmt":"2022-07-11T22:28:25","guid":{"rendered":"https:\/\/focotocantinense.com.br\/?p=2850"},"modified":"2022-07-11T19:28:26","modified_gmt":"2022-07-11T22:28:26","slug":"prefeito-manoel-silvino-inaugura-a-obra-de-reforma-e-revitalizacao-da-praca-frei-antonio-de-ganges-em-tocantinia","status":"publish","type":"post","link":"https:\/\/focotocantinense.com.br\/?p=2850","title":{"rendered":"Prefeito Manoel Silvino inaugura a obra de reforma e revitaliza\u00e7\u00e3o da Pra\u00e7a Frei Ant\u00f4nio de Ganges em Tocant\u00ednia"},"content":{"rendered":"\n<p>Na tarde deste domingo (10), o prefeito Manoel Silvino juntamente com vice Jo\u00e3o Alberto inaugurou a obra de reforma e revitaliza\u00e7\u00e3o da Pra\u00e7a Frei Ant\u00f4nio de Ganges localizada na par\u00f3quia S\u00e3o Sebasti\u00e3o no centro da cidade de Tocant\u00ednia. O evento contou com a presen\u00e7a da primeira dama Nara Cristina Monteiro, vereadores, secret\u00e1rios municipais, padre da par\u00f3quia S\u00e3o Sebasti\u00e3o Manoel Francisco dos Santos e os populares.<\/p>\n\n\n\n<p>A pra\u00e7a hist\u00f3rica da cidade conta com novas \u00e1reas de lazer para usufruto da popula\u00e7\u00e3o tocantiniense. Al\u00e9m da academia aberta agora tem o campo de futebol society rec\u00e9m inaugurada, pista de cooper, painel sacra, ter\u00e7o, quadra de v\u00f4lei de praia, pergolado de madeira, balan\u00e7os para crian\u00e7as, novo paisagismo, ilumina\u00e7\u00e3o a LED, cal\u00e7amento e banheiros restauradas e o palco ganhou nova cobertura. A obra de reforma e revitaliza\u00e7\u00e3o da pra\u00e7a foi realizada com recurso pr\u00f3prio do munic\u00edpio.<\/p>\n\n\n\n<p><br>O prefeito Manoel Silvino ressaltou a import\u00e2ncia da reforma onde a nova estrutura da pra\u00e7a vai proporcionar o bem estar e oferecer espa\u00e7os atrativos para a comunidade. E fez agradecimento a toda equipe da gest\u00e3o pela realiza\u00e7\u00e3o das obras para a popula\u00e7\u00e3o do munic\u00edpio. \u201cO prefeito n\u00e3o faz nada sozinho se tiver uma equipe comprometida com a gest\u00e3o\u201d destacou o prefeito.<\/p>\n\n\n\n<figure class=\"wp-block-image\"><img decoding=\"async\" src=\"http:\/\/n1to.com.br\/img\/uploads\/IIIIII.jpg\" alt=\"\"\/><\/figure>\n\n\n\n<figure class=\"wp-block-image\"><img decoding=\"async\" src=\"http:\/\/n1to.com.br\/img\/uploads\/ccc_15.jpg\" alt=\"\"\/><\/figure>\n\n\n\n<figure class=\"wp-block-image\"><img decoding=\"async\" src=\"http:\/\/n1to.com.br\/img\/uploads\/dddd_9.jpg\" alt=\"\"\/><\/figure>\n\n\n\n<figure class=\"wp-block-image\"><img decoding=\"async\" src=\"http:\/\/n1to.com.br\/img\/uploads\/eeee_2.jpg\" alt=\"\"\/><\/figure>\n\n\n\n<figure class=\"wp-block-image is-resized\"><img loading=\"lazy\" decoding=\"async\" src=\"http:\/\/n1to.com.br\/img\/uploads\/FFFF.jpg\" alt=\"\" width=\"839\" height=\"395\"\/><\/figure>\n\n\n\n<figure class=\"wp-block-image is-resized\"><img loading=\"lazy\" decoding=\"async\" src=\"http:\/\/n1to.com.br\/img\/uploads\/GGG_1.jpg\" alt=\"\" width=\"842\" height=\"422\"\/><\/figure>\n","protected":false},"excerpt":{"rendered":"<p>Na tarde deste domingo (10), o prefeito Manoel Silvino juntamente com vice Jo\u00e3o Alberto inaugurou a obra de reforma e revitaliza\u00e7\u00e3o da Pra\u00e7a Frei Ant\u00f4nio de Ganges localizada na par\u00f3quia S\u00e3o Sebasti\u00e3o no centro da cidade de Tocant\u00ednia. O evento contou com a presen\u00e7a da primeira dama Nara Cristina Monteiro, vereadores, secret\u00e1rios municipais, padre da &hellip;<\/p>\n","protected":false},"author":5,"featured_media":2851,"comment_status":"open","ping_status":"open","sticky":false,"template":"","format":"standard","meta":{"footnotes":""},"categories":[78],"tags":[],"class_list":["post-2850","post","type-post","status-publish","format-standard","has-post-thumbnail","","category-tocantinia"],"_links":{"self":[{"href":"https:\/\/focotocantinense.com.br\/index.php?rest_route=\/wp\/v2\/posts\/2850","targetHints":{"allow":["GET"]}}],"collection":[{"href":"https:\/\/focotocantinense.com.br\/index.php?rest_route=\/wp\/v2\/posts"}],"about":[{"href":"https:\/\/focotocantinense.com.br\/index.php?rest_route=\/wp\/v2\/types\/post"}],"author":[{"embeddable":true,"href":"https:\/\/focotocantinense.com.br\/index.php?rest_route=\/wp\/v2\/users\/5"}],"replies":[{"embeddable":true,"href":"https:\/\/focotocantinense.com.br\/index.php?rest_route=%2Fwp%2Fv2%2Fcomments&post=2850"}],"version-history":[{"count":1,"href":"https:\/\/focotocantinense.com.br\/index.php?rest_route=\/wp\/v2\/posts\/2850\/revisions"}],"predecessor-version":[{"id":2852,"href":"https:\/\/focotocantinense.com.br\/index.php?rest_route=\/wp\/v2\/posts\/2850\/revisions\/2852"}],"wp:featuredmedia":[{"embeddable":true,"href":"https:\/\/focotocantinense.com.br\/index.php?rest_route=\/wp\/v2\/media\/2851"}],"wp:attachment":[{"href":"https:\/\/focotocantinense.com.br\/index.php?rest_route=%2Fwp%2Fv2%2Fmedia&parent=2850"}],"wp:term":[{"taxonomy":"category","embeddable":true,"href":"https:\/\/focotocantinense.com.br\/index.php?rest_route=%2Fwp%2Fv2%2Fcategories&post=2850"},{"taxonomy":"post_tag","embeddable":true,"href":"https:\/\/focotocantinense.com.br\/index.php?rest_route=%2Fwp%2Fv2%2Ftags&post=2850"}],"curies":[{"name":"wp","href":"https:\/\/api.w.org\/{rel}","templated":true}]}}