{"id":2839,"date":"2022-07-08T18:00:15","date_gmt":"2022-07-08T21:00:15","guid":{"rendered":"https:\/\/focotocantinense.com.br\/?p=2839"},"modified":"2022-07-08T19:59:29","modified_gmt":"2022-07-08T22:59:29","slug":"vereador-napoleao-dionisio-busca-melhoria-do-fornecimento-da-agua-tratada-em-lagoa-da-confusao","status":"publish","type":"post","link":"https:\/\/focotocantinense.com.br\/?p=2839","title":{"rendered":"Vereador Napole\u00e3o Dion\u00edsio busca melhoria do fornecimento da \u00e1gua tratada em Lagoa da Confus\u00e3o"},"content":{"rendered":"\n<p><strong>&nbsp;Por Zacarias Martins<\/strong><\/p>\n\n\n\n<p>Nesta sexta-feira (8), aconteceu no plen\u00e1rio da C\u00e2mara de Vereadores de Lagoa da Confus\u00e3o, a segunda reuni\u00e3o da comiss\u00e3o criada &nbsp;para tratar da quest\u00e3o envolvendo a qualidade da \u00e1gua que \u00e9 distribu\u00edda \u00e0 popula\u00e7\u00e3o lagoense pela empresa BRK Ambiental.<\/p>\n\n\n\n<p>Essa comiss\u00e3o &nbsp;\u00e9 fruto dos desdobramentos&nbsp; da audi\u00eancia p\u00fablica realizada 12 de maio passado, sobre a presid\u00eancia do vereador Napole\u00e3o Dion\u00edsio (PSL), tendo como secret\u00e1rio o servidor municipal Alberto Gutierrez.<\/p>\n\n\n\n<p>No encontro desta sexta-feira, tamb\u00e9m estiveram &nbsp;&nbsp;presentes os representantes da empresa BRK Ambiental, Pedro Henrique Gobbo, acompanhado pela &nbsp;gerente de&nbsp; opera\u00e7\u00f5es, e M\u00e1rcia Ara\u00fajo, bem como, o chefe de gabinete da Prefeitura&nbsp; de Lagoa da Confus\u00e3o, &nbsp;al\u00e9m do assessor jur\u00eddico da C\u00e2mara de Vereadores, Paulo&nbsp; &nbsp;Roberto Rodrigues, e do chefe do gabinete do prefeito, Marilzan Rodrigues de Brito.<\/p>\n\n\n\n<p>\u201cNos foi repassado o &nbsp;cronograma de trabalho a ser executado pela empresa para sanar &nbsp;definitivamente os problemas que vem acontecendo desde 2019. Pediram um prazo \u00e0 comiss\u00e3o que se estende at\u00e9 dezembro. Estamos acompanhando de perto o desenrolar desses trabalhos. Algumas a\u00e7\u00f5es que j\u00e1 foram feitas e os representantes da empresa se comprometeram a resolver todos os problemas at\u00e9 o prazo mencionado, vamos continuar fiscalizando\u201d, informou o vereador Napole\u00e3o Dion\u00edsio.<\/p>\n\n\n\n<figure class=\"wp-block-image size-full\"><img loading=\"lazy\" decoding=\"async\" width=\"597\" height=\"350\" src=\"https:\/\/focotocantinense.com.br\/wp-content\/uploads\/2022\/07\/bbb.jpg\" alt=\"\" class=\"wp-image-2844\" srcset=\"https:\/\/focotocantinense.com.br\/wp-content\/uploads\/2022\/07\/bbb.jpg 597w, https:\/\/focotocantinense.com.br\/wp-content\/uploads\/2022\/07\/bbb-300x176.jpg 300w\" sizes=\"auto, (max-width: 597px) 100vw, 597px\" \/><\/figure>\n\n\n\n<figure class=\"wp-block-image size-full is-resized\"><img loading=\"lazy\" decoding=\"async\" src=\"https:\/\/focotocantinense.com.br\/wp-content\/uploads\/2022\/07\/aaaaaaaaaaaaaaaaaaaaa-2.jpg\" alt=\"\" class=\"wp-image-2846\" width=\"602\" height=\"273\" srcset=\"https:\/\/focotocantinense.com.br\/wp-content\/uploads\/2022\/07\/aaaaaaaaaaaaaaaaaaaaa-2.jpg 998w, https:\/\/focotocantinense.com.br\/wp-content\/uploads\/2022\/07\/aaaaaaaaaaaaaaaaaaaaa-2-300x136.jpg 300w, https:\/\/focotocantinense.com.br\/wp-content\/uploads\/2022\/07\/aaaaaaaaaaaaaaaaaaaaa-2-768x349.jpg 768w\" sizes=\"auto, (max-width: 602px) 100vw, 602px\" \/><\/figure>\n","protected":false},"excerpt":{"rendered":"<p>&nbsp;Por Zacarias Martins Nesta sexta-feira (8), aconteceu no plen\u00e1rio da C\u00e2mara de Vereadores de Lagoa da Confus\u00e3o, a segunda reuni\u00e3o da comiss\u00e3o criada &nbsp;para tratar da quest\u00e3o envolvendo a qualidade da \u00e1gua que \u00e9 distribu\u00edda \u00e0 popula\u00e7\u00e3o lagoense pela empresa BRK Ambiental. Essa comiss\u00e3o &nbsp;\u00e9 fruto dos desdobramentos&nbsp; da audi\u00eancia p\u00fablica realizada 12 de maio &hellip;<\/p>\n","protected":false},"author":5,"featured_media":2841,"comment_status":"open","ping_status":"open","sticky":false,"template":"","format":"standard","meta":{"footnotes":""},"categories":[71],"tags":[],"class_list":["post-2839","post","type-post","status-publish","format-standard","has-post-thumbnail","","category-lagoa-da-confusao"],"_links":{"self":[{"href":"https:\/\/focotocantinense.com.br\/index.php?rest_route=\/wp\/v2\/posts\/2839","targetHints":{"allow":["GET"]}}],"collection":[{"href":"https:\/\/focotocantinense.com.br\/index.php?rest_route=\/wp\/v2\/posts"}],"about":[{"href":"https:\/\/focotocantinense.com.br\/index.php?rest_route=\/wp\/v2\/types\/post"}],"author":[{"embeddable":true,"href":"https:\/\/focotocantinense.com.br\/index.php?rest_route=\/wp\/v2\/users\/5"}],"replies":[{"embeddable":true,"href":"https:\/\/focotocantinense.com.br\/index.php?rest_route=%2Fwp%2Fv2%2Fcomments&post=2839"}],"version-history":[{"count":5,"href":"https:\/\/focotocantinense.com.br\/index.php?rest_route=\/wp\/v2\/posts\/2839\/revisions"}],"predecessor-version":[{"id":2848,"href":"https:\/\/focotocantinense.com.br\/index.php?rest_route=\/wp\/v2\/posts\/2839\/revisions\/2848"}],"wp:featuredmedia":[{"embeddable":true,"href":"https:\/\/focotocantinense.com.br\/index.php?rest_route=\/wp\/v2\/media\/2841"}],"wp:attachment":[{"href":"https:\/\/focotocantinense.com.br\/index.php?rest_route=%2Fwp%2Fv2%2Fmedia&parent=2839"}],"wp:term":[{"taxonomy":"category","embeddable":true,"href":"https:\/\/focotocantinense.com.br\/index.php?rest_route=%2Fwp%2Fv2%2Fcategories&post=2839"},{"taxonomy":"post_tag","embeddable":true,"href":"https:\/\/focotocantinense.com.br\/index.php?rest_route=%2Fwp%2Fv2%2Ftags&post=2839"}],"curies":[{"name":"wp","href":"https:\/\/api.w.org\/{rel}","templated":true}]}}