{"id":2832,"date":"2022-07-07T14:35:50","date_gmt":"2022-07-07T17:35:50","guid":{"rendered":"https:\/\/focotocantinense.com.br\/?p=2832"},"modified":"2022-07-07T14:37:34","modified_gmt":"2022-07-07T17:37:34","slug":"laurez-moreira-o-candidato-a-vice-governador-perfeito","status":"publish","type":"post","link":"https:\/\/focotocantinense.com.br\/?p=2832","title":{"rendered":"Laurez Moreira! o candidato a vice-governador perfeito."},"content":{"rendered":"\n<p>Se h\u00e1 uma quase unanimidade na pol\u00edtica tocantinense essa \u00e9 a de que Laurez Moreira \u00e9 o nome perfeito como pr\u00e9-candidato a vice-governador na chapa encabe\u00e7ada pelo atual governador, Wanderlei Barbosa. As raz\u00f5es de somam aos montes, sem nenhum fator contr\u00e1rio que se aponte como relevante, a n\u00e3o ser por aqueles que buscam a indica\u00e7\u00e3o.<\/p>\n\n\n\n<p>Laurez \u00e9 um tocantinense raiz, com mais de 30 anos de vida p\u00fablica, tendo sido vereador; presidente de C\u00e2mara; deputado estadual por tr\u00eas vezes; deputado federal por dois mandatos; secret\u00e1rio de estado; e prefeito de Gurupi por duas vezes seguidas, com uma administra\u00e7\u00e3o que chegou a 95% de aprova\u00e7\u00e3o. Nessa \u00e9poca, Laurez recebeu, por duas vezes, o pr\u00eamio de Prefeito Empreendedor, reconhecido pelo Sebrae, sendo que um deles em n\u00edvel nacional.<\/p>\n\n\n\n<p>E o fato que chama muita aten\u00e7\u00e3o \u00e9 que, embora tenha exercido tantas fun\u00e7\u00f5es importantes, o sertanejo que nasceu na zona rural de Duer\u00e9 h\u00e1 65 anos, n\u00e3o responde e jamais respondeu a um processo sequer. Um ficha limpa por excel\u00eancia.<\/p>\n\n\n\n<p>Para o atual governador, seria um grande refor\u00e7o \u00e0 sua imagem, principalmente por ter assumido o governo ap\u00f3s mais um governador n\u00e3o conseguir terminar seu mandato no estado. Al\u00e9m disso, com um advers\u00e1rio consolidado na regi\u00e3o Norte, estar ao lado do nome pol\u00edtico mais forte da regi\u00e3o Sul seria uma boa estrat\u00e9gia. Sem contar que o PDT de Laurez, que j\u00e1 faz parte da base aliada do governo, \u00e9 um dos partidos com bom tempo de televis\u00e3o dispon\u00edvel.<\/p>\n\n\n\n<p>Afinidades encurtam dist\u00e2ncias e constroem alian\u00e7as. E como em pol\u00edtica se inventar muito o caldo desanda, Laurez \u00e9 tido como um nome certo para essa composi\u00e7\u00e3o. Agora, \u00e9 aguardar o governador bater o martelo.<\/p>\n\n\n\n<figure class=\"wp-block-image size-full\"><img loading=\"lazy\" decoding=\"async\" width=\"620\" height=\"413\" src=\"https:\/\/focotocantinense.com.br\/wp-content\/uploads\/2022\/07\/LaurezMoreira.jpg\" alt=\"\" class=\"wp-image-2834\" srcset=\"https:\/\/focotocantinense.com.br\/wp-content\/uploads\/2022\/07\/LaurezMoreira.jpg 620w, https:\/\/focotocantinense.com.br\/wp-content\/uploads\/2022\/07\/LaurezMoreira-300x200.jpg 300w\" sizes=\"auto, (max-width: 620px) 100vw, 620px\" \/><\/figure>\n\n\n\n<p>Com um advers\u00e1rio consolidado na regi\u00e3o Norte, Wanderlei estar ao lado do nome pol\u00edtico mais forte da regi\u00e3o Sul \u00e9 uma \u00f3tima estrat\u00e9gia. Sem contar que o PDT de Laurez, que j\u00e1 faz parte da base aliada do governo, \u00e9 um dos partidos com bom tempo de televis\u00e3o dispon\u00edvel<\/p>\n\n\n\n<p><strong>TOCANTINS\/ELEI\u00c7\u00c3O 2022<\/strong><\/p>\n","protected":false},"excerpt":{"rendered":"<p>Se h\u00e1 uma quase unanimidade na pol\u00edtica tocantinense essa \u00e9 a de que Laurez Moreira \u00e9 o nome perfeito como pr\u00e9-candidato a vice-governador na chapa encabe\u00e7ada pelo atual governador, Wanderlei Barbosa. As raz\u00f5es de somam aos montes, sem nenhum fator contr\u00e1rio que se aponte como relevante, a n\u00e3o ser por aqueles que buscam a indica\u00e7\u00e3o. &hellip;<\/p>\n","protected":false},"author":1,"featured_media":2833,"comment_status":"open","ping_status":"open","sticky":false,"template":"","format":"standard","meta":{"footnotes":""},"categories":[39,1],"tags":[],"class_list":["post-2832","post","type-post","status-publish","format-standard","has-post-thumbnail","","category-estado","category-sem-categoria"],"_links":{"self":[{"href":"https:\/\/focotocantinense.com.br\/index.php?rest_route=\/wp\/v2\/posts\/2832","targetHints":{"allow":["GET"]}}],"collection":[{"href":"https:\/\/focotocantinense.com.br\/index.php?rest_route=\/wp\/v2\/posts"}],"about":[{"href":"https:\/\/focotocantinense.com.br\/index.php?rest_route=\/wp\/v2\/types\/post"}],"author":[{"embeddable":true,"href":"https:\/\/focotocantinense.com.br\/index.php?rest_route=\/wp\/v2\/users\/1"}],"replies":[{"embeddable":true,"href":"https:\/\/focotocantinense.com.br\/index.php?rest_route=%2Fwp%2Fv2%2Fcomments&post=2832"}],"version-history":[{"count":2,"href":"https:\/\/focotocantinense.com.br\/index.php?rest_route=\/wp\/v2\/posts\/2832\/revisions"}],"predecessor-version":[{"id":2836,"href":"https:\/\/focotocantinense.com.br\/index.php?rest_route=\/wp\/v2\/posts\/2832\/revisions\/2836"}],"wp:featuredmedia":[{"embeddable":true,"href":"https:\/\/focotocantinense.com.br\/index.php?rest_route=\/wp\/v2\/media\/2833"}],"wp:attachment":[{"href":"https:\/\/focotocantinense.com.br\/index.php?rest_route=%2Fwp%2Fv2%2Fmedia&parent=2832"}],"wp:term":[{"taxonomy":"category","embeddable":true,"href":"https:\/\/focotocantinense.com.br\/index.php?rest_route=%2Fwp%2Fv2%2Fcategories&post=2832"},{"taxonomy":"post_tag","embeddable":true,"href":"https:\/\/focotocantinense.com.br\/index.php?rest_route=%2Fwp%2Fv2%2Ftags&post=2832"}],"curies":[{"name":"wp","href":"https:\/\/api.w.org\/{rel}","templated":true}]}}