{"id":2826,"date":"2022-07-06T15:16:48","date_gmt":"2022-07-06T18:16:48","guid":{"rendered":"https:\/\/focotocantinense.com.br\/?p=2826"},"modified":"2022-07-06T15:18:22","modified_gmt":"2022-07-06T18:18:22","slug":"trabalhos-cientificos-a-serem-apresentados-na-sicteg-podem-ser-inscritos-ate-o-dia-31-de-agosto","status":"publish","type":"post","link":"https:\/\/focotocantinense.com.br\/?p=2826","title":{"rendered":"Trabalhos cient\u00edficos a serem apresentados na Sicteg podem ser inscritos at\u00e9 o dia 31 de agosto"},"content":{"rendered":"\n<p>A 8\u00aa Edi\u00e7\u00e3o da Semana Integrada de Ci\u00eancia e Tecnologia de Gurupi (SICTEG) com o tema \u201cBicenten\u00e1rio da Independ\u00eancia &#8211; 200 anos de Ci\u00eancia, Tecnologia e Inova\u00e7\u00e3o no Brasil&#8221; vai acontecer nos dias 26, 27 e 28 de outubro de 2022.<\/p>\n\n\n\n<p>A SICTEG \u00e9 uma a\u00e7\u00e3o alinhada \u00e0 Semana Nacional de Ci\u00eancia e Tecnologia \u2013 SNCT\/MCTI. A atividade se efetiva a partir da Integra\u00e7\u00e3o Governo \u2013 Academia \u2013 Empresas, estrat\u00e9gia diversificada para populariza\u00e7\u00e3o da Ci\u00eancia, em abrang\u00eancia Regional. O evento gratuito \u00e9 uma atividade do Programa InovaGurupi, da Secretaria Municipal de Ci\u00eancia e Tecnologia de Gurupi, Conselho de Gestores de Institui\u00e7\u00f5es de Ensino Superior de Gurupi em parceria com o Sebrae, UNITINS e colabora\u00e7\u00e3o do Governo Federal, Senac, Sesi e Senai e outras institui\u00e7\u00f5es.<\/p>\n\n\n\n<p>A cada ano, a SICTEG \u00e9 realizada de forma rotativa em uma das tr\u00eas Institui\u00e7\u00f5es p\u00fablicas de Ensino Superior de Gurupi. Esta ser\u00e1 realizada na Universidade Federal do Tocantins.<\/p>\n\n\n\n<p>Uma das a\u00e7\u00f5es do evento \u00e9 a submiss\u00e3o gratuita de trabalhos cient\u00edficos e os interessados em apresentar os trabalhos no evento podem inscrev\u00ea-los at\u00e9 o dia 31 de agosto de 2022.<\/p>\n\n\n\n<p>Cada proponente (autor (a) principal) poder\u00e1 enviar um trabalho cient\u00edfico in\u00e9dito; cada proposta poder\u00e1 envolver, al\u00e9m do (a) autor (a) principal, a participa\u00e7\u00e3o de no m\u00e1ximo 06 (seis) co-autores (as).<\/p>\n\n\n\n<p>A Presidente da Comiss\u00e3o Cient\u00edfica da 8\u00aa SICTEG, Prof\u00aa. Dra. Priscila Bezerra de Souza, refor\u00e7a o convite \u00e0 participa\u00e7\u00e3o no evento que oferece \u00f3timas oportunidades de atualizar estudantes e profissionais, promover a integra\u00e7\u00e3o entre desenvolvimento tecnol\u00f3gico-cient\u00edfico e inova\u00e7\u00f5es do mercado atual. \u201cUm dos nossos objetivos \u00e9 divulgar trabalhos cient\u00edficos e estimular a participa\u00e7\u00e3o de jovens pesquisadores, portanto n\u00e3o deixe de se inscrever e enviar seus trabalhos cient\u00edficos at\u00e9 o dia 31 de agosto\u201d, destaca.<\/p>\n\n\n\n<p>A professora ainda enfatiza que a 8\u00b0SICTEG ter\u00e1 seu formato democr\u00e1tico, que permite que estudantes, professores e profissionais do mercado discutam juntos a mesma ideia, transmitindo experi\u00eancias e conhecimentos uns para os outros.<\/p>\n\n\n\n<p>Para a Secret\u00e1ria Municipal de Ci\u00eancia e Tecnologia de Gurupi, Lady Sakay, a expectativa para esta edi\u00e7\u00e3o \u00e9 muito positiva. \u201cA 8 SICTEG volta a ser presencial na UFT e estamos com a expectativa de uma participa\u00e7\u00e3o significativa. Continuamos com as pautas das Universidades como as atividades cient\u00edficas, palestras, minicursos, entre outros das IES, a pauta Governo e este ano estamos buscando uma maior participa\u00e7\u00e3o de empresas e startups que est\u00e3o com solu\u00e7\u00f5es inovadoras de neg\u00f3cios j\u00e1 instaladas\u201d, explana.<\/p>\n\n\n\n<p>A gerente regional Sul Sebrae, Paula Alencar, destaca que a Sicteg \u00e9 de extrema import\u00e2ncia n\u00e3o s\u00f3 para Regi\u00e3o Sul mas tamb\u00e9m todo o estado considerando o modelo adotado de parcerias entre as entidades, mostrando for\u00e7a para um bem comum: inova\u00e7\u00e3o. \u201cO Sebrae tem essa parceria de sucesso, uma vez, que atende a classe empresarial, poder p\u00fablico e comunidade acad\u00eamica, fomentando no evento o empreendedorismo e educa\u00e7\u00e3o empreendedora\u201d, pontua.<\/p>\n\n\n\n<p><strong>O resumo deve ser submetido para uma das seguintes \u00c1reas abaixo:<\/strong><\/p>\n\n\n\n<ul class=\"wp-block-list\"><li>Ci\u00eancias Agr\u00e1rias (CA) (Agronomia, Zootecnia, Engenharia Florestal, Medicina Veterin\u00e1ria, Ci\u00eancia e Tecnologia de Alimentos e outros);<\/li><li>Ci\u00eancias Biol\u00f3gicas (CB) (Biologia Geral, Bioqu\u00edmica, Microbiologia, Parasitologia, Biodiversidade e outros);<\/li><li>Ci\u00eancias da Sa\u00fade (CS) (Educa\u00e7\u00e3o F\u00edsica, Enfermagem, Farm\u00e1cia, Fisioterapia, Medicina, Odontologia, Nutri\u00e7\u00e3o e outros);<\/li><li>Ci\u00eancias Exatas e da Terra (CET) (Qu\u00edmica Ambiental, Matem\u00e1tica, F\u00edsica, Qu\u00edmica, Ci\u00eancia da Computa\u00e7\u00e3o e outros);<\/li><li>Ci\u00eancias Humanas (CH) (Hist\u00f3ria, Geografia, Filosofia, Educa\u00e7\u00e3o, Sociologia, Pedagogia, Psicologia e outros);<\/li><\/ul>\n\n\n\n<p>Ci\u00eancias Sociais Aplicadas (CSA) (Administra\u00e7\u00e3o, Ci\u00eancias Cont\u00e1beis, Direito, Jornalismo, Economia, Arquitetura e Urbanismo, Servi\u00e7o Social, Agroneg\u00f3cios, Edifica\u00e7\u00f5es e outros);<\/p>\n\n\n\n<ul class=\"wp-block-list\"><li>Engenharias (ENG) (Engenharia Civil, Engenharia de Bioprocessos, Engenharia Qu\u00edmica, Engenharia de Produ\u00e7\u00e3o e outros);<\/li><li>Lingu\u00edstica, Letras e Artes (LLA) (Letras, Teatro, M\u00fasica e outros).<\/li><\/ul>\n\n\n\n<p><strong>Premia\u00e7\u00e3o<\/strong><\/p>\n\n\n\n<p>A Comiss\u00e3o Cient\u00edfica eleger\u00e1 os tr\u00eas trabalhos cient\u00edficos mais bem pontuados de cada \u00e1rea do conhecimento. A equipe do trabalho com primeira, segunda e terceira posi\u00e7\u00f5es em cada \u00e1rea do conhecimento, ser\u00e1 agraciada com certifica\u00e7\u00e3o de premia\u00e7\u00e3o do evento, e convite especial para publica\u00e7\u00e3o do trabalho cient\u00edfico na \u00edntegra, como artigo completo na Revista Cereus da UnirG.<\/p>\n\n\n\n<p>O edital completo pode ser conferido<strong>&nbsp;aqui.<\/strong><\/p>\n\n\n\n<figure class=\"wp-block-image is-resized\"><img loading=\"lazy\" decoding=\"async\" src=\"http:\/\/n1to.com.br\/img\/uploads\/bbb_23.jpg\" alt=\"\" width=\"841\" height=\"762\"\/><\/figure>\n\n\n\n<figure class=\"wp-block-image\"><img decoding=\"async\" src=\"http:\/\/n1to.com.br\/img\/uploads\/veloso_banner_63.jpeg\" alt=\"\"\/><\/figure>\n","protected":false},"excerpt":{"rendered":"<p>A 8\u00aa Edi\u00e7\u00e3o da Semana Integrada de Ci\u00eancia e Tecnologia de Gurupi (SICTEG) com o tema \u201cBicenten\u00e1rio da Independ\u00eancia &#8211; 200 anos de Ci\u00eancia, Tecnologia e Inova\u00e7\u00e3o no Brasil&#8221; vai acontecer nos dias 26, 27 e 28 de outubro de 2022. A SICTEG \u00e9 uma a\u00e7\u00e3o alinhada \u00e0 Semana Nacional de Ci\u00eancia e Tecnologia \u2013 &hellip;<\/p>\n","protected":false},"author":5,"featured_media":2827,"comment_status":"open","ping_status":"open","sticky":false,"template":"","format":"standard","meta":{"footnotes":""},"categories":[38],"tags":[],"class_list":["post-2826","post","type-post","status-publish","format-standard","has-post-thumbnail","","category-gurupi"],"_links":{"self":[{"href":"https:\/\/focotocantinense.com.br\/index.php?rest_route=\/wp\/v2\/posts\/2826","targetHints":{"allow":["GET"]}}],"collection":[{"href":"https:\/\/focotocantinense.com.br\/index.php?rest_route=\/wp\/v2\/posts"}],"about":[{"href":"https:\/\/focotocantinense.com.br\/index.php?rest_route=\/wp\/v2\/types\/post"}],"author":[{"embeddable":true,"href":"https:\/\/focotocantinense.com.br\/index.php?rest_route=\/wp\/v2\/users\/5"}],"replies":[{"embeddable":true,"href":"https:\/\/focotocantinense.com.br\/index.php?rest_route=%2Fwp%2Fv2%2Fcomments&post=2826"}],"version-history":[{"count":4,"href":"https:\/\/focotocantinense.com.br\/index.php?rest_route=\/wp\/v2\/posts\/2826\/revisions"}],"predecessor-version":[{"id":2831,"href":"https:\/\/focotocantinense.com.br\/index.php?rest_route=\/wp\/v2\/posts\/2826\/revisions\/2831"}],"wp:featuredmedia":[{"embeddable":true,"href":"https:\/\/focotocantinense.com.br\/index.php?rest_route=\/wp\/v2\/media\/2827"}],"wp:attachment":[{"href":"https:\/\/focotocantinense.com.br\/index.php?rest_route=%2Fwp%2Fv2%2Fmedia&parent=2826"}],"wp:term":[{"taxonomy":"category","embeddable":true,"href":"https:\/\/focotocantinense.com.br\/index.php?rest_route=%2Fwp%2Fv2%2Fcategories&post=2826"},{"taxonomy":"post_tag","embeddable":true,"href":"https:\/\/focotocantinense.com.br\/index.php?rest_route=%2Fwp%2Fv2%2Ftags&post=2826"}],"curies":[{"name":"wp","href":"https:\/\/api.w.org\/{rel}","templated":true}]}}