{"id":2814,"date":"2022-07-01T13:19:35","date_gmt":"2022-07-01T16:19:35","guid":{"rendered":"https:\/\/focotocantinense.com.br\/?p=2814"},"modified":"2022-07-01T14:16:29","modified_gmt":"2022-07-01T17:16:29","slug":"encontros-formativos-aperfeicoam-os-processos-de-gestao-da-educacao-em-tocantinia","status":"publish","type":"post","link":"https:\/\/focotocantinense.com.br\/?p=2814","title":{"rendered":"Encontros formativos aperfei\u00e7oam os processos de gest\u00e3o da educa\u00e7\u00e3o em Tocant\u00ednia"},"content":{"rendered":"\n<p><strong>Por Zacarias Martins<\/strong><\/p>\n\n\n\n<p>A Prefeitura de Tocant\u00ednia, por meio da Secretaria Municipal de Educa\u00e7\u00e3o (Semed), realizou, de 27 a 30 de junho, mais uma etapa dos encontros de di\u00e1logos formativos que teve como p\u00fablico-alvo os profissionais da Rede Municipal de Educa\u00e7\u00e3o.<br><br>Os di\u00e1logos formativos que aconteceram  nas depend\u00eancias da Escola Municipal de Tempo Integral Ant\u00f4nio Benvindo da Luz, teve o suporte t\u00e9cnico da empresa Farol do Saber, e contou j\u00e1 no primeiro dia de sua realiza\u00e7\u00e3o, com a oficina de \u201cRela\u00e7\u00f5es Interpessoais, acolhimento emocional e pedag\u00f3gico aos estudantes\u201d, ministrada pela professora Maria do Ros\u00e1rio Dias Rodrigues.<br><br>J\u00e1 na ter\u00e7a-feira, 28 e na quarta, 28, a professora Eusamar Ara\u00fajo de Sousa abordou o tema: \u201cPlanejamento e execu\u00e7\u00e3o do novo Fundeb: Gest\u00e3o compartilhada de recursos: gest\u00e3o de recursos financeiros destinados \u00e0s Associa\u00e7\u00f5es Escolares; Gest\u00e3o de pessoas e o impacto na qualidade do processo de ensino e aprendizagem\u201d.<br><br>Nos dias 29 e 30 de junho, o professor Marcos Irondes Coelho fez uma abordagem sobre a \u201cProposta do curr\u00edculo da Educa\u00e7\u00e3o ind\u00edgena, reorganiza\u00e7\u00e3o Curricular BNCC\/PCT-TO\u201d.<\/p>\n\n\n\n<p>\u201cEsse \u00e9 um per\u00edodo de grandes transforma\u00e7\u00f5es, onde os alunos passam por diversas mudan\u00e7as relacionadas ao seu desenvolvimento f\u00edsico, emocional e social. O mundo mudou e a educa\u00e7\u00e3o segue nesse caminho com uma nova abordagem, com metodologias mais ativas para aulas mais interativas e ferramentas pedag\u00f3gicas diferentes. N\u00f3s precisamos estar abertos aos novos conhecimentos\u201d, avaliou o professor Andr\u00e9 Goveia, secret\u00e1rio municipal de Educa\u00e7\u00e3o de Tocant\u00ednia.<br><br>Andr\u00e9 Goveia destaca ainda que a forma\u00e7\u00e3o representa um investimento da Prefeitura de Tocant\u00ednia, por meio da Secretaria Municipal de Educa\u00e7\u00e3o. \u201cAs tem\u00e1ticas s\u00e3o planejadas de acordo com as demandas elencadas pela rede de ensino. Esse aprimoramento permite a reflex\u00e3o das pr\u00e1ticas educacionais e potencializa a excel\u00eancia na educa\u00e7\u00e3o municipal\u201d, ressaltou o secret\u00e1rio.<\/p>\n\n\n\n<p><strong>Credenciais dos formadores<\/strong><br>A professora Maria do Ros\u00e1rio Dias Rodrigues faz Mestrado, \u00e9 Pedagoga, especializada em Psicopedagogia e Doc\u00eancia do Ensino Superior.<br><br>J\u00e1 a professora Eusamar Ara\u00fajo de Sousa \u00e9 graduada em Pedagogia pela Unitins, especialista em Supervis\u00e3o Educacional pela Universidade Salgado de Oliveira e Mestranda em Educa\u00e7\u00e3o, pela UFT.<\/p>\n\n\n\n<p>O professor Marcos Irondes Coelho \u00e9 Doutorando em Educa\u00e7\u00e3o na Amaz\u00f4nia e Mestre em Educa\u00e7\u00e3o pela UFT. Graduado em Pedagogia pela Unitins. \u00c9 Professor da Educa\u00e7\u00e3o B\u00e1sica da Seduc\/TO., e Coordenador Estadual do Programa de Apoio \u00e0 Implementa\u00e7\u00e3o da BNCC (ProBNCC)<\/p>\n\n\n\n<figure class=\"wp-block-image is-resized\"><img loading=\"lazy\" decoding=\"async\" src=\"http:\/\/n1to.com.br\/img\/uploads\/2222_8.jpg\" alt=\"\" width=\"825\" height=\"522\"\/><\/figure>\n\n\n\n<figure class=\"wp-block-image size-full\"><img loading=\"lazy\" decoding=\"async\" width=\"796\" height=\"532\" src=\"https:\/\/focotocantinense.com.br\/wp-content\/uploads\/2022\/07\/111-1.jpg\" alt=\"\" class=\"wp-image-2816\" srcset=\"https:\/\/focotocantinense.com.br\/wp-content\/uploads\/2022\/07\/111-1.jpg 796w, https:\/\/focotocantinense.com.br\/wp-content\/uploads\/2022\/07\/111-1-300x201.jpg 300w, https:\/\/focotocantinense.com.br\/wp-content\/uploads\/2022\/07\/111-1-768x513.jpg 768w, https:\/\/focotocantinense.com.br\/wp-content\/uploads\/2022\/07\/111-1-110x75.jpg 110w\" sizes=\"auto, (max-width: 796px) 100vw, 796px\" \/><\/figure>\n","protected":false},"excerpt":{"rendered":"<p>Por Zacarias Martins A Prefeitura de Tocant\u00ednia, por meio da Secretaria Municipal de Educa\u00e7\u00e3o (Semed), realizou, de 27 a 30 de junho, mais uma etapa dos encontros de di\u00e1logos formativos que teve como p\u00fablico-alvo os profissionais da Rede Municipal de Educa\u00e7\u00e3o.Os di\u00e1logos formativos que aconteceram nas depend\u00eancias da Escola Municipal de Tempo Integral Ant\u00f4nio Benvindo &hellip;<\/p>\n","protected":false},"author":5,"featured_media":2815,"comment_status":"open","ping_status":"open","sticky":false,"template":"","format":"standard","meta":{"footnotes":""},"categories":[78,91],"tags":[],"class_list":["post-2814","post","type-post","status-publish","format-standard","has-post-thumbnail","","category-tocantinia","category-zacarias-martins"],"_links":{"self":[{"href":"https:\/\/focotocantinense.com.br\/index.php?rest_route=\/wp\/v2\/posts\/2814","targetHints":{"allow":["GET"]}}],"collection":[{"href":"https:\/\/focotocantinense.com.br\/index.php?rest_route=\/wp\/v2\/posts"}],"about":[{"href":"https:\/\/focotocantinense.com.br\/index.php?rest_route=\/wp\/v2\/types\/post"}],"author":[{"embeddable":true,"href":"https:\/\/focotocantinense.com.br\/index.php?rest_route=\/wp\/v2\/users\/5"}],"replies":[{"embeddable":true,"href":"https:\/\/focotocantinense.com.br\/index.php?rest_route=%2Fwp%2Fv2%2Fcomments&post=2814"}],"version-history":[{"count":2,"href":"https:\/\/focotocantinense.com.br\/index.php?rest_route=\/wp\/v2\/posts\/2814\/revisions"}],"predecessor-version":[{"id":2819,"href":"https:\/\/focotocantinense.com.br\/index.php?rest_route=\/wp\/v2\/posts\/2814\/revisions\/2819"}],"wp:featuredmedia":[{"embeddable":true,"href":"https:\/\/focotocantinense.com.br\/index.php?rest_route=\/wp\/v2\/media\/2815"}],"wp:attachment":[{"href":"https:\/\/focotocantinense.com.br\/index.php?rest_route=%2Fwp%2Fv2%2Fmedia&parent=2814"}],"wp:term":[{"taxonomy":"category","embeddable":true,"href":"https:\/\/focotocantinense.com.br\/index.php?rest_route=%2Fwp%2Fv2%2Fcategories&post=2814"},{"taxonomy":"post_tag","embeddable":true,"href":"https:\/\/focotocantinense.com.br\/index.php?rest_route=%2Fwp%2Fv2%2Ftags&post=2814"}],"curies":[{"name":"wp","href":"https:\/\/api.w.org\/{rel}","templated":true}]}}