{"id":2809,"date":"2022-06-28T20:55:56","date_gmt":"2022-06-28T23:55:56","guid":{"rendered":"https:\/\/focotocantinense.com.br\/?p=2809"},"modified":"2022-06-28T20:55:57","modified_gmt":"2022-06-28T23:55:57","slug":"livro-sobre-oratoria-de-clifton-morais-sera-lancado-nesta-quinta-feira-em-gurupi","status":"publish","type":"post","link":"https:\/\/focotocantinense.com.br\/?p=2809","title":{"rendered":"Livro sobre orat\u00f3ria, de Clifton Morais, ser\u00e1 lan\u00e7ado nesta quinta-feira, em Gurupi"},"content":{"rendered":"\n<p>Pela Editora Veloso o &nbsp;jornalista e professor Clifton Morais, Lan\u00e7a nesta quinta-feira (30), o s livro,&nbsp;<strong>Falando em P\u00fablico: Manual Pr\u00e1tico de Orat\u00f3ria<\/strong>.&nbsp; A &nbsp;sess\u00e3o&nbsp; de aut\u00f3grafos&nbsp; acontece \u00e0s &nbsp;19 horas, no Centro Cultural Mauro Cunha, em Gurupi.&nbsp;<\/p>\n\n\n\n<p>No livro, o autor fala sobre os conceitos de comunica\u00e7\u00e3o e argumenta\u00e7\u00e3o, a comunica\u00e7\u00e3o visual, controle do nervosismo, entendendo os medos, a observ\u00e2ncia dos traumas sofridos no decorrer da vida que acabam contribuindo para gerar bloqueios na hora de se comunicar, entre outras quest\u00f5es.<\/p>\n\n\n\n<p><strong>Credenciais do autor<\/strong><\/p>\n\n\n\n<p>Clifton Morais Correia \u00e9 jornalista formado pela Universidade de Gurupi (UNIRG), Mestre em Comunica\u00e7\u00e3o e Sociedade pela Universidade Federal do Tocantins (UFT), Especialista em Ensino de Comunica\u00e7\u00e3o\/Temas Contempor\u00e2neos pela (UFT), Especialista em Assessoria de Comunica\u00e7\u00e3o e Novas Tecnologias (IEP). Foi professor do curso de jornalismo da UnirG. Atualmente, \u00a0\u00e9 professor de curso de especializa\u00e7\u00e3o e do curso de pedagogia da Uniplan.<\/p>\n\n\n\n<figure class=\"wp-block-image size-full\"><img loading=\"lazy\" decoding=\"async\" width=\"1000\" height=\"562\" src=\"https:\/\/focotocantinense.com.br\/wp-content\/uploads\/2022\/06\/AAAAAAAAAAAAA-1.jpg\" alt=\"\" class=\"wp-image-2811\" srcset=\"https:\/\/focotocantinense.com.br\/wp-content\/uploads\/2022\/06\/AAAAAAAAAAAAA-1.jpg 1000w, https:\/\/focotocantinense.com.br\/wp-content\/uploads\/2022\/06\/AAAAAAAAAAAAA-1-300x169.jpg 300w, https:\/\/focotocantinense.com.br\/wp-content\/uploads\/2022\/06\/AAAAAAAAAAAAA-1-768x432.jpg 768w\" sizes=\"auto, (max-width: 1000px) 100vw, 1000px\" \/><\/figure>\n\n\n\n<figure class=\"wp-block-image\"><img decoding=\"async\" src=\"http:\/\/n1to.com.br\/img\/uploads\/veloso_banner_62.jpeg\" alt=\"\"\/><\/figure>\n","protected":false},"excerpt":{"rendered":"<p>Pela Editora Veloso o &nbsp;jornalista e professor Clifton Morais, Lan\u00e7a nesta quinta-feira (30), o s livro,&nbsp;Falando em P\u00fablico: Manual Pr\u00e1tico de Orat\u00f3ria.&nbsp; A &nbsp;sess\u00e3o&nbsp; de aut\u00f3grafos&nbsp; acontece \u00e0s &nbsp;19 horas, no Centro Cultural Mauro Cunha, em Gurupi.&nbsp; No livro, o autor fala sobre os conceitos de comunica\u00e7\u00e3o e argumenta\u00e7\u00e3o, a comunica\u00e7\u00e3o visual, controle do nervosismo, &hellip;<\/p>\n","protected":false},"author":5,"featured_media":2810,"comment_status":"open","ping_status":"open","sticky":false,"template":"","format":"standard","meta":{"footnotes":""},"categories":[38],"tags":[],"class_list":["post-2809","post","type-post","status-publish","format-standard","has-post-thumbnail","","category-gurupi"],"_links":{"self":[{"href":"https:\/\/focotocantinense.com.br\/index.php?rest_route=\/wp\/v2\/posts\/2809","targetHints":{"allow":["GET"]}}],"collection":[{"href":"https:\/\/focotocantinense.com.br\/index.php?rest_route=\/wp\/v2\/posts"}],"about":[{"href":"https:\/\/focotocantinense.com.br\/index.php?rest_route=\/wp\/v2\/types\/post"}],"author":[{"embeddable":true,"href":"https:\/\/focotocantinense.com.br\/index.php?rest_route=\/wp\/v2\/users\/5"}],"replies":[{"embeddable":true,"href":"https:\/\/focotocantinense.com.br\/index.php?rest_route=%2Fwp%2Fv2%2Fcomments&post=2809"}],"version-history":[{"count":1,"href":"https:\/\/focotocantinense.com.br\/index.php?rest_route=\/wp\/v2\/posts\/2809\/revisions"}],"predecessor-version":[{"id":2812,"href":"https:\/\/focotocantinense.com.br\/index.php?rest_route=\/wp\/v2\/posts\/2809\/revisions\/2812"}],"wp:featuredmedia":[{"embeddable":true,"href":"https:\/\/focotocantinense.com.br\/index.php?rest_route=\/wp\/v2\/media\/2810"}],"wp:attachment":[{"href":"https:\/\/focotocantinense.com.br\/index.php?rest_route=%2Fwp%2Fv2%2Fmedia&parent=2809"}],"wp:term":[{"taxonomy":"category","embeddable":true,"href":"https:\/\/focotocantinense.com.br\/index.php?rest_route=%2Fwp%2Fv2%2Fcategories&post=2809"},{"taxonomy":"post_tag","embeddable":true,"href":"https:\/\/focotocantinense.com.br\/index.php?rest_route=%2Fwp%2Fv2%2Ftags&post=2809"}],"curies":[{"name":"wp","href":"https:\/\/api.w.org\/{rel}","templated":true}]}}