{"id":2804,"date":"2022-06-28T15:31:31","date_gmt":"2022-06-28T18:31:31","guid":{"rendered":"https:\/\/focotocantinense.com.br\/?p=2804"},"modified":"2022-06-28T15:32:11","modified_gmt":"2022-06-28T18:32:11","slug":"trecho-entre-lajeado-e-tocantinia-sera-asfaltado-e-vilmar-comemora-licitacao","status":"publish","type":"post","link":"https:\/\/focotocantinense.com.br\/?p=2804","title":{"rendered":"Trecho entre Lajeado e Tocant\u00ednia ser\u00e1 asfaltado e Vilmar comemora licita\u00e7\u00e3o"},"content":{"rendered":"\n<figure class=\"wp-block-image size-full is-resized\"><img loading=\"lazy\" decoding=\"async\" src=\"https:\/\/focotocantinense.com.br\/wp-content\/uploads\/2022\/06\/BBB-1.jpg\" alt=\"\" class=\"wp-image-2806\" width=\"344\" height=\"191\" srcset=\"https:\/\/focotocantinense.com.br\/wp-content\/uploads\/2022\/06\/BBB-1.jpg 871w, https:\/\/focotocantinense.com.br\/wp-content\/uploads\/2022\/06\/BBB-1-300x168.jpg 300w, https:\/\/focotocantinense.com.br\/wp-content\/uploads\/2022\/06\/BBB-1-768x429.jpg 768w\" sizes=\"auto, (max-width: 344px) 100vw, 344px\" \/><figcaption>Na manh\u00e3 desta ter\u00e7a, 28, o deputado Vilmar, juntamente com o prefeito Manoel Silvino, de Tocant\u00ednia, recebeu das m\u00e3os do secret\u00e1rio da Infraestrutura M\u00e1rcio Pinheiro o extrato de abertura de licita\u00e7\u00e3o para pavimenta\u00e7\u00e3o do trecho da TO-010, ligando Lajeado a Tocant\u00ednia.<br>O trecho, de 8,03 quil\u00f4metros, \u00a0integra um dos tr\u00eas lotes de implanta\u00e7\u00e3o de rodovias que ser\u00e3o contempladas com projeto ambiental e engenharia, por meio da licita\u00e7\u00e3o que ser\u00e1 aberta no pr\u00f3ximo dia 21 de julho.<br><br>\u201c\u00c9 uma obra muito esperada por aquela comunidade, de grande import\u00e2ncia para a regi\u00e3o e que possu\u00eda alguns impedimentos que agora est\u00e3o pacificados com comunidade ind\u00edgena\u201d, explicou o parlamentar, repercutindo a not\u00edcia durante a sess\u00e3o plen\u00e1ria desta manh\u00e3.<br><br><strong>Luta antiga<\/strong><br>A pavimenta\u00e7\u00e3o da rodovia \u00e9 uma luta antiga do deputado Vilmar. Foi dele a iniciativa de uma audi\u00eancia p\u00fablica em 2019 em Tocant\u00ednia para se discutir, especialmente com a comunidade ind\u00edgena, a viabilidade da pavimenta\u00e7\u00e3o.<br>\u00a0<br>Em Bras\u00edlia, Vilmar, juntamente com os prefeitos da regi\u00e3o, tem feito gest\u00e3o em prol do asfalto para a\u00a0TO-010\u00a0e para a BR-235, para beneficiar as cidades de Tocant\u00ednia, Pedro Afonso, Bom Jesus, Santa Maria,\u00a0 Recursol\u00e2ndia, Centen\u00e1rio, Itacaj\u00e1 e Rio Sono e consequentemente tir\u00e1-las do isolamento e garantir a chegada de mais desenvolvimento.<\/figcaption><\/figure>\n","protected":false},"excerpt":{"rendered":"<p>Na manh\u00e3 desta ter\u00e7a, 28, o deputado Vilmar, juntamente com o prefeito Manoel Silvino, de Tocant\u00ednia, recebeu das m\u00e3os do secret\u00e1rio da Infraestrutura M\u00e1rcio Pinheiro o extrato de abertura de licita\u00e7\u00e3o para pavimenta\u00e7\u00e3o do trecho da TO-010, ligando Lajeado a Tocant\u00ednia.O trecho, de 8,03 quil\u00f4metros, \u00a0integra um dos tr\u00eas lotes de implanta\u00e7\u00e3o de rodovias que &hellip;<\/p>\n","protected":false},"author":5,"featured_media":2805,"comment_status":"open","ping_status":"open","sticky":false,"template":"","format":"standard","meta":{"footnotes":""},"categories":[78,91],"tags":[],"class_list":["post-2804","post","type-post","status-publish","format-standard","has-post-thumbnail","","category-tocantinia","category-zacarias-martins"],"_links":{"self":[{"href":"https:\/\/focotocantinense.com.br\/index.php?rest_route=\/wp\/v2\/posts\/2804","targetHints":{"allow":["GET"]}}],"collection":[{"href":"https:\/\/focotocantinense.com.br\/index.php?rest_route=\/wp\/v2\/posts"}],"about":[{"href":"https:\/\/focotocantinense.com.br\/index.php?rest_route=\/wp\/v2\/types\/post"}],"author":[{"embeddable":true,"href":"https:\/\/focotocantinense.com.br\/index.php?rest_route=\/wp\/v2\/users\/5"}],"replies":[{"embeddable":true,"href":"https:\/\/focotocantinense.com.br\/index.php?rest_route=%2Fwp%2Fv2%2Fcomments&post=2804"}],"version-history":[{"count":2,"href":"https:\/\/focotocantinense.com.br\/index.php?rest_route=\/wp\/v2\/posts\/2804\/revisions"}],"predecessor-version":[{"id":2808,"href":"https:\/\/focotocantinense.com.br\/index.php?rest_route=\/wp\/v2\/posts\/2804\/revisions\/2808"}],"wp:featuredmedia":[{"embeddable":true,"href":"https:\/\/focotocantinense.com.br\/index.php?rest_route=\/wp\/v2\/media\/2805"}],"wp:attachment":[{"href":"https:\/\/focotocantinense.com.br\/index.php?rest_route=%2Fwp%2Fv2%2Fmedia&parent=2804"}],"wp:term":[{"taxonomy":"category","embeddable":true,"href":"https:\/\/focotocantinense.com.br\/index.php?rest_route=%2Fwp%2Fv2%2Fcategories&post=2804"},{"taxonomy":"post_tag","embeddable":true,"href":"https:\/\/focotocantinense.com.br\/index.php?rest_route=%2Fwp%2Fv2%2Ftags&post=2804"}],"curies":[{"name":"wp","href":"https:\/\/api.w.org\/{rel}","templated":true}]}}