{"id":2800,"date":"2022-06-27T20:08:18","date_gmt":"2022-06-27T23:08:18","guid":{"rendered":"https:\/\/focotocantinense.com.br\/?p=2800"},"modified":"2022-06-27T20:08:20","modified_gmt":"2022-06-27T23:08:20","slug":"equipe-do-tocantinia-e-vice-campea-do-copao-tocantins-de-futebol-amador","status":"publish","type":"post","link":"https:\/\/focotocantinense.com.br\/?p=2800","title":{"rendered":"Equipe do Tocant\u00ednia \u00e9 vice-campe\u00e3 do Cop\u00e3o Tocantins de Futebol Amador"},"content":{"rendered":"\n<p>A decis\u00e3o final disputada pelo t\u00edtulo do Cop\u00e3o Tocantins aconteceu neste domingo (26), no Est\u00e1dio Resend\u00e3o, &nbsp;em Gurupi. No jogo de volta, Tocant\u00ednia perdeu por 3 a 0 para&nbsp; a equipe da casa, &nbsp;o Maxzen. No placar agregado do jogo o resultado final ficou 3 a 1 em dois jogos. Com esse resultado o Maxzen se consagrou o campe\u00e3o do Cop\u00e3o Tocantins 1\u00aa Edi\u00e7\u00e3o.<\/p>\n\n\n\n<p>O campeonato amador realizado pelo Governo do Estado teve 101 munic\u00edpios e 129 equipes participantes e o time do munic\u00edpio de Tocant\u00ednia, o Tocant\u00ednia Futebol Clube ganhou destaque na competi\u00e7\u00e3o chegando \u00e0 grande decis\u00e3o final sem sofrer nenhuma derrota. O time disputou 10 partidas e perdeu apenas o jogo do t\u00edtulo que resultou no vice-campe\u00e3o do Cop\u00e3o.<\/p>\n\n\n\n<p>No in\u00edcio da competi\u00e7\u00e3o, a equipe come\u00e7ou t\u00edmida, mas a cada jogo disputado foi crescendo e ganhando a confian\u00e7a da comiss\u00e3o t\u00e9cnica, dos apoiadores e caiu na gra\u00e7a tamb\u00e9m dos torcedores que teve at\u00e9 torcida organizada que acompanharam todos os jogos apoiando e incentivando os jogadores em campo. E nos jogos finais n\u00e3o foi diferente. A torcida compareceu em peso para dar for\u00e7a ao time da cidade.<\/p>\n\n\n\n<p>O secret\u00e1rio de Juventude e Esportes Adalton Pereira fez as considera\u00e7\u00f5es positivas sobre atua\u00e7\u00e3o dos jogadores e da comiss\u00e3o t\u00e9cnica que se empenharam para chegar na final do Cop\u00e3o. Parabenizou toda a equipe pela garra e compromisso que tiveram at\u00e9 o \u00faltimo apito do jogo. E agradeceu ao prefeito Manoel Silvino, o vice Jo\u00e3o Alberto, vereadores e aos secret\u00e1rios pelo apoio que deram para os atletas competirem o campeonato por meio da Secretaria de Juventude e Esportes.<\/p>\n\n\n\n<p>Durante a cerim\u00f4nia de premia\u00e7\u00e3o do Cop\u00e3o Tocantins, &nbsp;tanto o secret\u00e1rio dos Esportes e Juventude Fl\u00e1vio Cabanha, como o secret\u00e1rio executivo da pasta Fradneis Fiomare, &nbsp;em seus discursos destacaram o gestor do munic\u00edpio de Tocant\u00ednia que deu apoio total para o time da cidade na competi\u00e7\u00e3o.<\/p>\n\n\n\n<p>&nbsp;\u201cQuero parabenizar o prefeito Manoel Silvino, o vice Jo\u00e3o Alberto, os vereadores, os secret\u00e1rios que n\u00e3o mediram os esfor\u00e7os para apoiar os atletas de sua cidade. Somos provas disso porque em todos os jogos que estivemos eles estavam presentes dando incentivos e motiva\u00e7\u00f5es aos jogadores dentro e fora do campo. Sem falar dos torcedores que eles levavam para os locais dos jogos. Tocant\u00ednia deu exemplo desportista para todos n\u00f3s\u201d destacou o secret\u00e1rio executivo Fraudneis.&nbsp;&nbsp;&nbsp; &nbsp;<\/p>\n\n\n\n<p>O prefeito Manoel Silvino em seu discurso na cerim\u00f4nia de premia\u00e7\u00e3o do Cop\u00e3o Tocantins parabenizou a equipe do Tocant\u00ednia FC e Maxzen FC que chegaram \u00e0 decis\u00e3o do t\u00edtulo.<\/p>\n\n\n\n<p>Em reconhecimento \u00e0 determina\u00e7\u00e3o da equipe do Tocant\u00ednia FC, o prefeito Silvino enalteceu os atletas. \u201cN\u00e3o poderia deixar de parabenizar a nossa equipe do Tocant\u00ednia, pela garra e determina\u00e7\u00e3o. N\u00e3o precisa baixar a cabe\u00e7a. N\u00f3s deixamos 99 munic\u00edpios para tr\u00e1s. Come\u00e7amos agora, &nbsp;e vamos continuar lutando. Est\u00e3o de parab\u00e9ns! O resultado que n\u00e3o agradou a nossa torcida que veio confiante de levar o trof\u00e9u, mas o segundo lugar \u00e9 merecido pela determina\u00e7\u00e3o e dedica\u00e7\u00e3o de voc\u00eas. Parab\u00e9ns ao Maxzen. Parab\u00e9ns a equipe do Tocant\u00ednia. Parab\u00e9ns ao Governo do Estado que fez o campeonato brilhante\u201d, destacou o prefeito Silvino.<\/p>\n\n\n\n<figure class=\"wp-block-image\"><img decoding=\"async\" src=\"http:\/\/n1to.com.br\/img\/uploads\/AAA_5.jpg\" alt=\"\"\/><figcaption>A equipe do Tocant\u00ednia mostrou muita garra em campo e ficou como vice-campe\u00e3 da competi\u00e7\u00e3o<\/figcaption><\/figure>\n","protected":false},"excerpt":{"rendered":"<p>A decis\u00e3o final disputada pelo t\u00edtulo do Cop\u00e3o Tocantins aconteceu neste domingo (26), no Est\u00e1dio Resend\u00e3o, &nbsp;em Gurupi. No jogo de volta, Tocant\u00ednia perdeu por 3 a 0 para&nbsp; a equipe da casa, &nbsp;o Maxzen. No placar agregado do jogo o resultado final ficou 3 a 1 em dois jogos. Com esse resultado o Maxzen &hellip;<\/p>\n","protected":false},"author":5,"featured_media":2801,"comment_status":"open","ping_status":"open","sticky":false,"template":"","format":"standard","meta":{"footnotes":""},"categories":[78],"tags":[],"class_list":["post-2800","post","type-post","status-publish","format-standard","has-post-thumbnail","","category-tocantinia"],"_links":{"self":[{"href":"https:\/\/focotocantinense.com.br\/index.php?rest_route=\/wp\/v2\/posts\/2800","targetHints":{"allow":["GET"]}}],"collection":[{"href":"https:\/\/focotocantinense.com.br\/index.php?rest_route=\/wp\/v2\/posts"}],"about":[{"href":"https:\/\/focotocantinense.com.br\/index.php?rest_route=\/wp\/v2\/types\/post"}],"author":[{"embeddable":true,"href":"https:\/\/focotocantinense.com.br\/index.php?rest_route=\/wp\/v2\/users\/5"}],"replies":[{"embeddable":true,"href":"https:\/\/focotocantinense.com.br\/index.php?rest_route=%2Fwp%2Fv2%2Fcomments&post=2800"}],"version-history":[{"count":1,"href":"https:\/\/focotocantinense.com.br\/index.php?rest_route=\/wp\/v2\/posts\/2800\/revisions"}],"predecessor-version":[{"id":2802,"href":"https:\/\/focotocantinense.com.br\/index.php?rest_route=\/wp\/v2\/posts\/2800\/revisions\/2802"}],"wp:featuredmedia":[{"embeddable":true,"href":"https:\/\/focotocantinense.com.br\/index.php?rest_route=\/wp\/v2\/media\/2801"}],"wp:attachment":[{"href":"https:\/\/focotocantinense.com.br\/index.php?rest_route=%2Fwp%2Fv2%2Fmedia&parent=2800"}],"wp:term":[{"taxonomy":"category","embeddable":true,"href":"https:\/\/focotocantinense.com.br\/index.php?rest_route=%2Fwp%2Fv2%2Fcategories&post=2800"},{"taxonomy":"post_tag","embeddable":true,"href":"https:\/\/focotocantinense.com.br\/index.php?rest_route=%2Fwp%2Fv2%2Ftags&post=2800"}],"curies":[{"name":"wp","href":"https:\/\/api.w.org\/{rel}","templated":true}]}}