{"id":2786,"date":"2022-06-27T12:57:19","date_gmt":"2022-06-27T15:57:19","guid":{"rendered":"https:\/\/focotocantinense.com.br\/?p=2786"},"modified":"2022-06-27T13:13:48","modified_gmt":"2022-06-27T16:13:48","slug":"alunos-da-escola-municipal-benvindo-souza-luz-em-tocantinia-elegem-a-nova-diretoria-do-gremio-estudantil","status":"publish","type":"post","link":"https:\/\/focotocantinense.com.br\/?p=2786","title":{"rendered":"Alunos da Escola Municipal Benvindo Souza Luz, em Tocant\u00ednia, elegem a nova diretoria do Gr\u00eamio Estudantil"},"content":{"rendered":"\n<p><strong>Por Zacarias Martins<\/strong><\/p>\n\n\n\n<p>Na sexta-feira, 24, a Escola Municipal Benvindo Souza Luz, localizada no Assentamento \u00c1gua Fria II, munic\u00edpio de Tocant\u00ednia, realizou a elei\u00e7\u00e3o e posse da nova diretoria do Gr\u00eamio Estudantil.<\/p>\n\n\n\n<p>Numa disputa acirrada e que contou com a participa\u00e7\u00e3o \u00a0ativa dos alunos, a\u00a0 Chapa Nova Gera\u00e7\u00e3o, que tem como presidente a aluna Laylla Beatriz, que cursa o s\u00e9timo ano, \u00a0venceu a Chapa Unidos por um bem\u00a0 maior.<\/p>\n\n\n\n<p>O diretor da unidade escolar, Nilton Nonato da Costa parabenizou a chapa vencedora desse pleito e deu posse \u00e0 nova diretoria do Gr\u00eamio Estudantil, desejando \u00e0 nova presidente, Laylla Beatriz, muito sucesso na sua gest\u00e3o. O diretor ainda lembrou que o gr\u00eamio \u00e9 o \u00f3rg\u00e3o m\u00e1ximo de representa\u00e7\u00e3o dos estudantes da escola. Atuando nele, o aluno defende seus direitos e interesses e aprende \u00e9tica e cidadania na pr\u00e1tica. \u201cA Secretaria Municipal de Educa\u00e7\u00e3o de Tocant\u00ednia, na pessoa do nosso secret\u00e1rio, Andr\u00e9 Goveia, entende que toda representa\u00e7\u00e3o estudantil deve ser estimulada, pois ela aponta um caminho para a democratiza\u00e7\u00e3o da Escola\u201d, concluiu Nilton Nonato.<\/p>\n\n\n\n<p><strong>NOVA DIRETORIA<\/strong><\/p>\n\n\n\n<p><strong>Presidente:&nbsp; <\/strong>Laylla Beatriz Pereira Concei\u00e7\u00e3o<br><strong>Vice Presidente<\/strong>:&nbsp; Luyz Fernando Alves de Souza<br><strong>Secret\u00e1rio-geral: <\/strong>Jo\u00e3o Pedro Saraiva de N\u00f3brega<br><strong>1\u00aa Secret\u00e1ria:&nbsp; <\/strong>Fab\u00edola Nunes Oliveira<br><strong>Tesoureiro-Geral: <\/strong>Jo\u00e3o Pedro de Coutinho Oliveira<br><strong>1\u00aa Tesoureira:&nbsp; <\/strong>L\u00edvia Batista Barreira de Sousa<br><strong>Diretor Social: <\/strong>Thyago Pereira da Silva<br><strong>Diretor de Imprensa:&nbsp; <\/strong>Lara Beatriz Pereira da Silva<br><strong>Diretor de Esportes:&nbsp; <\/strong>Dorival J\u00fanior Pereira da Silva<br><strong>Diretor de Cultura: <\/strong>Miguel Saraiva da N\u00f3brega<br><strong>Diretor de Sa\u00fade e Meio Ambiente: <\/strong>Pedro Wesley Martins Bandeira<\/p>\n\n\n\n<figure class=\"wp-block-image\"><img decoding=\"async\" src=\"http:\/\/n1to.com.br\/img\/uploads\/cccc_10.jpg\" alt=\"\"\/><\/figure>\n\n\n\n<figure class=\"wp-block-image\"><img decoding=\"async\" src=\"http:\/\/n1to.com.br\/img\/uploads\/dddd_8.jpg\" alt=\"\"\/><\/figure>\n\n\n\n<figure class=\"wp-block-image is-resized\"><img loading=\"lazy\" decoding=\"async\" src=\"http:\/\/n1to.com.br\/img\/uploads\/ffff.jpg\" alt=\"\" width=\"836\" height=\"639\"\/><\/figure>\n\n\n\n<figure class=\"wp-block-image\"><img decoding=\"async\" src=\"http:\/\/n1to.com.br\/img\/uploads\/hhhh.jpg\" alt=\"\"\/><\/figure>\n\n\n\n<figure class=\"wp-block-image\"><img decoding=\"async\" src=\"http:\/\/n1to.com.br\/img\/uploads\/eee_2.jpg\" alt=\"\"\/><\/figure>\n\n\n\n<figure class=\"wp-block-image size-full\"><img loading=\"lazy\" decoding=\"async\" width=\"878\" height=\"399\" src=\"https:\/\/focotocantinense.com.br\/wp-content\/uploads\/2022\/06\/xxxxx-1.jpg\" alt=\"\" class=\"wp-image-2789\" srcset=\"https:\/\/focotocantinense.com.br\/wp-content\/uploads\/2022\/06\/xxxxx-1.jpg 878w, https:\/\/focotocantinense.com.br\/wp-content\/uploads\/2022\/06\/xxxxx-1-300x136.jpg 300w, https:\/\/focotocantinense.com.br\/wp-content\/uploads\/2022\/06\/xxxxx-1-768x349.jpg 768w\" sizes=\"auto, (max-width: 878px) 100vw, 878px\" \/><\/figure>\n\n\n\n<p><\/p>\n","protected":false},"excerpt":{"rendered":"<p>Por Zacarias Martins Na sexta-feira, 24, a Escola Municipal Benvindo Souza Luz, localizada no Assentamento \u00c1gua Fria II, munic\u00edpio de Tocant\u00ednia, realizou a elei\u00e7\u00e3o e posse da nova diretoria do Gr\u00eamio Estudantil. Numa disputa acirrada e que contou com a participa\u00e7\u00e3o \u00a0ativa dos alunos, a\u00a0 Chapa Nova Gera\u00e7\u00e3o, que tem como presidente a aluna Laylla &hellip;<\/p>\n","protected":false},"author":5,"featured_media":2787,"comment_status":"open","ping_status":"open","sticky":false,"template":"","format":"standard","meta":{"footnotes":""},"categories":[78,91],"tags":[],"class_list":["post-2786","post","type-post","status-publish","format-standard","has-post-thumbnail","","category-tocantinia","category-zacarias-martins"],"_links":{"self":[{"href":"https:\/\/focotocantinense.com.br\/index.php?rest_route=\/wp\/v2\/posts\/2786","targetHints":{"allow":["GET"]}}],"collection":[{"href":"https:\/\/focotocantinense.com.br\/index.php?rest_route=\/wp\/v2\/posts"}],"about":[{"href":"https:\/\/focotocantinense.com.br\/index.php?rest_route=\/wp\/v2\/types\/post"}],"author":[{"embeddable":true,"href":"https:\/\/focotocantinense.com.br\/index.php?rest_route=\/wp\/v2\/users\/5"}],"replies":[{"embeddable":true,"href":"https:\/\/focotocantinense.com.br\/index.php?rest_route=%2Fwp%2Fv2%2Fcomments&post=2786"}],"version-history":[{"count":8,"href":"https:\/\/focotocantinense.com.br\/index.php?rest_route=\/wp\/v2\/posts\/2786\/revisions"}],"predecessor-version":[{"id":2799,"href":"https:\/\/focotocantinense.com.br\/index.php?rest_route=\/wp\/v2\/posts\/2786\/revisions\/2799"}],"wp:featuredmedia":[{"embeddable":true,"href":"https:\/\/focotocantinense.com.br\/index.php?rest_route=\/wp\/v2\/media\/2787"}],"wp:attachment":[{"href":"https:\/\/focotocantinense.com.br\/index.php?rest_route=%2Fwp%2Fv2%2Fmedia&parent=2786"}],"wp:term":[{"taxonomy":"category","embeddable":true,"href":"https:\/\/focotocantinense.com.br\/index.php?rest_route=%2Fwp%2Fv2%2Fcategories&post=2786"},{"taxonomy":"post_tag","embeddable":true,"href":"https:\/\/focotocantinense.com.br\/index.php?rest_route=%2Fwp%2Fv2%2Ftags&post=2786"}],"curies":[{"name":"wp","href":"https:\/\/api.w.org\/{rel}","templated":true}]}}