{"id":2783,"date":"2022-06-26T18:19:49","date_gmt":"2022-06-26T21:19:49","guid":{"rendered":"https:\/\/focotocantinense.com.br\/?p=2783"},"modified":"2022-06-26T18:19:50","modified_gmt":"2022-06-26T21:19:50","slug":"com-enredo-marcante-quadrilha-fogo-de-pimenta-vence-arraia-da-amizade-em-gurupi","status":"publish","type":"post","link":"https:\/\/focotocantinense.com.br\/?p=2783","title":{"rendered":"Com enredo marcante Quadrilha Fogo de Pimenta vence Arrai\u00e1 da Amizade em Gurupi"},"content":{"rendered":"\n<p>&nbsp;A quadrilha Fogo de Pimenta ganhou a disputa da melhor apresenta\u00e7\u00e3o entre as grandes quadrilhas da 21a edi\u00e7\u00e3o do Arrai\u00e1 da Amizade, em Gurupi, neste \u00faltimo s\u00e1bado, 25. Al\u00e9m do trof\u00e9u, o grupo faturou um pr\u00eamio no valor de dez sal\u00e1rios m\u00ednimos. O &nbsp;&nbsp;tema escolhido pelo grupo foi \u201cMais oportunidade para os jovens\u201d que mostrou a hist\u00f3ria do menino Virgulino Lampi\u00e3o no nordeste do pa\u00eds e sua busca por oportunidades para os pobres. &nbsp;&nbsp;A prefeita Josi Nunes foi quem fez as honras do festejo, agradecendo a presen\u00e7a da comunidade e o esfor\u00e7o dos quadrilheiros que segundo ela, deram um show no tablado.<\/p>\n\n\n\n<p>\u201cEstou muito feliz com tudo que vi aqui. Foi um esfor\u00e7o muito grande de ensaios destes grupos para tudo sair t\u00e3o lindo e n\u00f3s reconhecemos tudo isso! Vamos seguir investindo na nossa cultural que \u00e9 t\u00e3o rica e est\u00e1 a\u00ed o Arrai\u00e1 da Amizade que prova o quanto ela \u00e9 importante. Esse ano para enriquecer a festa, montamos um tablado novo para os dan\u00e7arinos, abrimos mais barraquinhas para os comerciantes e caracterizamos com pain\u00e9is interativos para fotos, toda pra\u00e7a do Centro Cultural Mauro Cunha. Tudo para receber da melhor forma poss\u00edvel nosso p\u00fablico. Por isso, quero agradecer a todos os envolvidos neste lindo espet\u00e1culo cultural e tamb\u00e9m a popula\u00e7\u00e3o de Gurupi que compareceu em peso, todas as noites do arrai\u00e1,\u201d disse a prefeita durante a premia\u00e7\u00e3o.<\/p>\n\n\n\n<p>\u201c\u00c9 tudo t\u00e3o lindo! N\u00f3s da quadrilha Fogo de Pimenta j\u00e1 somos Bicampe\u00f5es do Arrai\u00e1 da Amizade! E n\u00f3s temos um lema: crian\u00e7a tamb\u00e9m sabe dan\u00e7ar! S\u00f3 basta se dedicar, se esfor\u00e7ar e n\u00f3s viemos com um grupo formado por elas e t\u00e1 aqui o resultado!&nbsp; Essas crian\u00e7as mereceram muito este t\u00edtulo, estou muito feliz com o resultado positivo fruto de todo nosso esfor\u00e7o,\u201d comemorou Emerson Gomes, professor e integrante do grupo. &nbsp;&nbsp;<\/p>\n\n\n\n<p>\u201cDepois de tanto tempo sem dan\u00e7ar, de dois anos de pandemia foi emocionante e eu quero continuar aqui curtindo o meu tricampeonato como Rainha do Arrai\u00e1 e bicampeonato do meu grupo Fogo de Pimenta! Estou muito, muito feliz,\u201d disse Maria Eduarda integrante da quadrilha vencedora e Rainha do Arrai\u00e1 deste ano.<\/p>\n\n\n\n<p>Ainda sobre a categoria de melhor apresenta\u00e7\u00e3o ficaram com o segundo lugar os quadrilheiros do grupo Imp\u00e9rio Nordestina e em terceiro o CEM Bom Jesus.&nbsp; Mas houve tamb\u00e9m a premia\u00e7\u00e3o do concurso de melhor animador marcador de quadrilha que ficou com Leandro Sampaio da Quadrilha CEM Bom Jesus. E a noite n\u00e3o acabou encerrou com a premia\u00e7\u00e3o, teve ainda muito arrasta p\u00e9 com os shows de Deusa Pinheiro e a banda Esquema Brasil.<\/p>\n\n\n\n<p>\u201cTudo aconteceu como esper\u00e1vamos, uma festa linda, com muitas comidas t\u00edpicas, muita dan\u00e7a e espet\u00e1culos mostrados por nossas quadrilhas! E o melhor de tudo \u00e9 que elas foram devidamente premiadas porque mereceram.&nbsp;A quadrilha estilizada vencedora levou trof\u00e9u, mais o valor de 50% de 20 sal\u00e1rios-m\u00ednimos, as quadrilhas comunidade ou grupo de acesso 50% de 10 sal\u00e1rios-m\u00ednimos mais trof\u00e9u.&nbsp;Ano que vem tenho certeza que o festejo ser\u00e1 ainda maior,\u201d frisou a Secret\u00e1ria de Cultura e Turismo, Amanda Costa. &nbsp;<\/p>\n\n\n\n<figure class=\"wp-block-image\"><img decoding=\"async\" src=\"https:\/\/gurupi.to.gov.br\/wp-content\/uploads\/2022\/06\/WhatsApp-Image-2022-06-26-at-01.44.49-1-1000x650.jpeg\" alt=\"\"\/><\/figure>\n\n\n\n<figure class=\"wp-block-image\"><img decoding=\"async\" src=\"https:\/\/gurupi.to.gov.br\/wp-content\/uploads\/2022\/06\/WhatsApp-Image-2022-06-26-at-01.45.45.jpeg\" alt=\"\"\/><\/figure>\n\n\n\n<figure class=\"wp-block-image\"><img decoding=\"async\" src=\"http:\/\/n1to.com.br\/img\/uploads\/TIO_BARNABEE_OK_108.jpg\" alt=\"\"\/><\/figure>\n","protected":false},"excerpt":{"rendered":"<p>&nbsp;A quadrilha Fogo de Pimenta ganhou a disputa da melhor apresenta\u00e7\u00e3o entre as grandes quadrilhas da 21a edi\u00e7\u00e3o do Arrai\u00e1 da Amizade, em Gurupi, neste \u00faltimo s\u00e1bado, 25. Al\u00e9m do trof\u00e9u, o grupo faturou um pr\u00eamio no valor de dez sal\u00e1rios m\u00ednimos. O &nbsp;&nbsp;tema escolhido pelo grupo foi \u201cMais oportunidade para os jovens\u201d que mostrou &hellip;<\/p>\n","protected":false},"author":5,"featured_media":2784,"comment_status":"open","ping_status":"open","sticky":false,"template":"","format":"standard","meta":{"footnotes":""},"categories":[38],"tags":[],"class_list":["post-2783","post","type-post","status-publish","format-standard","has-post-thumbnail","","category-gurupi"],"_links":{"self":[{"href":"https:\/\/focotocantinense.com.br\/index.php?rest_route=\/wp\/v2\/posts\/2783","targetHints":{"allow":["GET"]}}],"collection":[{"href":"https:\/\/focotocantinense.com.br\/index.php?rest_route=\/wp\/v2\/posts"}],"about":[{"href":"https:\/\/focotocantinense.com.br\/index.php?rest_route=\/wp\/v2\/types\/post"}],"author":[{"embeddable":true,"href":"https:\/\/focotocantinense.com.br\/index.php?rest_route=\/wp\/v2\/users\/5"}],"replies":[{"embeddable":true,"href":"https:\/\/focotocantinense.com.br\/index.php?rest_route=%2Fwp%2Fv2%2Fcomments&post=2783"}],"version-history":[{"count":1,"href":"https:\/\/focotocantinense.com.br\/index.php?rest_route=\/wp\/v2\/posts\/2783\/revisions"}],"predecessor-version":[{"id":2785,"href":"https:\/\/focotocantinense.com.br\/index.php?rest_route=\/wp\/v2\/posts\/2783\/revisions\/2785"}],"wp:featuredmedia":[{"embeddable":true,"href":"https:\/\/focotocantinense.com.br\/index.php?rest_route=\/wp\/v2\/media\/2784"}],"wp:attachment":[{"href":"https:\/\/focotocantinense.com.br\/index.php?rest_route=%2Fwp%2Fv2%2Fmedia&parent=2783"}],"wp:term":[{"taxonomy":"category","embeddable":true,"href":"https:\/\/focotocantinense.com.br\/index.php?rest_route=%2Fwp%2Fv2%2Fcategories&post=2783"},{"taxonomy":"post_tag","embeddable":true,"href":"https:\/\/focotocantinense.com.br\/index.php?rest_route=%2Fwp%2Fv2%2Ftags&post=2783"}],"curies":[{"name":"wp","href":"https:\/\/api.w.org\/{rel}","templated":true}]}}