{"id":2778,"date":"2022-06-24T16:36:05","date_gmt":"2022-06-24T19:36:05","guid":{"rendered":"https:\/\/focotocantinense.com.br\/?p=2778"},"modified":"2022-06-24T16:36:45","modified_gmt":"2022-06-24T19:36:45","slug":"retirada-da-vacinacao-contra-febre-aftosa-e-debatida-em-audiencia-publica","status":"publish","type":"post","link":"https:\/\/focotocantinense.com.br\/?p=2778","title":{"rendered":"Retirada da vacina\u00e7\u00e3o contra febre aftosa \u00e9 debatida em audi\u00eancia p\u00fablica"},"content":{"rendered":"\n<p>A Assembleia Legislativa do Estado do Tocantins (Aleto) realizou na manh\u00e3 desta quinta-feira, 23, audi\u00eancia p\u00fablica na qual foi debatido o Plano Estrat\u00e9gico 2017-2026, referente ao Programa Nacional de Erradica\u00e7\u00e3o e Preven\u00e7\u00e3o da Febre Aftosa. O objetivo do Parlamento e da Adapec com o evento foi o de realizar uma das etapas necess\u00e1rias para a retirada da vacina\u00e7\u00e3o contra a doen\u00e7a no Estado.<\/p>\n\n\n\n<p>A audi\u00eancia p\u00fablica foi viabilizada pelo presidente da Casa, deputado Antonio Andrade (Republicanos), atendendo a solicita\u00e7\u00e3o da pr\u00f3pria Adapec. &#8220;O tema debatido \u00e9 de grande import\u00e2ncia para a sociedade, e um momento muito importante para o Tocantins, j\u00e1 que se prepara para a exclus\u00e3o da vacina\u00e7\u00e3o contra a febre aftosa&#8221;, justificou.<\/p>\n\n\n\n<p>Em nome da Aleto, Andrade agradeceu o trabalho que leva ganho para o agricultor. \u201cSe erradicamos a febre aftosa, \u00e9 por causa do desempenho dos servidores e das servidoras [da Adapec]\u201d, disse.<\/p>\n\n\n\n<p>Ele colocou o Legislativo \u00e0 disposi\u00e7\u00e3o para dar continuidade na colabora\u00e7\u00e3o do trabalho da Ag\u00eancia de Vigil\u00e2ncia e demais parceiros na defesa agropecu\u00e1ria do Tocantins.<\/p>\n\n\n\n<p><strong>Orgulho<\/strong><\/p>\n\n\n\n<p>A coordena\u00e7\u00e3o dos trabalhos da reuni\u00e3o foi feita pelo deputado Cleiton Cardoso (Republicanos). &#8220;Quando voc\u00ea v\u00ea uma institui\u00e7\u00e3o investindo recursos e dando resultados, \u00e9 um orgulho para a popula\u00e7\u00e3o e para este Parlamento\u201d, garantiu.<\/p>\n\n\n\n<p>Cleiton garantiu ser gratificante conduzir uma reuni\u00e3o para mostrar resultados, pois, segundo ele, o Estado cresceu muito no agroneg\u00f3cio, ao lembrar que antes havia grande preocupa\u00e7\u00e3o com a aftosa, mas que agora est\u00e1 ficando livre da obriga\u00e7\u00e3o de vacina\u00e7\u00e3o.<\/p>\n\n\n\n<p>\u201cO Tocantins, que tem a melhor carne do Brasil, s\u00f3 tem a ganhar com essa retirada. A Adapec e o Estado podem contar com esta Casa, que estar\u00e1 sempre pronta para ajud\u00e1-los\u201d, comemorou.<\/p>\n\n\n\n<p><strong>Parcerias<\/strong><\/p>\n\n\n\n<p>Lenito Coelho Abreu, vice-presidente da Adapec, afirmou que a conquista de retirada da vacina contra a aftosa, al\u00e9m do trabalho t\u00e9cnico do \u00f3rg\u00e3o de vigil\u00e2ncia, deve-se tamb\u00e9m \u00e0 parceria e aos recursos liberados pelos parlamentares, bem como \u00e0 ades\u00e3o dos produtores.<\/p>\n\n\n\n<p>Segundo ele, a audi\u00eancia p\u00fablica faz parte de uma s\u00e9rie de etapas e exig\u00eancias do Minist\u00e9rio da Agricultura para que seja promovida a retirada da vacina. \u201cA audi\u00eancia serve para que a sociedade conhe\u00e7a o que est\u00e1 sendo feito e tamb\u00e9m visa mobilizar a classe pol\u00edtica, pois s\u00e3o eles quem aprovam as leis que ir\u00e3o ajudar nesse processo, que depende de a\u00e7\u00f5es legais e de recursos financeiros\u201d, explicou.<\/p>\n\n\n\n<p>O representante da Adapec explicou ainda que a vacina\u00e7\u00e3o ser\u00e1 realizada pela \u00faltima vez em novembro de 2022 e que a partir de 2023 o Estado estar\u00e1 livre de vacina\u00e7\u00e3o contra a referida doen\u00e7a.<\/p>\n\n\n\n<p><strong>Certifica\u00e7\u00e3o<\/strong><\/p>\n\n\n\n<p>M\u00e9dico respons\u00e1vel pelo Programa de Vigil\u00e2ncia em Febre Aftosa, Jo\u00e3o Eduardo Pires disse durante exposi\u00e7\u00e3o no evento que em 2025, dois anos ap\u00f3s a suspens\u00e3o da imuniza\u00e7\u00e3o, o Tocantins vai pleitear o Certificado de Estado Livre da Febre Aftosa.<\/p>\n\n\n\n<p>A audi\u00eancia contou com outros servidores da Adapec, do Minist\u00e9rio da Agricultura, do Ruraltins e da Secretaria de Estado da Agricultura, bem como representantes do Sindicato das Ind\u00fastrias Frigor\u00edficas do Estado\u00a0 (Sindcanes), da Associa\u00e7\u00e3o dos Inspetores de Defesa Agropecu\u00e1ria\u00a0 (Assindefesa) e do Fundo Privado de Defesa Agropecu\u00e1ria do Estado do Tocantins (Fundeagro).<\/p>\n\n\n\n<figure class=\"wp-block-image size-large\"><img loading=\"lazy\" decoding=\"async\" width=\"1024\" height=\"652\" src=\"https:\/\/focotocantinense.com.br\/wp-content\/uploads\/2022\/06\/image-11-1024x652.png\" alt=\"\" class=\"wp-image-2780\" srcset=\"https:\/\/focotocantinense.com.br\/wp-content\/uploads\/2022\/06\/image-11-1024x652.png 1024w, https:\/\/focotocantinense.com.br\/wp-content\/uploads\/2022\/06\/image-11-300x191.png 300w, https:\/\/focotocantinense.com.br\/wp-content\/uploads\/2022\/06\/image-11-768x489.png 768w, https:\/\/focotocantinense.com.br\/wp-content\/uploads\/2022\/06\/image-11.png 1130w\" sizes=\"auto, (max-width: 1024px) 100vw, 1024px\" \/><\/figure>\n","protected":false},"excerpt":{"rendered":"<p>A Assembleia Legislativa do Estado do Tocantins (Aleto) realizou na manh\u00e3 desta quinta-feira, 23, audi\u00eancia p\u00fablica na qual foi debatido o Plano Estrat\u00e9gico 2017-2026, referente ao Programa Nacional de Erradica\u00e7\u00e3o e Preven\u00e7\u00e3o da Febre Aftosa. O objetivo do Parlamento e da Adapec com o evento foi o de realizar uma das etapas necess\u00e1rias para a &hellip;<\/p>\n","protected":false},"author":5,"featured_media":2779,"comment_status":"open","ping_status":"open","sticky":false,"template":"","format":"standard","meta":{"footnotes":""},"categories":[37],"tags":[],"class_list":["post-2778","post","type-post","status-publish","format-standard","has-post-thumbnail","","category-palmas"],"_links":{"self":[{"href":"https:\/\/focotocantinense.com.br\/index.php?rest_route=\/wp\/v2\/posts\/2778","targetHints":{"allow":["GET"]}}],"collection":[{"href":"https:\/\/focotocantinense.com.br\/index.php?rest_route=\/wp\/v2\/posts"}],"about":[{"href":"https:\/\/focotocantinense.com.br\/index.php?rest_route=\/wp\/v2\/types\/post"}],"author":[{"embeddable":true,"href":"https:\/\/focotocantinense.com.br\/index.php?rest_route=\/wp\/v2\/users\/5"}],"replies":[{"embeddable":true,"href":"https:\/\/focotocantinense.com.br\/index.php?rest_route=%2Fwp%2Fv2%2Fcomments&post=2778"}],"version-history":[{"count":2,"href":"https:\/\/focotocantinense.com.br\/index.php?rest_route=\/wp\/v2\/posts\/2778\/revisions"}],"predecessor-version":[{"id":2782,"href":"https:\/\/focotocantinense.com.br\/index.php?rest_route=\/wp\/v2\/posts\/2778\/revisions\/2782"}],"wp:featuredmedia":[{"embeddable":true,"href":"https:\/\/focotocantinense.com.br\/index.php?rest_route=\/wp\/v2\/media\/2779"}],"wp:attachment":[{"href":"https:\/\/focotocantinense.com.br\/index.php?rest_route=%2Fwp%2Fv2%2Fmedia&parent=2778"}],"wp:term":[{"taxonomy":"category","embeddable":true,"href":"https:\/\/focotocantinense.com.br\/index.php?rest_route=%2Fwp%2Fv2%2Fcategories&post=2778"},{"taxonomy":"post_tag","embeddable":true,"href":"https:\/\/focotocantinense.com.br\/index.php?rest_route=%2Fwp%2Fv2%2Ftags&post=2778"}],"curies":[{"name":"wp","href":"https:\/\/api.w.org\/{rel}","templated":true}]}}