{"id":2764,"date":"2022-06-24T15:09:22","date_gmt":"2022-06-24T18:09:22","guid":{"rendered":"https:\/\/focotocantinense.com.br\/?p=2764"},"modified":"2022-06-24T15:17:08","modified_gmt":"2022-06-24T18:17:08","slug":"hospital-dom-orione-celebra-os-150-anos-do-nascimento-do-seu-padroeiro","status":"publish","type":"post","link":"https:\/\/focotocantinense.com.br\/?p=2764","title":{"rendered":"Hospital Dom Orione celebra os 150 anos do nascimento do seu padroeiro"},"content":{"rendered":"\n<pre class=\"wp-block-preformatted\"><strong>Por Rodrigo Martins<\/strong>\n \nNesta quinta-feira, 23 de junho, o Hospital Dom Orione realizou um dia inteiro de atividades em comemora\u00e7\u00e3o aos 150 anos do nascimento de seu padroeiro. Diretores, m\u00e9dicos, colaboradores e assistidos se reuniram em atos de f\u00e9 e devo\u00e7\u00e3o para celebrar em honra ao fundador da Pequena Obra da Divina Provid\u00eancia, da qual o hospital faz parte. Padre Bruno, diretor presidente do Hospital Dom Orione, destaca a import\u00e2ncia do exemplo e obra de S\u00e3o Lu\u00eds Orione. \n\n\u201cQueremos louvar e agradecer a Deus por ter nos dado no Padre Jo\u00e3o Lu\u00eds Orione um testemunho fiel da sua Palavra e da sua Caridade. Neste dia \u00e9 importante recordar que o Hospital Dom Orione foi um presente que a Congrega\u00e7\u00e3o deu ao Brasil, por ocasi\u00e3o do centen\u00e1rio do nascimento de Dom Orione, e quis constru\u00ed-lo no Estado do Tocantins, em Aragua\u00edna, a cidade mais orionita do mundo\u201d, frisou.\n \nO diretor aproveitou a oportunidade para agradecer a todos os trabalhadores que fazem parte do Hospital Dom Orione. \u201cSabemos que cada colaborador faz a diferen\u00e7a na \u2018miss\u00e3o\u2019 do nosso Hospital! Vejo em cada um de voc\u00eas o potencial para levar adiante a obra iniciada por Dom Orione. Daqui recebemos \u2018as vitaminas necess\u00e1rias\u2019 para o nosso agir transformador,  humanizado e humanizador\u201d, completou.\n\nA programa\u00e7\u00e3o celebrativa teve in\u00edcio logo no in\u00edcio da manh\u00e3, com a Santa Missa na Capela Interna do Hospital Dom Orione. Logo em seguida, o diretor presidente, Padre Bruno Rodrigues, conduziu uma prociss\u00e3o com o Sant\u00edssimo Sacramento exposto, percorrendo os setores da unidade, aben\u00e7oando os pacientes e as equipes de trabalho unidade.\n\nO encerramento da festividade foi com a Santa Missa Solene, na Capela Externa, aberta para toda a comunidade. Na ocasi\u00e3o, foram homenageados 16 profissionais da gest\u00e3o do Hospital Dom Orione, pela sua dedica\u00e7\u00e3o e doa\u00e7\u00e3o \u00e0 obra orionita. A missa contou ainda com a apresenta\u00e7\u00e3o musical do Coral do Hospital Dom Orione, recentemente formado.\n\n<strong>O HOSPITAL<\/strong>\nO Hospital Dom Orione \u00e9 uma entidade filantr\u00f3pica e faz parte da Pequena Obra da Divina Provid\u00eancia, fundada por S\u00e3o Lu\u00eds Orione, presente em mais de 30 pa\u00edses. A unidade realiza mais de 60% de seus atendimentos para o Sistema \u00danico de Sa\u00fade - SUS. \n\n<\/pre>\n\n\n\n<figure class=\"wp-block-image size-full is-resized\"><img loading=\"lazy\" decoding=\"async\" src=\"https:\/\/focotocantinense.com.br\/wp-content\/uploads\/2022\/06\/image-10.png\" alt=\"\" class=\"wp-image-2769\" width=\"823\" height=\"601\" srcset=\"https:\/\/focotocantinense.com.br\/wp-content\/uploads\/2022\/06\/image-10.png 648w, https:\/\/focotocantinense.com.br\/wp-content\/uploads\/2022\/06\/image-10-300x219.png 300w\" sizes=\"auto, (max-width: 823px) 100vw, 823px\" \/><\/figure>\n\n\n\n<figure class=\"wp-block-image size-full is-resized\"><img loading=\"lazy\" decoding=\"async\" src=\"https:\/\/focotocantinense.com.br\/wp-content\/uploads\/2022\/06\/BBBB-1.jpg\" alt=\"\" class=\"wp-image-2773\" width=\"835\" height=\"616\" srcset=\"https:\/\/focotocantinense.com.br\/wp-content\/uploads\/2022\/06\/BBBB-1.jpg 679w, https:\/\/focotocantinense.com.br\/wp-content\/uploads\/2022\/06\/BBBB-1-300x221.jpg 300w\" sizes=\"auto, (max-width: 835px) 100vw, 835px\" \/><\/figure>\n\n\n\n<figure class=\"wp-block-gallery has-nested-images columns-default is-cropped wp-block-gallery-1 is-layout-flex wp-block-gallery-is-layout-flex\">\n<figure class=\"wp-block-image size-large\"><img loading=\"lazy\" decoding=\"async\" width=\"660\" height=\"482\" data-id=\"2774\" src=\"https:\/\/focotocantinense.com.br\/wp-content\/uploads\/2022\/06\/CCC.png\" alt=\"\" class=\"wp-image-2774\" srcset=\"https:\/\/focotocantinense.com.br\/wp-content\/uploads\/2022\/06\/CCC.png 660w, https:\/\/focotocantinense.com.br\/wp-content\/uploads\/2022\/06\/CCC-300x219.png 300w\" sizes=\"auto, (max-width: 660px) 100vw, 660px\" \/><\/figure>\n<\/figure>\n\n\n\n<pre class=\"wp-block-preformatted\"><\/pre>\n\n\n\n<figure class=\"wp-block-image size-full\"><img loading=\"lazy\" decoding=\"async\" width=\"978\" height=\"497\" src=\"https:\/\/focotocantinense.com.br\/wp-content\/uploads\/2022\/06\/AAAA-4.jpg\" alt=\"\" class=\"wp-image-2775\" srcset=\"https:\/\/focotocantinense.com.br\/wp-content\/uploads\/2022\/06\/AAAA-4.jpg 978w, https:\/\/focotocantinense.com.br\/wp-content\/uploads\/2022\/06\/AAAA-4-300x152.jpg 300w, https:\/\/focotocantinense.com.br\/wp-content\/uploads\/2022\/06\/AAAA-4-768x390.jpg 768w\" sizes=\"auto, (max-width: 978px) 100vw, 978px\" \/><\/figure>\n","protected":false},"excerpt":{"rendered":"<p>Por Rodrigo Martins Nesta quinta-feira, 23 de junho, o Hospital Dom Orione realizou um dia inteiro de atividades em comemora\u00e7\u00e3o aos 150 anos do nascimento de seu padroeiro. Diretores, m\u00e9dicos, colaboradores e assistidos se reuniram em atos de f\u00e9 e devo\u00e7\u00e3o para celebrar em honra ao fundador da Pequena Obra da Divina Provid\u00eancia, da qual &hellip;<\/p>\n","protected":false},"author":5,"featured_media":2777,"comment_status":"open","ping_status":"open","sticky":false,"template":"","format":"standard","meta":{"footnotes":""},"categories":[45,97],"tags":[],"class_list":["post-2764","post","type-post","status-publish","format-standard","has-post-thumbnail","","category-araguaina","category-hospital-dom-orione"],"_links":{"self":[{"href":"https:\/\/focotocantinense.com.br\/index.php?rest_route=\/wp\/v2\/posts\/2764","targetHints":{"allow":["GET"]}}],"collection":[{"href":"https:\/\/focotocantinense.com.br\/index.php?rest_route=\/wp\/v2\/posts"}],"about":[{"href":"https:\/\/focotocantinense.com.br\/index.php?rest_route=\/wp\/v2\/types\/post"}],"author":[{"embeddable":true,"href":"https:\/\/focotocantinense.com.br\/index.php?rest_route=\/wp\/v2\/users\/5"}],"replies":[{"embeddable":true,"href":"https:\/\/focotocantinense.com.br\/index.php?rest_route=%2Fwp%2Fv2%2Fcomments&post=2764"}],"version-history":[{"count":5,"href":"https:\/\/focotocantinense.com.br\/index.php?rest_route=\/wp\/v2\/posts\/2764\/revisions"}],"predecessor-version":[{"id":2776,"href":"https:\/\/focotocantinense.com.br\/index.php?rest_route=\/wp\/v2\/posts\/2764\/revisions\/2776"}],"wp:featuredmedia":[{"embeddable":true,"href":"https:\/\/focotocantinense.com.br\/index.php?rest_route=\/wp\/v2\/media\/2777"}],"wp:attachment":[{"href":"https:\/\/focotocantinense.com.br\/index.php?rest_route=%2Fwp%2Fv2%2Fmedia&parent=2764"}],"wp:term":[{"taxonomy":"category","embeddable":true,"href":"https:\/\/focotocantinense.com.br\/index.php?rest_route=%2Fwp%2Fv2%2Fcategories&post=2764"},{"taxonomy":"post_tag","embeddable":true,"href":"https:\/\/focotocantinense.com.br\/index.php?rest_route=%2Fwp%2Fv2%2Ftags&post=2764"}],"curies":[{"name":"wp","href":"https:\/\/api.w.org\/{rel}","templated":true}]}}