{"id":2758,"date":"2022-06-22T15:07:12","date_gmt":"2022-06-22T18:07:12","guid":{"rendered":"https:\/\/focotocantinense.com.br\/?p=2758"},"modified":"2022-06-22T15:31:03","modified_gmt":"2022-06-22T18:31:03","slug":"programa-dna-do-brasil-busca-encontrar-atletas-entre-as-criancas-de-escolas-municipais-de-tocantinia","status":"publish","type":"post","link":"https:\/\/focotocantinense.com.br\/?p=2758","title":{"rendered":"Programa DNA do Brasil busca encontrar atletas entre as crian\u00e7as de escolas municipais de Tocant\u00ednia"},"content":{"rendered":"\n<p><strong>Por Zacarias Martins<\/strong><\/p>\n\n\n\n<p>Na manh\u00e3 desta quarta-feira (22), a Prefeitura de Tocantinia, por meio da Secretaria Municipal de Educa\u00e7\u00e3o (Semed),&nbsp;&nbsp; realizou a abertura oficial da 1\u00aa jornada do Programa DNA do Brasil Talentos, &nbsp;na quadra de esportes da&nbsp; Escola Municipal de Tempo Integral Ant\u00f4nio Benvnido da Luz, e que contou com a participa\u00e7\u00e3o especial do atleta ol\u00edmpico Jardel Greg\u00f3rio.<\/p>\n\n\n\n<p>O Programa DNA Brasil \u00e9 uma iniciativa&nbsp; do Governo Federal, por meio do Minist\u00e9rio da Mulher, da Fam\u00edlia e dos Direitos Humanos (MMFDH), e&nbsp; o Instituto para o Desenvolvimento da Crian\u00e7a e do Adolescente pela Cultura e Esporte (Idecade). Em Tocant\u00ednia, o programa se consolida por meio de uma parceria com a administra\u00e7\u00e3o municipal do prefeito Manoel Silvino, e vai beneficiar&nbsp; &nbsp;&nbsp;&nbsp;crian\u00e7as e adolescentes que estudam na Rede Municipal de Educa\u00e7\u00e3o<\/p>\n\n\n\n<p><strong>Identificar talentos<\/strong><\/p>\n\n\n\n<p>No seu pronunciamento nesse evento, o prefeito de Tocant\u00ednia, Manoel Silvino, fez quest\u00e3o de parabenizar o presidente Jair Bolsonaro e a ministra Damares Alves, do Minist\u00e9rio da Mulher, da Fam\u00edlia e dos Direitos Humanos pela&nbsp; iniciativa de colocar em pr\u00e1tica o Programa DNA do Brasil Talentos. \u201cO objetivo desse programa \u00e9 de grande relev\u00e2ncia para o nosso munic\u00edpio, j\u00e1 que ele busca&nbsp; &nbsp;identificar talentos esportivos e a voca\u00e7\u00e3o profissional de crian\u00e7as e adolescentes do nosso munic\u00edpio. Com isso, estamos dando mais um&nbsp; passo para fortalecermos ainda mais as nossas a\u00e7\u00f5es, tanto no esporte quanto na educa\u00e7\u00e3o\u201d,&nbsp; afirmou o prefeito.<\/p>\n\n\n\n<p><strong>Iniciativa grandiosa<\/strong><\/p>\n\n\n\n<p>O secret\u00e1rio de Educa\u00e7\u00e3o de Tocant\u00ednia, o professor Andr\u00e9 Goveia se disse encantado com esse projeto que j\u00e1 est\u00e1 beneficiando boa parte dos alunos das escolas municipais.<\/p>\n\n\n\n<p>\u201cTrata-se de uma iniciativa &nbsp;grandiosa n\u00e3o s\u00f3 para Tocant\u00ednia, mas, tamb\u00e9m, para o Brasil e que pode mudar a realidade do nosso pa\u00eds e eu n\u00e3o tenho d\u00favida nenhuma que \u00e9 um futuro muito pr\u00f3ximo que n\u00f3s estamos de poder fazer a coisa certa, que \u00e9 sempre mexer na educa\u00e7\u00e3o junto com o esporte\u201d, Argumentou Goveia.<\/p>\n\n\n\n<p><strong>Transformar &nbsp;vidas<\/strong><\/p>\n\n\n\n<p>O atleta ol\u00edmpico Jadel Greg\u00f3rio direcionou o seu pronunciamento, especialmente, para as crian\u00e7as e adolescentes, bem como, aos pais que as &nbsp;acompanhavam. Ele que &nbsp;foi um dos maiores nomes do atletismo do Brasil na primeira d\u00e9cada dos anos 2000,&nbsp; falou &nbsp;como chegou ao esporte por meio de projetos sociais. Disse &nbsp;acreditar que o DNA do Brasil pode transformar vidas das crian\u00e7as e adolescentes.<\/p>\n\n\n\n<p>&#8220;Transformar vidas de crian\u00e7as e de adolescentes atrav\u00e9s da educa\u00e7\u00e3o e atrav\u00e9s do esporte para a gente \u00e9 um sonho sendo realizado&#8221;, disse o ex-atleta. &#8220;E eu fico muito contente de fazer parte do DNA do Brasil e fazer parte do desenvolvimento do nosso pa\u00eds e automaticamente poder ver de perto essas crian\u00e7as tendo oportunidades&#8221;, complementou.<\/p>\n\n\n\n<p>Ele ainda afirmou a import\u00e2ncia de dar oportunidades \u00e0s crian\u00e7as e jovens. &#8220;Se eu tivesse mais oportunidade quando crian\u00e7a, talvez eu seria um atleta ainda melhor. E hoje eu podendo ver a educa\u00e7\u00e3o e o esporte caminhando juntos \u00e9 um sonho sendo realizado&#8221;, falou<\/p>\n\n\n\n<p><strong>Presen\u00e7as<\/strong><\/p>\n\n\n\n<p>Estiveram presentes \u00e0 solenidade, al\u00e9m do atleta ol\u00edmpico Jardel Greg\u00f3rio, o &nbsp;prefeito Manoel Silvino e do secret\u00e1rio de Educa\u00e7\u00e3o, Andr\u00e9 Goveia, o presidente da C\u00e2mara Municipal de Tocant\u00ednia, vereador Afonso Tavares, o secret\u00e1rio&nbsp; municipal de Esportes. Adalton Pereira Oliveira, o diretor do Programa DNA do Brasil Talentos &nbsp;Orivaldo Tuca Gomes e toda a sua equipe no Tocantins.<\/p>\n\n\n\n<figure class=\"wp-block-image is-resized\"><img loading=\"lazy\" decoding=\"async\" src=\"http:\/\/n1to.com.br\/img\/uploads\/8_FOTO_EDVALDO_XERENTE.jpg\" alt=\"\" width=\"842\" height=\"624\"\/><\/figure>\n\n\n\n<figure class=\"wp-block-image\"><img decoding=\"async\" src=\"http:\/\/n1to.com.br\/img\/uploads\/1_FOTO_EDVALDO_XERENTE.jpg\" alt=\"\"\/><\/figure>\n\n\n\n<figure class=\"wp-block-image\"><img decoding=\"async\" src=\"http:\/\/n1to.com.br\/img\/uploads\/3_FOTO_EDVALDO_XERENTE.jpg\" alt=\"\"\/><\/figure>\n\n\n\n<figure class=\"wp-block-image\"><img decoding=\"async\" src=\"http:\/\/n1to.com.br\/img\/uploads\/4_FOTO_EDVALDO_XERENTE.jpg\" alt=\"\"\/><\/figure>\n\n\n\n<figure class=\"wp-block-image\"><img decoding=\"async\" src=\"http:\/\/n1to.com.br\/img\/uploads\/6_FOTO_EDVALDO_XERENTE_1.jpg\" alt=\"\"\/><\/figure>\n\n\n\n<figure class=\"wp-block-image\"><img decoding=\"async\" src=\"http:\/\/n1to.com.br\/img\/uploads\/7_FOTO_EDVALDO_XERENTE_1.jpg\" alt=\"\"\/><\/figure>\n\n\n\n<figure class=\"wp-block-gallery has-nested-images columns-default is-cropped wp-block-gallery-1 is-layout-flex wp-block-gallery-is-layout-flex\">\n<figure class=\"wp-block-image size-large\"><img loading=\"lazy\" decoding=\"async\" width=\"726\" height=\"490\" data-id=\"2761\" src=\"http:\/\/focotocantinense.com.br\/wp-content\/uploads\/2022\/06\/aaaa-2.jpg\" alt=\"\" class=\"wp-image-2761\" srcset=\"https:\/\/focotocantinense.com.br\/wp-content\/uploads\/2022\/06\/aaaa-2.jpg 726w, https:\/\/focotocantinense.com.br\/wp-content\/uploads\/2022\/06\/aaaa-2-300x202.jpg 300w, https:\/\/focotocantinense.com.br\/wp-content\/uploads\/2022\/06\/aaaa-2-110x75.jpg 110w\" sizes=\"auto, (max-width: 726px) 100vw, 726px\" \/><figcaption><em>O prefeito Manoel Silvino destacou a import\u00e2ncia dessa parceria pra trazer essa iniciativa at\u00e9 o seu munic\u00edpio<\/em><\/figcaption><\/figure>\n<\/figure>\n","protected":false},"excerpt":{"rendered":"<p>Por Zacarias Martins Na manh\u00e3 desta quarta-feira (22), a Prefeitura de Tocantinia, por meio da Secretaria Municipal de Educa\u00e7\u00e3o (Semed),&nbsp;&nbsp; realizou a abertura oficial da 1\u00aa jornada do Programa DNA do Brasil Talentos, &nbsp;na quadra de esportes da&nbsp; Escola Municipal de Tempo Integral Ant\u00f4nio Benvnido da Luz, e que contou com a participa\u00e7\u00e3o especial do &hellip;<\/p>\n","protected":false},"author":5,"featured_media":2760,"comment_status":"open","ping_status":"open","sticky":false,"template":"","format":"standard","meta":{"footnotes":""},"categories":[1],"tags":[],"class_list":["post-2758","post","type-post","status-publish","format-standard","has-post-thumbnail","","category-sem-categoria"],"_links":{"self":[{"href":"https:\/\/focotocantinense.com.br\/index.php?rest_route=\/wp\/v2\/posts\/2758","targetHints":{"allow":["GET"]}}],"collection":[{"href":"https:\/\/focotocantinense.com.br\/index.php?rest_route=\/wp\/v2\/posts"}],"about":[{"href":"https:\/\/focotocantinense.com.br\/index.php?rest_route=\/wp\/v2\/types\/post"}],"author":[{"embeddable":true,"href":"https:\/\/focotocantinense.com.br\/index.php?rest_route=\/wp\/v2\/users\/5"}],"replies":[{"embeddable":true,"href":"https:\/\/focotocantinense.com.br\/index.php?rest_route=%2Fwp%2Fv2%2Fcomments&post=2758"}],"version-history":[{"count":2,"href":"https:\/\/focotocantinense.com.br\/index.php?rest_route=\/wp\/v2\/posts\/2758\/revisions"}],"predecessor-version":[{"id":2763,"href":"https:\/\/focotocantinense.com.br\/index.php?rest_route=\/wp\/v2\/posts\/2758\/revisions\/2763"}],"wp:featuredmedia":[{"embeddable":true,"href":"https:\/\/focotocantinense.com.br\/index.php?rest_route=\/wp\/v2\/media\/2760"}],"wp:attachment":[{"href":"https:\/\/focotocantinense.com.br\/index.php?rest_route=%2Fwp%2Fv2%2Fmedia&parent=2758"}],"wp:term":[{"taxonomy":"category","embeddable":true,"href":"https:\/\/focotocantinense.com.br\/index.php?rest_route=%2Fwp%2Fv2%2Fcategories&post=2758"},{"taxonomy":"post_tag","embeddable":true,"href":"https:\/\/focotocantinense.com.br\/index.php?rest_route=%2Fwp%2Fv2%2Ftags&post=2758"}],"curies":[{"name":"wp","href":"https:\/\/api.w.org\/{rel}","templated":true}]}}