{"id":2738,"date":"2022-06-18T21:54:07","date_gmt":"2022-06-19T00:54:07","guid":{"rendered":"https:\/\/focotocantinense.com.br\/?p=2738"},"modified":"2022-06-18T21:55:37","modified_gmt":"2022-06-19T00:55:37","slug":"governo-do-tocantins-autoriza-recuperacao-das-rodovias-estaduais-to-210-e-to-415-importantes-no-bico-do-papagaio","status":"publish","type":"post","link":"https:\/\/focotocantinense.com.br\/?p=2738","title":{"rendered":"Governo do Tocantins autoriza recupera\u00e7\u00e3o das rodovias estaduais TO-210 e TO-415, importantes no Bico do Papagaio"},"content":{"rendered":"\n<figure class=\"wp-block-image size-full is-resized\"><img loading=\"lazy\" decoding=\"async\" src=\"https:\/\/focotocantinense.com.br\/wp-content\/uploads\/2022\/06\/image-6.png\" alt=\"\" class=\"wp-image-2745\" width=\"387\" height=\"194\" srcset=\"https:\/\/focotocantinense.com.br\/wp-content\/uploads\/2022\/06\/image-6.png 800w, https:\/\/focotocantinense.com.br\/wp-content\/uploads\/2022\/06\/image-6-300x150.png 300w, https:\/\/focotocantinense.com.br\/wp-content\/uploads\/2022\/06\/image-6-768x384.png 768w, https:\/\/focotocantinense.com.br\/wp-content\/uploads\/2022\/06\/image-6-660x330.png 660w\" sizes=\"auto, (max-width: 387px) 100vw, 387px\" \/><\/figure>\n\n\n\n<p>Ainda em agenda no Bico do Papagaio, o Governo do Tocantins autorizou, neste s\u00e1bado, 18, a recupera\u00e7\u00e3o de vias estaduais localizadas na regi\u00e3o. A solenidade aconteceu na cidade de Tocantin\u00f3polis com determina\u00e7\u00e3o da Ordem de Servi\u00e7o para obras de recapeamento asf\u00e1ltico das TO-210 e TO-415.<\/p>\n\n\n\n<p>O governador Wanderlei Barbosa destacou a satisfa\u00e7\u00e3o em realizar as obras que beneficiar\u00e3o os moradores do Bico do Papagaio. \u201cSabemos a import\u00e2ncia das vias e o quanto elas v\u00e3o beneficiar os moradores. Eu andei recentemente por essas estradas e sei a atual situa\u00e7\u00e3o e n\u00e3o podemos deix\u00e1-las como est\u00e3o\u201d, afirmou o chefe do executivo.<\/p>\n\n\n\n<p><strong>TO-210<\/strong><\/p>\n\n\n\n<p>Uma das demandas mais esperadas pela popula\u00e7\u00e3o de Tocantin\u00f3polis \u00e9 a reforma da TO-210. A via estadual vai ser recuperada at\u00e9 o entroncamento que da acesso a BR-230. Ser\u00e3o 17 km de nova malha asf\u00e1ltica, beneficiando assim quatro comunidades localizadas no entorno, sendo os povoados Rodagem, Olho d\u2019\u00c1gua , Passarinho, Abra\u00e3o Neves e a aldeia ind\u00edgena Prata, do povo Apinaj\u00e9. Conforme moradores do entorno da via, a reforma da TO-210 \u00e9 de grande import\u00e2ncia para a regi\u00e3o pois d\u00e1 acesso mais r\u00e1pido e \u00e1gil para os estados do Maranh\u00e3o e Par\u00e1, pela via Federal 230.<\/p>\n\n\n\n<p><strong>TO-415<\/strong><\/p>\n\n\n\n<p>A estrada que interliga Nazar\u00e9, Santa Terezinha do Tocantins e Palmeiras do Tocantins tamb\u00e9m vai ser reformada ap\u00f3s a determina\u00e7\u00e3o do Governo do Tocantins. V\u00e3o ser 32 km de extens\u00e3o, onde a malha asf\u00e1ltica vai ser substitu\u00edda, garantindo assim mais agilidade e seguran\u00e7a na locomo\u00e7\u00e3o entre os munic\u00edpios e ainda melhora o fluxo para rodovia Federal, j\u00e1 que a TO-415 d\u00e1 acesso a BR-226.<\/p>\n\n\n\n<p>As reformas ser\u00e3o realizadas por meio da Ag\u00eancia Tocantinense de Transportes e Obras (Ageto), atrav\u00e9s do Plano de Pavimenta\u00e7\u00e3o, Recupera\u00e7\u00e3o e Conserva\u00e7\u00e3o de Rodovias.<\/p>\n\n\n\n<p>An\u00e1tia Marques \u00e9 moradora de Nazar\u00e9 e fez quest\u00e3o de estar presente no momento da assinatura, para ela o trabalho do Estado representa muito, j\u00e1 que a via \u00e9 utilizada para ligar os moradores da cidade para v\u00e1rios munic\u00edpios vizinhos. \u201cFaz muito tempo que a gente espera essa reforma, pois quando vamos para Aragua\u00edna, por exemplo, temos que desviar e fazer uma outra rota bem mais longa para preservar nossos ve\u00edculos e tamb\u00e9m nossas vidas. Eu agrade\u00e7o muito ao Governo do Tocantins por esse benef\u00edcio para a nossa popula\u00e7\u00e3o\u201d, comemorou.<\/p>\n\n\n\n<p>O Governador do Tocantins salientou que toda a regi\u00e3o vai ganhar com as futuras reformas. \u201cEu estou andando por essas vias estaduais, lamento pela situa\u00e7\u00e3o que est\u00e3o, me d\u00e1 uma tristeza imensa e por isso vamos priorizar essa \u00e1rea. Ser\u00e3o mais de oito munic\u00edpios beneficiados que s\u00e3o atendidos por Tocantin\u00f3polis, mas n\u00e3o se limita a isso, toda a regi\u00e3o ganhar\u00e1, todo o Estado ganha com essas reformas e isso nos satisfaz\u201d, acrescentou Wanderlei Barbosa.<\/p>\n\n\n\n<p>Segundo o prefeito de Tocantin\u00f3polis, Paulinho Bonif\u00e1cio, a obra vai beneficiar muito o munic\u00edpio. O gestor municipal agradeceu o investimento para a cidade que consequentemente vai ajudar localidades vizinhas. \u201cQueremos agradecer o Governo pela parceria nas obras em Tocantin\u00f3polis, isso traz qualidade de vida para nossa gente. As verbas destinadas nos permitem concluir obras e isso \u00e9 de extrema import\u00e2ncia para o povo, n\u00e3o s\u00f3 da nossa cidade, mas de toda a regi\u00e3o\u201d, afirma o prefeito.<\/p>\n\n\n\n<p>O prefeito de Aguiarn\u00f3polis, Wanderly Leite, ressaltou que os investimentos do Governo do Tocantins para os munic\u00edpios contribuem para o crescimento de toda regi\u00e3o. \u201c\u00c9 um momento muito importante. O Governo investe recursos que facilita e traz mais desenvolvimento para nossa regi\u00e3o. \u00c9 com muita satisfa\u00e7\u00e3o que estamos aqui nesse momento de melhorias que a gest\u00e3o traz para nossa regi\u00e3o, pois temos um Governo municipalista e o momento \u00e9 de parabeniza-lo por essa iniciativa que veio enriquecer os nossos munic\u00edpios\u201d, expressou o prefeito.<\/p>\n\n\n\n<figure class=\"wp-block-image\"><img decoding=\"async\" src=\"https:\/\/central.to.gov.br\/image\/296438?w=670&amp;h=383\" alt=\"\"\/><figcaption><em><strong>O prefeito de Aguiarn\u00f3polis, Wanderly Leite, ressaltou que os investimentos do Governo do Tocantins para os munic\u00edpios contribuem para o crescimento de toda regi\u00e3o &#8211; (Foto: Esequias Ara\u00fajo\/Governo do Tocantins)<\/strong><\/em><\/figcaption><\/figure>\n\n\n\n<figure class=\"wp-block-image size-full\"><img loading=\"lazy\" decoding=\"async\" width=\"670\" height=\"383\" src=\"https:\/\/focotocantinense.com.br\/wp-content\/uploads\/2022\/06\/image-3.png\" alt=\"\" class=\"wp-image-2741\" srcset=\"https:\/\/focotocantinense.com.br\/wp-content\/uploads\/2022\/06\/image-3.png 670w, https:\/\/focotocantinense.com.br\/wp-content\/uploads\/2022\/06\/image-3-300x171.png 300w\" sizes=\"auto, (max-width: 670px) 100vw, 670px\" \/><figcaption><em><strong>An\u00e1tia Marques \u00e9 moradora de Nazar\u00e9 e fez quest\u00e3o de agradecer o Governo do Tocantins pela obra na TO-415 &#8211; (Foto:Esequias Ara\u00fajo\/Governo do Tocantins)<\/strong><\/em><\/figcaption><\/figure>\n\n\n\n<figure class=\"wp-block-image size-full\"><img loading=\"lazy\" decoding=\"async\" width=\"670\" height=\"383\" src=\"https:\/\/focotocantinense.com.br\/wp-content\/uploads\/2022\/06\/image-4.png\" alt=\"\" class=\"wp-image-2742\" srcset=\"https:\/\/focotocantinense.com.br\/wp-content\/uploads\/2022\/06\/image-4.png 670w, https:\/\/focotocantinense.com.br\/wp-content\/uploads\/2022\/06\/image-4-300x171.png 300w\" sizes=\"auto, (max-width: 670px) 100vw, 670px\" \/><figcaption><em><strong>Prefeito de Tocantin\u00f3polis, Paulinho Bonif\u00e1cio, menciona que obras v\u00e3o beneficiar muito o munic\u00edpio e regi\u00e3o &#8211; (Foto: Esequias Ara\u00fajo\/Governo do Tocantins)<\/strong><\/em><\/figcaption><\/figure>\n\n\n\n<figure class=\"wp-block-image size-full\"><img loading=\"lazy\" decoding=\"async\" width=\"670\" height=\"383\" src=\"https:\/\/focotocantinense.com.br\/wp-content\/uploads\/2022\/06\/image-5.png\" alt=\"\" class=\"wp-image-2743\" srcset=\"https:\/\/focotocantinense.com.br\/wp-content\/uploads\/2022\/06\/image-5.png 670w, https:\/\/focotocantinense.com.br\/wp-content\/uploads\/2022\/06\/image-5-300x171.png 300w\" sizes=\"auto, (max-width: 670px) 100vw, 670px\" \/><figcaption><em><strong>Governo do Tocantins autoriza recupera\u00e7\u00e3o das rodovias estaduais TO-210 e TO-415, importantes no Bico do Papagaio &#8211; (Foto:Esequias Ara\u00fajo\/Governo do Tocantins)<\/strong><\/em><\/figcaption><\/figure>\n","protected":false},"excerpt":{"rendered":"<p>Ainda em agenda no Bico do Papagaio, o Governo do Tocantins autorizou, neste s\u00e1bado, 18, a recupera\u00e7\u00e3o de vias estaduais localizadas na regi\u00e3o. A solenidade aconteceu na cidade de Tocantin\u00f3polis com determina\u00e7\u00e3o da Ordem de Servi\u00e7o para obras de recapeamento asf\u00e1ltico das TO-210 e TO-415. O governador Wanderlei Barbosa destacou a satisfa\u00e7\u00e3o em realizar as &hellip;<\/p>\n","protected":false},"author":5,"featured_media":2739,"comment_status":"open","ping_status":"open","sticky":false,"template":"","format":"standard","meta":{"footnotes":""},"categories":[87],"tags":[],"class_list":["post-2738","post","type-post","status-publish","format-standard","has-post-thumbnail","","category-tocantinopolis"],"_links":{"self":[{"href":"https:\/\/focotocantinense.com.br\/index.php?rest_route=\/wp\/v2\/posts\/2738","targetHints":{"allow":["GET"]}}],"collection":[{"href":"https:\/\/focotocantinense.com.br\/index.php?rest_route=\/wp\/v2\/posts"}],"about":[{"href":"https:\/\/focotocantinense.com.br\/index.php?rest_route=\/wp\/v2\/types\/post"}],"author":[{"embeddable":true,"href":"https:\/\/focotocantinense.com.br\/index.php?rest_route=\/wp\/v2\/users\/5"}],"replies":[{"embeddable":true,"href":"https:\/\/focotocantinense.com.br\/index.php?rest_route=%2Fwp%2Fv2%2Fcomments&post=2738"}],"version-history":[{"count":2,"href":"https:\/\/focotocantinense.com.br\/index.php?rest_route=\/wp\/v2\/posts\/2738\/revisions"}],"predecessor-version":[{"id":2746,"href":"https:\/\/focotocantinense.com.br\/index.php?rest_route=\/wp\/v2\/posts\/2738\/revisions\/2746"}],"wp:featuredmedia":[{"embeddable":true,"href":"https:\/\/focotocantinense.com.br\/index.php?rest_route=\/wp\/v2\/media\/2739"}],"wp:attachment":[{"href":"https:\/\/focotocantinense.com.br\/index.php?rest_route=%2Fwp%2Fv2%2Fmedia&parent=2738"}],"wp:term":[{"taxonomy":"category","embeddable":true,"href":"https:\/\/focotocantinense.com.br\/index.php?rest_route=%2Fwp%2Fv2%2Fcategories&post=2738"},{"taxonomy":"post_tag","embeddable":true,"href":"https:\/\/focotocantinense.com.br\/index.php?rest_route=%2Fwp%2Fv2%2Ftags&post=2738"}],"curies":[{"name":"wp","href":"https:\/\/api.w.org\/{rel}","templated":true}]}}