{"id":2729,"date":"2022-06-17T17:55:29","date_gmt":"2022-06-17T20:55:29","guid":{"rendered":"https:\/\/focotocantinense.com.br\/?p=2729"},"modified":"2022-06-17T18:02:27","modified_gmt":"2022-06-17T21:02:27","slug":"toni-ferreira-dicionario-biobibliografico-do-vale-do-araguaia","status":"publish","type":"post","link":"https:\/\/focotocantinense.com.br\/?p=2729","title":{"rendered":"Toni Ferreira e o Dicion\u00e1rio Biobibliogr\u00e1fico do Vale do Araguaia"},"content":{"rendered":"\n<p><\/p>\n\n\n\n<p>O Escritor paraisense Toni Ferreira, autor de mais 15 obras publicadas publicados e&nbsp; com participa\u00e7\u00e3o em&nbsp; v\u00e1rias antologias liter\u00e1rias e outras obras de refer\u00eancia, est\u00e1 ultimando os preparativos para o lan\u00e7amento Dicion\u00e1rio Biobibliogr\u00e1fico do Vale do Araguaia, que est\u00e1 sendo publicado pela Editora Veloso, a editora de Gurupi que mais publica&nbsp; livros de autores tocantinenses.<\/p>\n\n\n\n<p>Nessa nova obra, Toni Ferreira, al\u00e9m de tra\u00e7ar o perfil de cada escritor e escritora que reside na chamada regi\u00e3o do Vale do Araguaia, tamb\u00e9m faz um registro especial de alguns escritores tocantinenses, que mesmo n\u00e3o residindo nessa regi\u00e3o, s\u00e3o grandes refer\u00eancias da Literatura do Tocantins.<\/p>\n\n\n\n<p>Vamos aguardar, ent\u00e3o, o lan\u00e7amento de mais essa obra do festejado escritor Toni Ferreira<\/p>\n\n\n\n<figure class=\"wp-block-image size-full is-resized is-style-default\"><img loading=\"lazy\" decoding=\"async\" src=\"https:\/\/focotocantinense.com.br\/wp-content\/uploads\/2022\/06\/aaaaaaaaa-3.jpg\" alt=\"\" class=\"wp-image-2734\" width=\"426\" height=\"272\" srcset=\"https:\/\/focotocantinense.com.br\/wp-content\/uploads\/2022\/06\/aaaaaaaaa-3.jpg 707w, https:\/\/focotocantinense.com.br\/wp-content\/uploads\/2022\/06\/aaaaaaaaa-3-300x191.jpg 300w\" sizes=\"auto, (max-width: 426px) 100vw, 426px\" \/><\/figure>\n","protected":false},"excerpt":{"rendered":"<p>O Escritor paraisense Toni Ferreira, autor de mais 15 obras publicadas publicados e&nbsp; com participa\u00e7\u00e3o em&nbsp; v\u00e1rias antologias liter\u00e1rias e outras obras de refer\u00eancia, est\u00e1 ultimando os preparativos para o lan\u00e7amento Dicion\u00e1rio Biobibliogr\u00e1fico do Vale do Araguaia, que est\u00e1 sendo publicado pela Editora Veloso, a editora de Gurupi que mais publica&nbsp; livros de autores tocantinenses. &hellip;<\/p>\n","protected":false},"author":5,"featured_media":2730,"comment_status":"open","ping_status":"open","sticky":false,"template":"","format":"standard","meta":{"footnotes":""},"categories":[47],"tags":[],"class_list":["post-2729","post","type-post","status-publish","format-standard","has-post-thumbnail","","category-paraiso"],"_links":{"self":[{"href":"https:\/\/focotocantinense.com.br\/index.php?rest_route=\/wp\/v2\/posts\/2729","targetHints":{"allow":["GET"]}}],"collection":[{"href":"https:\/\/focotocantinense.com.br\/index.php?rest_route=\/wp\/v2\/posts"}],"about":[{"href":"https:\/\/focotocantinense.com.br\/index.php?rest_route=\/wp\/v2\/types\/post"}],"author":[{"embeddable":true,"href":"https:\/\/focotocantinense.com.br\/index.php?rest_route=\/wp\/v2\/users\/5"}],"replies":[{"embeddable":true,"href":"https:\/\/focotocantinense.com.br\/index.php?rest_route=%2Fwp%2Fv2%2Fcomments&post=2729"}],"version-history":[{"count":3,"href":"https:\/\/focotocantinense.com.br\/index.php?rest_route=\/wp\/v2\/posts\/2729\/revisions"}],"predecessor-version":[{"id":2736,"href":"https:\/\/focotocantinense.com.br\/index.php?rest_route=\/wp\/v2\/posts\/2729\/revisions\/2736"}],"wp:featuredmedia":[{"embeddable":true,"href":"https:\/\/focotocantinense.com.br\/index.php?rest_route=\/wp\/v2\/media\/2730"}],"wp:attachment":[{"href":"https:\/\/focotocantinense.com.br\/index.php?rest_route=%2Fwp%2Fv2%2Fmedia&parent=2729"}],"wp:term":[{"taxonomy":"category","embeddable":true,"href":"https:\/\/focotocantinense.com.br\/index.php?rest_route=%2Fwp%2Fv2%2Fcategories&post=2729"},{"taxonomy":"post_tag","embeddable":true,"href":"https:\/\/focotocantinense.com.br\/index.php?rest_route=%2Fwp%2Fv2%2Ftags&post=2729"}],"curies":[{"name":"wp","href":"https:\/\/api.w.org\/{rel}","templated":true}]}}