{"id":2717,"date":"2022-06-15T21:41:53","date_gmt":"2022-06-16T00:41:53","guid":{"rendered":"https:\/\/focotocantinense.com.br\/?p=2717"},"modified":"2022-06-15T22:12:38","modified_gmt":"2022-06-16T01:12:38","slug":"acao-cidade-leitora-da-secretaria-municipal-de-educacao-contempla-escola-indigena-em-tocantinia","status":"publish","type":"post","link":"https:\/\/focotocantinense.com.br\/?p=2717","title":{"rendered":"A\u00e7\u00e3o Cidade Leitora da Secretaria Municipal de Educa\u00e7\u00e3o contempla escola ind\u00edgena em Tocant\u00ednia"},"content":{"rendered":"\n<p><strong>Por&nbsp; Zacarias Martins<\/strong><\/p>\n\n\n\n<p>Na quarta-feira, dia 15, a &nbsp;Secretaria Municipal de Educa\u00e7\u00e3o de Tocant\u00ednia (Semed) realizou mais uma a\u00e7\u00e3o do&nbsp;<strong>Projeto Leitura Viva<\/strong>, &nbsp;com a a\u00e7\u00e3o<strong>&nbsp;Cidade Leitora<\/strong>. O evento aconteceu no Centro de Ensino M\u00e9dio Ind\u00edgena Xerente &#8211; CEMIX-WAR\u00c3, localizado \u00e0 pr\u00f3ximo a Aldeia Coqueiro, e contou com uma movimentada programa\u00e7\u00e3o.<\/p>\n\n\n\n<p>O secret\u00e1rio de Educa\u00e7\u00e3o do munic\u00edpio, professor Andr\u00e9 Goveia, explica que o objetivo da a\u00e7\u00e3o, que conts, ainda,&nbsp; com o Projeto&nbsp;&nbsp;<strong>Mala Viajante,&nbsp;<\/strong>foi&nbsp; &nbsp;incentivar na pr\u00e1tica da leitura&nbsp; dos alunos ind\u00edgenas Akw\u0113 Xerente, &nbsp;com intuito de avan\u00e7ar na escrita e na &nbsp;l\u00edngua portuguesa como segunda l\u00edngua materna.<\/p>\n\n\n\n<p>De acordo com Andr\u00e9 Goveia, durante a realiza\u00e7\u00e3o&nbsp; do &nbsp;projeto nessa unidade escolar &nbsp;foi poss\u00edvel &nbsp;colocar os alunos &nbsp;em contato direto com o mundo m\u00e1gico da leitura, proporcionando-lhes o prazer de novas descoberta atrav\u00e9s dos diversos tipos de textos trabalhados, mas sempre respeitando suas peculiaridades regionais<\/p>\n\n\n\n<p>O diretor do Centro de Ensino M\u00e9dio Ind\u00edgena Xerente &#8211; CEMIX-WAR\u00c3 , professor Armando S\u00f5pre Xerente, agradeceu pela parceria com a Secretaria Municipal de Educa\u00e7\u00e3o que proporcionou a chegada da a\u00e7\u00e3o Cidade Leitora,&nbsp; que integra o &nbsp;Projeto Leitura Viva, &nbsp;at\u00e9 a sua unidade escolar &nbsp;que al\u00e9m, &nbsp;de quebrar a rotina dos alunos, serviu, tamb\u00e9m como &nbsp;excelente ferramenta de est\u00edmulo \u00e0 leitura.<\/p>\n\n\n\n<p><strong>Avalia\u00e7\u00e3o positiva<\/strong><\/p>\n\n\n\n<p>A coordenadora &nbsp;do Centro de Refer\u00eancia do Projeto Leitura Viva, da Semed, professora Carmem L\u00facia Dias de Oliveira Nogueira, avaliou de forma positiva a receptividade dos alunos com a chegada dessa a\u00e7\u00e3o, e destacou que a leitura tem o poder de transformar vidas, influenciar atitudes e revolucionar a forma de express\u00e3o de um povo.<\/p>\n\n\n\n<p>\u201cO estudante que sabe fazer uma leitura adequada n\u00e3o apenas do livro, mas do mundo a sua volta, atrav\u00e9s do entendimento daquilo expressado na escrita, influencia todos ao seu redor pelo seu vocabul\u00e1rio amplo, sua boa escrita e sua capacidade de argumenta\u00e7\u00e3o bem desenvolvida. E \u00e9 por isso que&nbsp; o&nbsp; Projeto Leitura Viva busca, tamb\u00e9m, contemplar a comunidade ind\u00edgena Xerente\u201d, explicou a coordenadora.<\/p>\n\n\n\n<figure class=\"wp-block-image\"><img decoding=\"async\" src=\"http:\/\/n1to.com.br\/img\/uploads\/bbbb_16.jpg\" alt=\"\"\/><\/figure>\n\n\n\n<figure class=\"wp-block-image\"><img decoding=\"async\" src=\"http:\/\/n1to.com.br\/img\/uploads\/ccc_13.jpg\" alt=\"\"\/><\/figure>\n\n\n\n<figure class=\"wp-block-image\"><img decoding=\"async\" src=\"http:\/\/n1to.com.br\/img\/uploads\/ddd_3.jpg\" alt=\"\"\/><\/figure>\n","protected":false},"excerpt":{"rendered":"<p>Por&nbsp; Zacarias Martins Na quarta-feira, dia 15, a &nbsp;Secretaria Municipal de Educa\u00e7\u00e3o de Tocant\u00ednia (Semed) realizou mais uma a\u00e7\u00e3o do&nbsp;Projeto Leitura Viva, &nbsp;com a a\u00e7\u00e3o&nbsp;Cidade Leitora. O evento aconteceu no Centro de Ensino M\u00e9dio Ind\u00edgena Xerente &#8211; CEMIX-WAR\u00c3, localizado \u00e0 pr\u00f3ximo a Aldeia Coqueiro, e contou com uma movimentada programa\u00e7\u00e3o. O secret\u00e1rio de Educa\u00e7\u00e3o do &hellip;<\/p>\n","protected":false},"author":5,"featured_media":2718,"comment_status":"open","ping_status":"open","sticky":false,"template":"","format":"standard","meta":{"footnotes":""},"categories":[78,91],"tags":[],"class_list":["post-2717","post","type-post","status-publish","format-standard","has-post-thumbnail","","category-tocantinia","category-zacarias-martins"],"_links":{"self":[{"href":"https:\/\/focotocantinense.com.br\/index.php?rest_route=\/wp\/v2\/posts\/2717","targetHints":{"allow":["GET"]}}],"collection":[{"href":"https:\/\/focotocantinense.com.br\/index.php?rest_route=\/wp\/v2\/posts"}],"about":[{"href":"https:\/\/focotocantinense.com.br\/index.php?rest_route=\/wp\/v2\/types\/post"}],"author":[{"embeddable":true,"href":"https:\/\/focotocantinense.com.br\/index.php?rest_route=\/wp\/v2\/users\/5"}],"replies":[{"embeddable":true,"href":"https:\/\/focotocantinense.com.br\/index.php?rest_route=%2Fwp%2Fv2%2Fcomments&post=2717"}],"version-history":[{"count":2,"href":"https:\/\/focotocantinense.com.br\/index.php?rest_route=\/wp\/v2\/posts\/2717\/revisions"}],"predecessor-version":[{"id":2721,"href":"https:\/\/focotocantinense.com.br\/index.php?rest_route=\/wp\/v2\/posts\/2717\/revisions\/2721"}],"wp:featuredmedia":[{"embeddable":true,"href":"https:\/\/focotocantinense.com.br\/index.php?rest_route=\/wp\/v2\/media\/2718"}],"wp:attachment":[{"href":"https:\/\/focotocantinense.com.br\/index.php?rest_route=%2Fwp%2Fv2%2Fmedia&parent=2717"}],"wp:term":[{"taxonomy":"category","embeddable":true,"href":"https:\/\/focotocantinense.com.br\/index.php?rest_route=%2Fwp%2Fv2%2Fcategories&post=2717"},{"taxonomy":"post_tag","embeddable":true,"href":"https:\/\/focotocantinense.com.br\/index.php?rest_route=%2Fwp%2Fv2%2Ftags&post=2717"}],"curies":[{"name":"wp","href":"https:\/\/api.w.org\/{rel}","templated":true}]}}