{"id":2712,"date":"2022-06-14T20:48:03","date_gmt":"2022-06-14T23:48:03","guid":{"rendered":"https:\/\/focotocantinense.com.br\/?p=2712"},"modified":"2022-06-14T20:48:05","modified_gmt":"2022-06-14T23:48:05","slug":"arraias-na-rede-municipal-de-ensino-de-gurupi-aquecem-festividades-juninas","status":"publish","type":"post","link":"https:\/\/focotocantinense.com.br\/?p=2712","title":{"rendered":"Arrai\u00e1s na rede municipal de ensino de Gurupi aquecem festividades juninas"},"content":{"rendered":"\n<p>As festas juninas j\u00e1 come\u00e7aram a movimentar escolas e creches da rede municipal da Educa\u00e7\u00e3o de Gurupi. Durante este m\u00eas de junho, a festan\u00e7a na ro\u00e7a tem um cronograma intenso de eventos que envolve as 26 institui\u00e7\u00f5es de ensino. S\u00f3 no \u00faltimo fim de semana foram realizados simultaneamente 11 arraias e mostras culturais.<\/p>\n\n\n\n<p>Com comidas t\u00edpicas, decora\u00e7\u00e3o e vestimentas tem\u00e1ticas, exposi\u00e7\u00f5es e a tradicional quadrilha, as unidades escolares est\u00e3o resgatando as tradi\u00e7\u00f5es culturais deste per\u00edodo do ano e proporcionando aos estudantes muita divers\u00e3o durante as apresenta\u00e7\u00f5es. \u201cForam dois anos parados sem essa alegria contagiante das festas juninas escolares e estas est\u00e3o de volta com todo o calor das fogueiras juninas aquecendo essa festan\u00e7a em todas as unidades escolares. Aqui o que estamos testemunhando \u00e9 o desfecho de um trabalho tem\u00e1tico dentro da l\u00edngua portuguesa colocado em pr\u00e1tica nessa festa para aprecia\u00e7\u00e3o pelos pais, as fam\u00edlias e toda a comunidade local\u201d, disse o Secret\u00e1rio da Educa\u00e7\u00e3o de Gurupi, Davi Abrantes que participou de nove das festas que ocorreram na sexta-feira, 10.<\/p>\n\n\n\n<p><strong>Mostras<\/strong><\/p>\n\n\n\n<p>A Escola Municipal Gilberto Rezende Rocha Filho, na Vila Pedroso e as creches escolas, Centro Municipal de Educa\u00e7\u00e3o Infantil (CEMEI), Irm\u00e3 Divina no Jardim dos Buritis e CEMEI Senador Jo\u00e3o Ribeiro, no Residencial Nova Fronteira em Gurupi apostaram nas mostras culturais juninas para o formato da festa. \u201cAproveitamos a oportunidade da mostra cultural para trabalhar o Projeto Aprender &amp; Empreender para que crian\u00e7as desde a educa\u00e7\u00e3o infantil j\u00e1 crescem sabendo dar o devido valor ao dinheiro e sabendo de que forma ele pode est\u00e1 investindo em um empreendimento. O resultado foi essa festa grandiosa, bem alegre e divertida e com total ades\u00e3o pela comunidade escolar\u201d, avaliou Rose Reis, diretora escolar, ressaltando que foi a primeira mostra cultural realizada pelo CEMEI que est\u00e1 h\u00e1 tr\u00eas anos em funcionamento, dentre os quais, dois foram de aulas remotas em decorr\u00eancia da pandemia da Covid-19.<\/p>\n\n\n\n<p>As apresenta\u00e7\u00f5es de dan\u00e7as, barraquinhas com bebidas e comidas t\u00edpicas e demais atividades na programa\u00e7\u00e3o das festas juninas envolvem alunos familiares e profissionais da Educa\u00e7\u00e3o. Os movimentos culturais, entre outros aspectos, abrilhantaram a mostra cultural do CEMEI Irm\u00e3 Divina. \u201cEst\u00e1 aqui o resultado de todo o trabalho que realizamos ao longo do semestre, \u00e9 uma mostra cultural que j\u00e1 virou tradi\u00e7\u00e3o e que j\u00e1 vem sendo realizada desde o princ\u00edpio e est\u00e1vamos h\u00e1 dois anos sem fazer nada, e agora voltamos com todo vapor\u201d, ressaltou a diretora escolar N\u00e1dia Santos.<\/p>\n\n\n\n<p>Os gestores das escolas, juntamente com suas equipes s\u00e3o os respons\u00e1veis organizar as festas, e n\u00e3o pouparam no capricho em cada detalhe para criar um ambiente todo a car\u00e1ter e promover a integra\u00e7\u00e3o entre os alunos e toda a comunidade escolar.<\/p>\n\n\n\n<p><strong>Calend\u00e1rio<\/strong><\/p>\n\n\n\n<p>Quem abriu esse calend\u00e1rio festivo no \u00faltimo dia 02, foi a escola Municipal Vila Nova que fica no bairro de mesmo nome. Em seguida veio o Arrai\u00e1 da Escola Municipal Jos\u00e9 Pereira da Cruz no Jardim Sevilha e depois o do CEMEI Raimunda Regino de Lima que fica no Setor Aeroporto III em Gurupi. Neste caso, a creche escola tamb\u00e9m realizou uma mostra cultural com o tema; Xod\u00f3 Kids e que ocorreu numa casa de eventos.<\/p>\n\n\n\n<p>Depois da maratona festiva da sexta-feira, outras nove unidades escolares ainda dar\u00e3o seguimento ao calend\u00e1rio de arraias na rede municipal de ensino de Gurupi. As festas s\u00e3o abertas a toda comunidade escolar, algumas com cobran\u00e7a de taxas simb\u00f3licas e comercializa\u00e7\u00e3o das comidas.<\/p>\n\n\n\n<p><strong>Datas<\/strong><\/p>\n\n\n\n<p>Dia 15 de junho:<\/p>\n\n\n\n<p>Escola Municipal Professora Ilsa Borges Vieira (Nova Fronteira)<\/p>\n\n\n\n<p>Escola Municipal de Tempo Integral Ant\u00f4nio Lino de Souza (Alto dos Buritis)<\/p>\n\n\n\n<p>Dia 24 de junho:<\/p>\n\n\n\n<p>Escola Municipal Elizeu de Carvalho (Vila Industrial)<\/p>\n\n\n\n<p>Escola Municipal Professor Joel Ferreira Soares (Nova Fronteira)<\/p>\n\n\n\n<p>Escola Municipal Domingos Barreira de Amorim (Jardim dos Buritis)<\/p>\n\n\n\n<p>Escola Municipal Orlindo Pereira da Mota (Setor Uni\u00e3o V)<\/p>\n\n\n\n<p>Instituto Municipal de Educa\u00e7\u00e3o Infantil Silny Rodrigues dos Santos, (centro de Gurupi)<\/p>\n\n\n\n<p>Dia 27 de junho:<\/p>\n\n\n\n<p>Institui\u00e7\u00e3o Beneficente Irm\u00e3 Dulce (Setor Novo Horizonte)<\/p>\n\n\n\n<p>Dia 28 de junho:<\/p>\n\n\n\n<p>Escola Municipal Odair L\u00facio (AV. Minas Gerais)<\/p>\n\n\n\n<figure class=\"wp-block-image is-resized\"><img loading=\"lazy\" decoding=\"async\" src=\"http:\/\/n1to.com.br\/img\/uploads\/BBBB_5.jpg\" alt=\"\" width=\"835\" height=\"631\"\/><\/figure>\n\n\n\n<figure class=\"wp-block-image size-large\"><img loading=\"lazy\" decoding=\"async\" width=\"1024\" height=\"360\" src=\"https:\/\/focotocantinense.com.br\/wp-content\/uploads\/2022\/06\/TIO-BARNABEE-OK-1024x360.jpg\" alt=\"\" class=\"wp-image-2715\" srcset=\"https:\/\/focotocantinense.com.br\/wp-content\/uploads\/2022\/06\/TIO-BARNABEE-OK-1024x360.jpg 1024w, https:\/\/focotocantinense.com.br\/wp-content\/uploads\/2022\/06\/TIO-BARNABEE-OK-300x105.jpg 300w, https:\/\/focotocantinense.com.br\/wp-content\/uploads\/2022\/06\/TIO-BARNABEE-OK-768x270.jpg 768w, https:\/\/focotocantinense.com.br\/wp-content\/uploads\/2022\/06\/TIO-BARNABEE-OK.jpg 1280w\" sizes=\"auto, (max-width: 1024px) 100vw, 1024px\" \/><\/figure>\n","protected":false},"excerpt":{"rendered":"<p>As festas juninas j\u00e1 come\u00e7aram a movimentar escolas e creches da rede municipal da Educa\u00e7\u00e3o de Gurupi. Durante este m\u00eas de junho, a festan\u00e7a na ro\u00e7a tem um cronograma intenso de eventos que envolve as 26 institui\u00e7\u00f5es de ensino. S\u00f3 no \u00faltimo fim de semana foram realizados simultaneamente 11 arraias e mostras culturais. Com comidas &hellip;<\/p>\n","protected":false},"author":5,"featured_media":2713,"comment_status":"open","ping_status":"open","sticky":false,"template":"","format":"standard","meta":{"footnotes":""},"categories":[38],"tags":[],"class_list":["post-2712","post","type-post","status-publish","format-standard","has-post-thumbnail","","category-gurupi"],"_links":{"self":[{"href":"https:\/\/focotocantinense.com.br\/index.php?rest_route=\/wp\/v2\/posts\/2712","targetHints":{"allow":["GET"]}}],"collection":[{"href":"https:\/\/focotocantinense.com.br\/index.php?rest_route=\/wp\/v2\/posts"}],"about":[{"href":"https:\/\/focotocantinense.com.br\/index.php?rest_route=\/wp\/v2\/types\/post"}],"author":[{"embeddable":true,"href":"https:\/\/focotocantinense.com.br\/index.php?rest_route=\/wp\/v2\/users\/5"}],"replies":[{"embeddable":true,"href":"https:\/\/focotocantinense.com.br\/index.php?rest_route=%2Fwp%2Fv2%2Fcomments&post=2712"}],"version-history":[{"count":1,"href":"https:\/\/focotocantinense.com.br\/index.php?rest_route=\/wp\/v2\/posts\/2712\/revisions"}],"predecessor-version":[{"id":2716,"href":"https:\/\/focotocantinense.com.br\/index.php?rest_route=\/wp\/v2\/posts\/2712\/revisions\/2716"}],"wp:featuredmedia":[{"embeddable":true,"href":"https:\/\/focotocantinense.com.br\/index.php?rest_route=\/wp\/v2\/media\/2713"}],"wp:attachment":[{"href":"https:\/\/focotocantinense.com.br\/index.php?rest_route=%2Fwp%2Fv2%2Fmedia&parent=2712"}],"wp:term":[{"taxonomy":"category","embeddable":true,"href":"https:\/\/focotocantinense.com.br\/index.php?rest_route=%2Fwp%2Fv2%2Fcategories&post=2712"},{"taxonomy":"post_tag","embeddable":true,"href":"https:\/\/focotocantinense.com.br\/index.php?rest_route=%2Fwp%2Fv2%2Ftags&post=2712"}],"curies":[{"name":"wp","href":"https:\/\/api.w.org\/{rel}","templated":true}]}}