{"id":2707,"date":"2022-06-11T21:02:18","date_gmt":"2022-06-12T00:02:18","guid":{"rendered":"https:\/\/focotocantinense.com.br\/?p=2707"},"modified":"2022-06-11T21:03:35","modified_gmt":"2022-06-12T00:03:35","slug":"noite-de-autografos-de-alunos-da-rede-municipal-de-educacao-de-tocantinia-movimenta-a-cidade","status":"publish","type":"post","link":"https:\/\/focotocantinense.com.br\/?p=2707","title":{"rendered":"Noite de aut\u00f3grafos  de alunos da Rede Municipal de Educa\u00e7\u00e3o de Tocant\u00ednia movimenta a cidade"},"content":{"rendered":"\n<p><strong>Por&nbsp; Leontina Martins<\/strong><\/p>\n\n\n\n<p>A Prefeitura de Tocant\u00ednia, por meio da Secretaria Municipal de Educa\u00e7\u00e3o (Semed), realizou na noite&nbsp; de quinta-feira (09), o lan\u00e7amento oficial de duas colet\u00e2neas liter\u00e1rias, com&nbsp; obras&nbsp; de alunos da Rede Municipal de Educa\u00e7\u00e3o. As obras integram o Projeto Leitura Viva, que visa estimular o h\u00e1bito salutar&nbsp; da leitura e da produ\u00e7\u00e3o textual, bem como, &nbsp;despertar a autoestima &nbsp;dos alunos.<\/p>\n\n\n\n<p>O evento realizado em noite de gala, aconteceu na quadra de esportes da Escola Municipal de Tempo Integral Benvindo Souza Luz,&nbsp; que ganhou uma decora\u00e7\u00e3o especial e contou com a participa\u00e7\u00e3o de um expressivo p\u00fablico, a maioria, formada&nbsp; por familiares dos pequenos autores, que se transformaram em verdadeiras celebridades durante essa noite festiva e foram bastante aplaudidos.<\/p>\n\n\n\n<p><strong>Evento prestigiado<\/strong><\/p>\n\n\n\n<p>Al\u00e9m de autoridades locais, como o vice-prefeito Jo\u00e3o Alberto Coelho Machado, representando o prefeito Manoel&nbsp; Silvino Neto, que n\u00e3o p\u00f4de comparecer ao evento por motivos de sa\u00fade, prestigiaram o acontecimento, o presidente&nbsp; da C\u00e2mara Municipal de Tocant\u00ednia, vereador&nbsp; Afonso Tavares dos Santos Neto e demais vereadores, bem como, &nbsp;o representante da Academia Tocantinense de Letras, o poeta e jornalista Zacarias Martins, os integrantes da Academia &nbsp;Gurupiense de Letras, Jos\u00e9 Maciel de Brito e &nbsp;Jos\u00e9 Ferreira do Nascimento, al\u00e9m do escritor Eudis Queiroz, que \u00e9 Secret\u00e1rio-Executivo da Academia&nbsp; de Letras de Aragua\u00edna e Norte Tocantinense. Tamb\u00e9m se fez presente o escritor Arnoldo Mascarenhas Brito.<\/p>\n\n\n\n<p><strong>Novos&nbsp; autores<\/strong><\/p>\n\n\n\n<p>O secret\u00e1rio de Educa\u00e7\u00e3o de Tocant\u00ednia, o professor e poeta Andr\u00e9 Goveia, deu as boas-vindas a&nbsp; todos os presentes e destacou a criatividade dos alunos que, agora, passam a integrar o seleto grupo de escritores, tendo seus trabalhos, tanto em desenho, quanto em texto, registrados com destaque nos anais da produ\u00e7\u00e3o liter\u00e1ria da cidade.<\/p>\n\n\n\n<p><strong>Inspira\u00e7\u00e3o<\/strong><\/p>\n\n\n\n<p>Goveia enfatizou, ainda, que o Projeto Leitura Viva, colocado em pr\u00e1tica por uma aguerrida equipe da Educa\u00e7\u00e3o municipal, j\u00e1 colhe resultados positivos&nbsp; desse trabalho, que culmina, agora, com a publica\u00e7\u00e3o dessas duas obras dos alunos e j\u00e1 servindo de inspira\u00e7\u00e3o para os \u00f3rg\u00e3os de Educa\u00e7\u00e3o de outras cidades tocantinenses.<\/p>\n\n\n\n<p>Por fim, o secret\u00e1rio Andr\u00e9 Goveia agradeceu o apoio&nbsp; que vem recebendo por parte do prefeito Manoel Silvino e que, segundo ele, vem lhe dando condi\u00e7\u00f5es para desenvolver um bom trabalho, cujo objetivo maior \u00e9 oferecer \u00e0 comunidade tocantiniense uma&nbsp; Educa\u00e7\u00e3o p\u00fablica de&nbsp; excel\u00eancia.<\/p>\n\n\n\n<p><strong>Papel fundamental<\/strong><\/p>\n\n\n\n<p>O vice-prefeito de Tocant\u00ednia,&nbsp; Jo\u00e3o Alberto Coelho Machado, no seu discurso, destacou o papel fundamental da Secretaria Municipal de Educa\u00e7\u00e3o na forma\u00e7\u00e3o da personalidade dos alunos, lembrando que&nbsp; por meio do Projeto Leitura Viva, o secret\u00e1rio Andr\u00e9 Goveia e sua equipe, vem se destacado&nbsp; em obter excelentes resultados junto aos alunos, principalmente, ap\u00f3s dois anos de pandemia por conta &nbsp;do surgimento da Covid-19.&nbsp; \u201cEst\u00e1 de parab\u00e9ns&nbsp; essa equipe&nbsp; da Educa\u00e7\u00e3o pelo \u00f3timo trabalho realizado\u201d, concluiu o vice-prefeito.<\/p>\n\n\n\n<p><strong>Noite memor\u00e1vel<\/strong><\/p>\n\n\n\n<p>Um dos padrinhos do Projeto Leitura Viva, o veterano poeta e jornalista Zacarias Martins, da Academia Tocantinense de Letras, disse que ficou maravilhado ao presenciar t\u00e3o importante acontecimento. \u201cFoi uma noite memor\u00e1vel tanto para os alunos-autores quanto para&nbsp; quem teve o privil\u00e9gio, como n\u00f3s, de participar desse acontecimento hist\u00f3rico para Tocant\u00ednia. Tal iniciativa da gest\u00e3o do professor Andr\u00e9 Goveia, \u00e9 digna dos nossos fervorosos aplausos\u201d, finalizou, Martins.<\/p>\n\n\n\n<figure class=\"wp-block-image\"><img decoding=\"async\" src=\"http:\/\/n1to.com.br\/img\/uploads\/ccccccccccccccccccccccccccccccc.jpg\" alt=\"\"\/><\/figure>\n\n\n\n<figure class=\"wp-block-image\"><img decoding=\"async\" src=\"http:\/\/n1to.com.br\/img\/uploads\/aaaaa_5.jpg\" alt=\"\"\/><\/figure>\n\n\n\n<figure class=\"wp-block-image\"><img decoding=\"async\" src=\"http:\/\/n1to.com.br\/img\/uploads\/2_TOCANTINIA_12.jpg\" alt=\"\"\/><\/figure>\n\n\n\n<figure class=\"wp-block-image\"><img decoding=\"async\" src=\"http:\/\/n1to.com.br\/img\/uploads\/IMG_0076.JPG\" alt=\"\"\/><\/figure>\n\n\n\n<figure class=\"wp-block-image\"><img decoding=\"async\" src=\"http:\/\/n1to.com.br\/img\/uploads\/IMG_0277.JPG\" alt=\"\"\/><\/figure>\n\n\n\n<figure class=\"wp-block-image\"><img decoding=\"async\" src=\"http:\/\/n1to.com.br\/img\/uploads\/IMG_0130.JPG\" alt=\"\"\/><\/figure>\n\n\n\n<figure class=\"wp-block-image\"><img decoding=\"async\" src=\"http:\/\/n1to.com.br\/img\/uploads\/IMG_0132.JPG\" alt=\"\"\/><\/figure>\n\n\n\n<figure class=\"wp-block-image\"><img decoding=\"async\" src=\"http:\/\/n1to.com.br\/img\/uploads\/IMG_0293.JPG\" alt=\"\"\/><\/figure>\n\n\n\n<figure class=\"wp-block-image\"><img decoding=\"async\" src=\"http:\/\/n1to.com.br\/img\/uploads\/IMG_0307.JPG\" alt=\"\"\/><\/figure>\n\n\n\n<figure class=\"wp-block-image\"><img decoding=\"async\" src=\"http:\/\/n1to.com.br\/img\/uploads\/IMG_0198.JPG\" alt=\"\"\/><\/figure>\n\n\n\n<figure class=\"wp-block-image\"><img decoding=\"async\" src=\"http:\/\/n1to.com.br\/img\/uploads\/IMG_0173.JPG\" alt=\"\"\/><\/figure>\n\n\n\n<figure class=\"wp-block-image\"><img decoding=\"async\" src=\"http:\/\/n1to.com.br\/img\/uploads\/IMG_0126.JPG\" alt=\"\"\/><\/figure>\n\n\n\n<figure class=\"wp-block-image\"><img decoding=\"async\" src=\"http:\/\/n1to.com.br\/img\/uploads\/IMG_0061.JPG\" alt=\"\"\/><\/figure>\n\n\n\n<figure class=\"wp-block-image size-large\"><img loading=\"lazy\" decoding=\"async\" width=\"1024\" height=\"768\" src=\"https:\/\/focotocantinense.com.br\/wp-content\/uploads\/2022\/06\/dddd-1024x768.jpg\" alt=\"\" class=\"wp-image-2708\" srcset=\"https:\/\/focotocantinense.com.br\/wp-content\/uploads\/2022\/06\/dddd-1024x768.jpg 1024w, https:\/\/focotocantinense.com.br\/wp-content\/uploads\/2022\/06\/dddd-300x225.jpg 300w, https:\/\/focotocantinense.com.br\/wp-content\/uploads\/2022\/06\/dddd-768x576.jpg 768w, https:\/\/focotocantinense.com.br\/wp-content\/uploads\/2022\/06\/dddd-1536x1152.jpg 1536w, https:\/\/focotocantinense.com.br\/wp-content\/uploads\/2022\/06\/dddd.jpg 1600w\" sizes=\"auto, (max-width: 1024px) 100vw, 1024px\" \/><\/figure>\n","protected":false},"excerpt":{"rendered":"<p>Por&nbsp; Leontina Martins A Prefeitura de Tocant\u00ednia, por meio da Secretaria Municipal de Educa\u00e7\u00e3o (Semed), realizou na noite&nbsp; de quinta-feira (09), o lan\u00e7amento oficial de duas colet\u00e2neas liter\u00e1rias, com&nbsp; obras&nbsp; de alunos da Rede Municipal de Educa\u00e7\u00e3o. As obras integram o Projeto Leitura Viva, que visa estimular o h\u00e1bito salutar&nbsp; da leitura e da produ\u00e7\u00e3o &hellip;<\/p>\n","protected":false},"author":5,"featured_media":2710,"comment_status":"open","ping_status":"open","sticky":false,"template":"","format":"standard","meta":{"footnotes":""},"categories":[1],"tags":[],"class_list":["post-2707","post","type-post","status-publish","format-standard","has-post-thumbnail","","category-sem-categoria"],"_links":{"self":[{"href":"https:\/\/focotocantinense.com.br\/index.php?rest_route=\/wp\/v2\/posts\/2707","targetHints":{"allow":["GET"]}}],"collection":[{"href":"https:\/\/focotocantinense.com.br\/index.php?rest_route=\/wp\/v2\/posts"}],"about":[{"href":"https:\/\/focotocantinense.com.br\/index.php?rest_route=\/wp\/v2\/types\/post"}],"author":[{"embeddable":true,"href":"https:\/\/focotocantinense.com.br\/index.php?rest_route=\/wp\/v2\/users\/5"}],"replies":[{"embeddable":true,"href":"https:\/\/focotocantinense.com.br\/index.php?rest_route=%2Fwp%2Fv2%2Fcomments&post=2707"}],"version-history":[{"count":1,"href":"https:\/\/focotocantinense.com.br\/index.php?rest_route=\/wp\/v2\/posts\/2707\/revisions"}],"predecessor-version":[{"id":2709,"href":"https:\/\/focotocantinense.com.br\/index.php?rest_route=\/wp\/v2\/posts\/2707\/revisions\/2709"}],"wp:featuredmedia":[{"embeddable":true,"href":"https:\/\/focotocantinense.com.br\/index.php?rest_route=\/wp\/v2\/media\/2710"}],"wp:attachment":[{"href":"https:\/\/focotocantinense.com.br\/index.php?rest_route=%2Fwp%2Fv2%2Fmedia&parent=2707"}],"wp:term":[{"taxonomy":"category","embeddable":true,"href":"https:\/\/focotocantinense.com.br\/index.php?rest_route=%2Fwp%2Fv2%2Fcategories&post=2707"},{"taxonomy":"post_tag","embeddable":true,"href":"https:\/\/focotocantinense.com.br\/index.php?rest_route=%2Fwp%2Fv2%2Ftags&post=2707"}],"curies":[{"name":"wp","href":"https:\/\/api.w.org\/{rel}","templated":true}]}}