{"id":2697,"date":"2022-06-02T04:57:07","date_gmt":"2022-06-02T07:57:07","guid":{"rendered":"https:\/\/focotocantinense.com.br\/?p=2697"},"modified":"2022-06-02T06:29:02","modified_gmt":"2022-06-02T09:29:02","slug":"programa-dna-do-brasil-inicia-as-atividades-com-alunos-das-escolas-municipais-de-tocantinia","status":"publish","type":"post","link":"https:\/\/focotocantinense.com.br\/?p=2697","title":{"rendered":"Programa DNA do Brasil inicia suas atividades com alunos das escolas municipais de Tocantinia"},"content":{"rendered":"\n<p><strong>Por Leontina Martins<\/strong><\/p>\n\n\n\n<p>A Prefeitura de Tocant\u00ednia, por\u00a0 meio\u00a0 \u00a0 da Secretaria Municipal de Educa\u00e7\u00e3o, ap\u00f3s a ades\u00e3o ao Programa DNA do Brasil Talentos, recebeu a equipe itinerante e os coordenadores do programa que vieram \u00e0 cidade\u00a0 para realizar a avalia\u00e7\u00e3o dos estudantes com apoio da equipe Local. A equipe esteve na cidade na ter\u00e7a-feira (31\/05) e na quarta-feira (01\/06).<\/p>\n\n\n\n<p><strong>Sobre o Programa<\/strong><\/p>\n\n\n\n<p>O DNA&nbsp; do Brasil Talentos&nbsp; na Escola \u00e9 um programa educacional que objetiva desenvolver a educa\u00e7\u00e3o s\u00f3cio desportiva no ambiente escolar. Fundamentada na teoria de que toda crian\u00e7a tem um talento. Elaborada pelo Instituto IDECACE e os mais renomados doutores, a metodologia promove, por meio da educa\u00e7\u00e3o e esporte como meio inclus\u00e3o e desenvolvimento vocacional, sa\u00fade e desportivo, a melhoria dos \u00edndices de aprendizagem, aulas laborais, aprimoramento das rela\u00e7\u00f5es com a sua voca\u00e7\u00e3o e o mercado e o aumento da participa\u00e7\u00e3o da fam\u00edlia na forma\u00e7\u00e3o integral dos alunos. Todos os envolvidos &#8211; professores, alunos e familiares \u2013 s\u00e3o beneficiados com mais qualidade de vida, sa\u00fade e encaminhamento vocacional.<\/p>\n\n\n\n<p><strong>Avalia\u00e7\u00e3o<\/strong><\/p>\n\n\n\n<p>Durante a visita os profissionais avaliaram os estudantes do 2\u00b0, 5\u00b0 e 9\u00b0 anos em aptid\u00e3o f\u00edsica de massa corporal, estrutura, envergadura, repreens\u00e3o manual, flexibilidade, impuls\u00e3o horizontal, resist\u00eancia abdominal, agilidade, velocidade e resist\u00eancia.<\/p>\n\n\n\n<p>As unidades educacionais que o Programa vai atender na \u00e1rea urbana s\u00e3o a Escola Municipal Professor Constantino Pedro de Castro e Escola Municipal de Tempo Integral Ant\u00f4nio Benvindo da Luz. J\u00e1 na \u00e1rea rural ser\u00e3o as Escolas Municipais Ana Alves de Brito e Benvindo Souza Luz.<\/p>\n\n\n\n<p>O secret\u00e1rio de Educa\u00e7\u00e3o de Tocant\u00ednia, Andr\u00e9 Goveia explicou que&nbsp; o trabalho&nbsp; \u00e9 realizado dentro da escola com um planejamento muito bem elaborado pela equipe, seguindo um curr\u00edculo com \u00eanfase na Base Nacional Comum Curricular- BNCC e Documento Curricular do Tocantins- DCT, com objetivo de possibilitar aos estudantes desde cedo, a oportunidade de desenvolver suas habilidades e potencialidades.<\/p>\n\n\n\n<figure class=\"wp-block-image\"><img decoding=\"async\" src=\"http:\/\/n1to.com.br\/img\/uploads\/bbbb_14.jpg\" alt=\"\"\/><\/figure>\n\n\n\n<figure class=\"wp-block-image\"><img decoding=\"async\" src=\"http:\/\/n1to.com.br\/img\/uploads\/ccc_12.jpg\" alt=\"\"\/><\/figure>\n\n\n\n<figure class=\"wp-block-image\"><img decoding=\"async\" src=\"http:\/\/n1to.com.br\/img\/uploads\/eeee.jpg\" alt=\"\"\/><\/figure>\n","protected":false},"excerpt":{"rendered":"<p>Por Leontina Martins A Prefeitura de Tocant\u00ednia, por\u00a0 meio\u00a0 \u00a0 da Secretaria Municipal de Educa\u00e7\u00e3o, ap\u00f3s a ades\u00e3o ao Programa DNA do Brasil Talentos, recebeu a equipe itinerante e os coordenadores do programa que vieram \u00e0 cidade\u00a0 para realizar a avalia\u00e7\u00e3o dos estudantes com apoio da equipe Local. A equipe esteve na cidade na ter\u00e7a-feira &hellip;<\/p>\n","protected":false},"author":5,"featured_media":2698,"comment_status":"open","ping_status":"open","sticky":false,"template":"","format":"standard","meta":{"footnotes":""},"categories":[78],"tags":[],"class_list":["post-2697","post","type-post","status-publish","format-standard","has-post-thumbnail","","category-tocantinia"],"_links":{"self":[{"href":"https:\/\/focotocantinense.com.br\/index.php?rest_route=\/wp\/v2\/posts\/2697","targetHints":{"allow":["GET"]}}],"collection":[{"href":"https:\/\/focotocantinense.com.br\/index.php?rest_route=\/wp\/v2\/posts"}],"about":[{"href":"https:\/\/focotocantinense.com.br\/index.php?rest_route=\/wp\/v2\/types\/post"}],"author":[{"embeddable":true,"href":"https:\/\/focotocantinense.com.br\/index.php?rest_route=\/wp\/v2\/users\/5"}],"replies":[{"embeddable":true,"href":"https:\/\/focotocantinense.com.br\/index.php?rest_route=%2Fwp%2Fv2%2Fcomments&post=2697"}],"version-history":[{"count":3,"href":"https:\/\/focotocantinense.com.br\/index.php?rest_route=\/wp\/v2\/posts\/2697\/revisions"}],"predecessor-version":[{"id":2706,"href":"https:\/\/focotocantinense.com.br\/index.php?rest_route=\/wp\/v2\/posts\/2697\/revisions\/2706"}],"wp:featuredmedia":[{"embeddable":true,"href":"https:\/\/focotocantinense.com.br\/index.php?rest_route=\/wp\/v2\/media\/2698"}],"wp:attachment":[{"href":"https:\/\/focotocantinense.com.br\/index.php?rest_route=%2Fwp%2Fv2%2Fmedia&parent=2697"}],"wp:term":[{"taxonomy":"category","embeddable":true,"href":"https:\/\/focotocantinense.com.br\/index.php?rest_route=%2Fwp%2Fv2%2Fcategories&post=2697"},{"taxonomy":"post_tag","embeddable":true,"href":"https:\/\/focotocantinense.com.br\/index.php?rest_route=%2Fwp%2Fv2%2Ftags&post=2697"}],"curies":[{"name":"wp","href":"https:\/\/api.w.org\/{rel}","templated":true}]}}