{"id":2692,"date":"2022-05-30T22:56:54","date_gmt":"2022-05-31T01:56:54","guid":{"rendered":"https:\/\/focotocantinense.com.br\/?p=2692"},"modified":"2022-05-30T22:56:55","modified_gmt":"2022-05-31T01:56:55","slug":"prefeitura-de-gurupi-conta-com-estante-dentro-da-48a-exposicao-agropecuaria-da-cidade","status":"publish","type":"post","link":"https:\/\/focotocantinense.com.br\/?p=2692","title":{"rendered":"Prefeitura de Gurupi conta com estante dentro da 48\u00aa Exposi\u00e7\u00e3o Agropecu\u00e1ria da cidade"},"content":{"rendered":"\n<p>Como um dos maiores eventos agropecu\u00e1rios do Estado, a 48\u00aa Exposi\u00e7\u00e3o Agropecu\u00e1ria de Gurupi acontece durante esta semana mostrando toda a potencialidade do agroneg\u00f3cio local e impulsionando a economia e cultura em nossa cidade. A Feira, realizada pelo Sindicato Rural, conta com total apoio da Prefeitura de Gurupi.<\/p>\n\n\n\n<p>A gest\u00e3o p\u00fablica municipal \u00e9 parceria da ExpoGurupi e tamb\u00e9m conta com um espa\u00e7o dentro da Feira para divulgar a\u00e7\u00f5es e projetos. No estande da Prefeitura est\u00e3o expostos alguns dos trabalhos desenvolvidos por v\u00e1rias secretarias, entre elas: Desenvolvimento Econ\u00f4mico e Meio Ambiente; Ci\u00eancia, Tecnologia e Inova\u00e7\u00e3o; Educa\u00e7\u00e3o; Desenvolvimento Urbano; al\u00e9m da Universidade Federal do Tocantins (UFT), do Programa Inova e da Incubadora de Empresas Inovo. Outras pastas tamb\u00e9m est\u00e3o envolvidas na organiza\u00e7\u00e3o do estande, como a Ag\u00eancia Gurupiense de Desenvolvimento (AGD); o Gabinete da Prefeita e a Secretaria de Comunica\u00e7\u00e3o.<\/p>\n\n\n\n<p>O estande da Prefeitura foi aberto oficialmente na noite deste s\u00e1bado, 28, com a presen\u00e7a da Prefeita Josi Nunes, do Vice-prefeito Gleydson Nato, de v\u00e1rios secret\u00e1rios municipais e dos vereadores Jair do Povo, Zezinho da Lafiche e Ronaldo Lira.<\/p>\n\n\n\n<p>Durante a visita ao estande da Prefeitura de Gurupi, Josi Nunes destacou sobre a import\u00e2ncia de levar at\u00e9 a comunidade as a\u00e7\u00f5es realizadas pela gest\u00e3o p\u00fablica municipal. \u201cN\u00f3s estamos inovando, com v\u00e1rias secretarias, e expondo todo o trabalho, servi\u00e7os, projetos e programas que n\u00f3s estamos desenvolvendo com a sociedade. N\u00e3o somente a Prefeitura, mas as universidades como UFT, UnirG e IFTO\u201d, frisou a Prefeita, que aproveitou a oportunidade para convidar a popula\u00e7\u00e3o para prestigiar a 48\u00aa ExpoGurupi e tamb\u00e9m visitar o estande da Prefeitura.<\/p>\n\n\n\n<p><strong>Parceria Prefeitura 48\u00aa ExpoGurupi<\/strong><\/p>\n\n\n\n<p>Quanto \u00e0 parceria na realiza\u00e7\u00e3o da ExpoGurupi, a Prefeitura proporcionou a limpeza do Parque de Exposi\u00e7\u00f5es \u201cJo\u00e3o Lisboa da Cruz\u201d, realizada pela Secretaria de Infraestrutura; a revitaliza\u00e7\u00e3o da sinaliza\u00e7\u00e3o vertical e horizontal do Parque e tamb\u00e9m nas ruas que d\u00e3o acesso ao Parque, feita pelas equipes da Ag\u00eancia Municipal de Tr\u00e2nsito e Transportes (AMTT); na contrata\u00e7\u00e3o de artista de renome nacional, o cantor Z\u00e9 Vaqueiro, que subir\u00e1 ao palco nesta quarta-feira, dia 01\/06, e que foi possibilitada pela Secretaria de Cultura e Turismo; e um posto de sa\u00fade de atendimento de emerg\u00eancia com enfermeira, t\u00e9cnica de enfermagem e motorista com ambul\u00e2ncia foi montado no Parque pela Secretaria de Sa\u00fade; entre outras a\u00e7\u00f5es realizadas pela Prefeitura.<\/p>\n\n\n\n<p>\u201cDepois de dois anos sem Exposi\u00e7\u00e3o Agropecu\u00e1ria, por causa da Covid, o Sindicato Rural volta com esta grande festa, mas essa grande festa \u00e9 feita com a parceria da Prefeitura de Gurupi. N\u00f3s estamos dando todo apoio, com limpeza, com organiza\u00e7\u00e3o, com pessoal, com show, porque Gurupi merece. Porque Gurupi precisa de alegria, de confraterniza\u00e7\u00e3o e \u00e9 isso tamb\u00e9m que n\u00f3s queremos proporcionar\u201d, destacou a prefeita Josi Nunes.<\/p>\n\n\n\n<p>O Vice-prefeito, Gleydson Nato, tamb\u00e9m refor\u00e7ou sobre a forte parceria entre a Prefeitura de Gurupi e o Sindicato Rural e ainda destacou a uni\u00e3o de esfor\u00e7os das secretarias municipais na realiza\u00e7\u00e3o e prepara\u00e7\u00e3o do estande da Prefeitura. \u201cA Prefeitura de Gurupi nunca fez, nunca transformou o Parque de Exposi\u00e7\u00e3o com todas as secretarias envolvidas como agora. E aqui n\u00f3s agradecemos, em especial, ao secret\u00e1rio da AGDE, David Garcia, e ao secret\u00e1rio de Infraestrutura, Elvan Le\u00e3o, e a todos os secret\u00e1rios e servidores que por mais de 30 dias est\u00e3o aqui na ExpoGurupi pintando e reformando sob o comando do presidente do Sindicato, Rafael D\u2019Leon\u201d, destacou o vice-prefeito.<\/p>\n\n\n\n<p><strong>48\u00aa ExpoGurupi<\/strong><\/p>\n\n\n\n<p>A 48\u00aa edi\u00e7\u00e3o da Exposi\u00e7\u00e3o Agropecu\u00e1ria de Gurupi come\u00e7ou no dia 26 de maio e vai at\u00e9 o dia 04 de junho no Parque de Exposi\u00e7\u00f5es \u201cJo\u00e3o Lisboa da Cruz\u201d e a expectativa \u00e9 de que mais de 80 mil pessoas passem pelo local nos 10 dias de Feira.<\/p>\n\n\n\n<figure class=\"wp-block-image size-full is-resized\"><img loading=\"lazy\" decoding=\"async\" src=\"https:\/\/focotocantinense.com.br\/wp-content\/uploads\/2022\/05\/image.png\" alt=\"\" class=\"wp-image-2695\" width=\"837\" height=\"419\" srcset=\"https:\/\/focotocantinense.com.br\/wp-content\/uploads\/2022\/05\/image.png 800w, https:\/\/focotocantinense.com.br\/wp-content\/uploads\/2022\/05\/image-300x150.png 300w, https:\/\/focotocantinense.com.br\/wp-content\/uploads\/2022\/05\/image-768x384.png 768w, https:\/\/focotocantinense.com.br\/wp-content\/uploads\/2022\/05\/image-660x330.png 660w\" sizes=\"auto, (max-width: 837px) 100vw, 837px\" \/><\/figure>\n\n\n\n<figure class=\"wp-block-image is-resized\"><img loading=\"lazy\" decoding=\"async\" src=\"http:\/\/n1to.com.br\/img\/uploads\/bbb_19.jpg\" alt=\"\" width=\"838\" height=\"566\"\/><\/figure>\n\n\n\n<figure class=\"wp-block-image\"><img decoding=\"async\" src=\"http:\/\/n1to.com.br\/img\/uploads\/TIO_BARNABEE_OK_103.jpg\" alt=\"\"\/><\/figure>\n","protected":false},"excerpt":{"rendered":"<p>Como um dos maiores eventos agropecu\u00e1rios do Estado, a 48\u00aa Exposi\u00e7\u00e3o Agropecu\u00e1ria de Gurupi acontece durante esta semana mostrando toda a potencialidade do agroneg\u00f3cio local e impulsionando a economia e cultura em nossa cidade. A Feira, realizada pelo Sindicato Rural, conta com total apoio da Prefeitura de Gurupi. A gest\u00e3o p\u00fablica municipal \u00e9 parceria da &hellip;<\/p>\n","protected":false},"author":5,"featured_media":2694,"comment_status":"open","ping_status":"open","sticky":false,"template":"","format":"standard","meta":{"footnotes":""},"categories":[38],"tags":[],"class_list":["post-2692","post","type-post","status-publish","format-standard","has-post-thumbnail","","category-gurupi"],"_links":{"self":[{"href":"https:\/\/focotocantinense.com.br\/index.php?rest_route=\/wp\/v2\/posts\/2692","targetHints":{"allow":["GET"]}}],"collection":[{"href":"https:\/\/focotocantinense.com.br\/index.php?rest_route=\/wp\/v2\/posts"}],"about":[{"href":"https:\/\/focotocantinense.com.br\/index.php?rest_route=\/wp\/v2\/types\/post"}],"author":[{"embeddable":true,"href":"https:\/\/focotocantinense.com.br\/index.php?rest_route=\/wp\/v2\/users\/5"}],"replies":[{"embeddable":true,"href":"https:\/\/focotocantinense.com.br\/index.php?rest_route=%2Fwp%2Fv2%2Fcomments&post=2692"}],"version-history":[{"count":1,"href":"https:\/\/focotocantinense.com.br\/index.php?rest_route=\/wp\/v2\/posts\/2692\/revisions"}],"predecessor-version":[{"id":2696,"href":"https:\/\/focotocantinense.com.br\/index.php?rest_route=\/wp\/v2\/posts\/2692\/revisions\/2696"}],"wp:featuredmedia":[{"embeddable":true,"href":"https:\/\/focotocantinense.com.br\/index.php?rest_route=\/wp\/v2\/media\/2694"}],"wp:attachment":[{"href":"https:\/\/focotocantinense.com.br\/index.php?rest_route=%2Fwp%2Fv2%2Fmedia&parent=2692"}],"wp:term":[{"taxonomy":"category","embeddable":true,"href":"https:\/\/focotocantinense.com.br\/index.php?rest_route=%2Fwp%2Fv2%2Fcategories&post=2692"},{"taxonomy":"post_tag","embeddable":true,"href":"https:\/\/focotocantinense.com.br\/index.php?rest_route=%2Fwp%2Fv2%2Ftags&post=2692"}],"curies":[{"name":"wp","href":"https:\/\/api.w.org\/{rel}","templated":true}]}}