{"id":2689,"date":"2022-05-30T17:43:28","date_gmt":"2022-05-30T20:43:28","guid":{"rendered":"https:\/\/focotocantinense.com.br\/?p=2689"},"modified":"2022-05-30T17:43:29","modified_gmt":"2022-05-30T20:43:29","slug":"time-do-tocantinia-vence-o-primeiro-confronto-nas-quartas-de-final-pelo-copao-tocantins","status":"publish","type":"post","link":"https:\/\/focotocantinense.com.br\/?p=2689","title":{"rendered":"Time do Tocant\u00ednia vence o primeiro confronto nas quartas de final pelo Cop\u00e3o Tocantins"},"content":{"rendered":"\n<p>O time do Tocant\u00ednia Futebol Clube venceu neste domingo (29), o time do Colinas Futebol Clube por 4 a 0, no primeiro confronto pelas quartas de final jogando em casa. Com essa vit\u00f3ria o Tocant\u00ednia s\u00f3 precisa administrar o resultado no pr\u00f3ximo jogo para garantir a classifica\u00e7\u00e3o na semifinal da Fase Estadual do Cop\u00e3o Tocantins. No jogo de volta, as equipes v\u00e3o se enfrentar nesta quarta-feira (1\/06), no Est\u00e1dio Municipal de Nova Olinda, \u00e0s 20hs, em Nova Olinda.<\/p>\n\n\n\n<p>O zagueiro Clenilson, abriu o placar no primeiro tempo na cobran\u00e7a de falta para o Tocant\u00ednia. E outros tr\u00eas gols foram marcados pelos jogadores: o lateral Mizael, meia Paulo Cesar (PC), e o centroavante Gustavo Gomes. Esta foi \u00e0 sexta partida realizada pelo time sem derrota na competi\u00e7\u00e3o da 1\u00aa Edi\u00e7\u00e3o do Cop\u00e3o Tocantins. Sem tempo para o descanso a equipe t\u00e9cnica j\u00e1 inicia os preparativos dos atletas nesta segunda-feira (30), para o pr\u00f3ximo jogo que \u00e9 decisivo para a classifica\u00e7\u00e3o ao semifinal.<\/p>\n\n\n\n<p>O secret\u00e1rio de Juventude e Esporte Adalton Pereira, parabenizou os jogadores e a equipe t\u00e9cnica pelos bons resultados que vem conquistando no campeonato e ressaltou que a prefeitura por meio da Secretaria Municipal de Juventude e Esporte, e junto com a C\u00e2mara Municipal, vem apoiando o time da cidade para continuar firme no campeonato em busca do t\u00edtulo de campe\u00e3o do Cop\u00e3o Tocantins.<\/p>\n\n\n\n<p>O vice-prefeito de Tocant\u00ednia Jo\u00e3o Alberto que vem acompanhando a delega\u00e7\u00e3o em todos os jogos, levando apoio e motiva\u00e7\u00e3o aos jogadores nas partidas, parabenizou os atletas e a todos os envolvidos. \u201cQuero parabenizar e agradecer a todos os atletas pela determina\u00e7\u00e3o e dedica\u00e7\u00e3o de todos que est\u00e3o representando e levando o nome do nosso munic\u00edpio ao n\u00edvel do Estado atrav\u00e9s do esporte. E pode ter certeza que estarei sempre com voc\u00eas.\u201d destacou o vice-prefeito.<\/p>\n\n\n\n<figure class=\"wp-block-image\"><img decoding=\"async\" src=\"http:\/\/n1to.com.br\/img\/uploads\/ccc_11.jpg\" alt=\"\"\/><\/figure>\n\n\n\n<figure class=\"wp-block-image\"><img decoding=\"async\" src=\"http:\/\/n1to.com.br\/img\/uploads\/bbb_18.jpg\" alt=\"\"\/><\/figure>\n","protected":false},"excerpt":{"rendered":"<p>O time do Tocant\u00ednia Futebol Clube venceu neste domingo (29), o time do Colinas Futebol Clube por 4 a 0, no primeiro confronto pelas quartas de final jogando em casa. Com essa vit\u00f3ria o Tocant\u00ednia s\u00f3 precisa administrar o resultado no pr\u00f3ximo jogo para garantir a classifica\u00e7\u00e3o na semifinal da Fase Estadual do Cop\u00e3o Tocantins. &hellip;<\/p>\n","protected":false},"author":5,"featured_media":2690,"comment_status":"open","ping_status":"open","sticky":false,"template":"","format":"standard","meta":{"footnotes":""},"categories":[4,78],"tags":[],"class_list":["post-2689","post","type-post","status-publish","format-standard","has-post-thumbnail","","category-sports","category-tocantinia"],"_links":{"self":[{"href":"https:\/\/focotocantinense.com.br\/index.php?rest_route=\/wp\/v2\/posts\/2689","targetHints":{"allow":["GET"]}}],"collection":[{"href":"https:\/\/focotocantinense.com.br\/index.php?rest_route=\/wp\/v2\/posts"}],"about":[{"href":"https:\/\/focotocantinense.com.br\/index.php?rest_route=\/wp\/v2\/types\/post"}],"author":[{"embeddable":true,"href":"https:\/\/focotocantinense.com.br\/index.php?rest_route=\/wp\/v2\/users\/5"}],"replies":[{"embeddable":true,"href":"https:\/\/focotocantinense.com.br\/index.php?rest_route=%2Fwp%2Fv2%2Fcomments&post=2689"}],"version-history":[{"count":1,"href":"https:\/\/focotocantinense.com.br\/index.php?rest_route=\/wp\/v2\/posts\/2689\/revisions"}],"predecessor-version":[{"id":2691,"href":"https:\/\/focotocantinense.com.br\/index.php?rest_route=\/wp\/v2\/posts\/2689\/revisions\/2691"}],"wp:featuredmedia":[{"embeddable":true,"href":"https:\/\/focotocantinense.com.br\/index.php?rest_route=\/wp\/v2\/media\/2690"}],"wp:attachment":[{"href":"https:\/\/focotocantinense.com.br\/index.php?rest_route=%2Fwp%2Fv2%2Fmedia&parent=2689"}],"wp:term":[{"taxonomy":"category","embeddable":true,"href":"https:\/\/focotocantinense.com.br\/index.php?rest_route=%2Fwp%2Fv2%2Fcategories&post=2689"},{"taxonomy":"post_tag","embeddable":true,"href":"https:\/\/focotocantinense.com.br\/index.php?rest_route=%2Fwp%2Fv2%2Ftags&post=2689"}],"curies":[{"name":"wp","href":"https:\/\/api.w.org\/{rel}","templated":true}]}}