{"id":2686,"date":"2022-05-26T17:24:00","date_gmt":"2022-05-26T20:24:00","guid":{"rendered":"https:\/\/focotocantinense.com.br\/?p=2686"},"modified":"2022-05-26T17:24:02","modified_gmt":"2022-05-26T20:24:02","slug":"acoes-de-valorizacao-turistica-e-cultural-ganham-volume-com-trabalho-da-febtur-tocantins","status":"publish","type":"post","link":"https:\/\/focotocantinense.com.br\/?p=2686","title":{"rendered":"A\u00e7\u00f5es de valoriza\u00e7\u00e3o tur\u00edstica e cultural ganham volume com trabalho da Febtur Tocantins"},"content":{"rendered":"\n<p>Um trabalho volunt\u00e1rio, pautado no prop\u00f3sito de colaborar com o desenvolvimento do turismo e da cultura tocantinense tem atra\u00eddo parcerias importantes para a Federa\u00e7\u00e3o Brasileira de Jornalistas e Comunicadores de Turismo do Tocantins (Febtur-TO) e a possibilidade de realiza\u00e7\u00e3o de v\u00e1rios projetos ao longo de 2022.<\/p>\n\n\n\n<p>\u201cEm oito meses, realizamos um encontro t\u00e9cnico em Gurupi, dois&nbsp;<em>press trips<\/em>, em Palmas e no Territ\u00f3rio Xerente, em Tocant\u00ednia, a posse de novos associados, a elabora\u00e7\u00e3o de projetos e a formaliza\u00e7\u00e3o de parcerias importantes\u201d, comemora a presidente da entidade, jornalista Seleucia Fontes.<\/p>\n\n\n\n<p>Na a\u00e7\u00e3o mais recente, nesta semana, o presidente do Conselho Empresarial de Turismo do Tocantins (Cetur), Marcelo Perim, reafirmou a disposi\u00e7\u00e3o em desenvolver projetos com a Febtur-TO, incluindo a possibilidade de um evento em n\u00edvel estadual, voltado ao trade tur\u00edstico.<\/p>\n\n\n\n<p>Tamb\u00e9m foi entregue \u00e0 Associa\u00e7\u00e3o dos Pioneiros de Palmas (APPA) o projeto \u201cTrajet\u00f3rias Pioneiras\u201d, que visa o registro em livro, document\u00e1rio em v\u00eddeo e exposi\u00e7\u00e3o fotogr\u00e1fica de personagens que colaboraram ativamente na constru\u00e7\u00e3o da Capital tocantinense, que chegou aos 33 anos no \u00faltimo dia 20 de maio.<\/p>\n\n\n\n<p>O projeto foi anunciado durante&nbsp;<em>happy hour<\/em>&nbsp;realizado com jornalistas de Palmas no Atlas Hotel Premium. O evento tamb\u00e9m foi marcado pela posse de cinco novos membros \u00e0 entidade: Jaciara Barros, Mari\u00e1 Soares, Zuleide D\u2019\u00c2ngelo, F\u00e1tima Albuquerque e Samir Ryam unem-se ao grupo que j\u00e1 contava com 12 integrantes no prop\u00f3sito de levar informa\u00e7\u00f5es sobre o turismo e a cultura tocantinense para grande p\u00fablico, al\u00e9m de colaborar nas discuss\u00f5es voltadas ao desenvolvimento do setor no Estado.<\/p>\n\n\n\n<p>O evento foi conduzido pelo jornalista Penaforte Dias, contou com apresenta\u00e7\u00e3o musical de Doriv\u00e3 Borges e a participa\u00e7\u00e3o de jornalistas no cen\u00e1rio local, como Jos\u00e9 Sebasti\u00e3o, Cleber Toledo (Portal CT) e Sandra Miranda (Primeira P\u00e1gina), al\u00e9m de Christina Hayne, presidente da Febtur Par\u00e1 e Ivan Leyraud, presidente da Febtur S\u00e3o Paulo.<\/p>\n\n\n\n<p>Em parceria com a Uni\u00e3o Ind\u00edgena Xerente (UNIX) e com apoio da Prefeitura de Tocant\u00ednia, por meio da Secretaria Municipal de Turismo, a Febtur Tocantins levou um grupo de comunicadores para uma visita t\u00e9cnica ao Territ\u00f3rio Xerente, localizado no munic\u00edpio de Tocant\u00ednia, a cerca de 80 km de Palmas. A UNIX, que \u00e9 presidida pelo Cacique Sr\u00eaw\u00e8 Xerente, trabalha na implementa\u00e7\u00e3o de projeto de etnoturismo nas aldeias da comunidade, que inclui a constru\u00e7\u00e3o do Centro de Fortalecimento da Cultura Xerente.<\/p>\n\n\n\n<p><strong>Outros eventos<\/strong><\/p>\n\n\n\n<p>A primeira a\u00e7\u00e3o oficial da Febtur Tocantins ocorreu em dezembro, quando foi realizado, em parceria com a Prefeitura de Gurupi e apoio do Sebrae Tocantins um evento t\u00e9cnico de sensibiliza\u00e7\u00e3o sobre a entidade e a necessidade de maiores investimentos em turismo e na sua divulga\u00e7\u00e3o. A partir deste evento, que contou com a participa\u00e7\u00e3o do secret\u00e1rio de Cultura e Turismo do Estado, Hercy Filho, e da prefeita Gurupi, Josi Nunes, foi encaminhada proposta para a realiza\u00e7\u00e3o de um semin\u00e1rio no munic\u00edpio de Peixe.<\/p>\n\n\n\n<p>Em mar\u00e7o, por meio de sua diretoria regional Sul, a entidade realizou o I Famtour Gastron\u00f4mico de Palmas, com o objetivo de evidenciar a cidade como um importante polo tur\u00edstico, com \u00f3tima rede hoteleira e restaurantes\/bares de qualidade. O evento contou com a parceria de v\u00e1rias empresas locais e teve a participa\u00e7\u00e3o do presidente nacional da Febtur, Gorg\u00f4nio Loureiro, que tamb\u00e9m realizou visitas t\u00e9cnicas ao Senac Palmas e \u00e0 Ag\u00eancia de Turismo de Palmas.<\/p>\n\n\n\n<figure class=\"wp-block-image is-resized\"><img loading=\"lazy\" decoding=\"async\" src=\"http:\/\/n1to.com.br\/img\/uploads\/2222_7.jpg\" alt=\"\" width=\"837\" height=\"682\"\/><\/figure>\n\n\n\n<figure class=\"wp-block-image is-resized\"><img loading=\"lazy\" decoding=\"async\" src=\"http:\/\/n1to.com.br\/img\/uploads\/3333_2.jpg\" alt=\"\" width=\"840\" height=\"682\"\/><\/figure>\n\n\n\n<figure class=\"wp-block-image is-resized\"><img loading=\"lazy\" decoding=\"async\" src=\"http:\/\/n1to.com.br\/img\/uploads\/44444_3.jpg\" alt=\"\" width=\"837\" height=\"612\"\/><\/figure>\n\n\n\n<figure class=\"wp-block-image\"><img decoding=\"async\" src=\"http:\/\/n1to.com.br\/img\/uploads\/TIO_BARNABEE_OK_102.jpg\" alt=\"\"\/><\/figure>\n","protected":false},"excerpt":{"rendered":"<p>Um trabalho volunt\u00e1rio, pautado no prop\u00f3sito de colaborar com o desenvolvimento do turismo e da cultura tocantinense tem atra\u00eddo parcerias importantes para a Federa\u00e7\u00e3o Brasileira de Jornalistas e Comunicadores de Turismo do Tocantins (Febtur-TO) e a possibilidade de realiza\u00e7\u00e3o de v\u00e1rios projetos ao longo de 2022. \u201cEm oito meses, realizamos um encontro t\u00e9cnico em Gurupi, &hellip;<\/p>\n","protected":false},"author":5,"featured_media":2687,"comment_status":"open","ping_status":"open","sticky":false,"template":"","format":"standard","meta":{"footnotes":""},"categories":[1],"tags":[],"class_list":["post-2686","post","type-post","status-publish","format-standard","has-post-thumbnail","","category-sem-categoria"],"_links":{"self":[{"href":"https:\/\/focotocantinense.com.br\/index.php?rest_route=\/wp\/v2\/posts\/2686","targetHints":{"allow":["GET"]}}],"collection":[{"href":"https:\/\/focotocantinense.com.br\/index.php?rest_route=\/wp\/v2\/posts"}],"about":[{"href":"https:\/\/focotocantinense.com.br\/index.php?rest_route=\/wp\/v2\/types\/post"}],"author":[{"embeddable":true,"href":"https:\/\/focotocantinense.com.br\/index.php?rest_route=\/wp\/v2\/users\/5"}],"replies":[{"embeddable":true,"href":"https:\/\/focotocantinense.com.br\/index.php?rest_route=%2Fwp%2Fv2%2Fcomments&post=2686"}],"version-history":[{"count":1,"href":"https:\/\/focotocantinense.com.br\/index.php?rest_route=\/wp\/v2\/posts\/2686\/revisions"}],"predecessor-version":[{"id":2688,"href":"https:\/\/focotocantinense.com.br\/index.php?rest_route=\/wp\/v2\/posts\/2686\/revisions\/2688"}],"wp:featuredmedia":[{"embeddable":true,"href":"https:\/\/focotocantinense.com.br\/index.php?rest_route=\/wp\/v2\/media\/2687"}],"wp:attachment":[{"href":"https:\/\/focotocantinense.com.br\/index.php?rest_route=%2Fwp%2Fv2%2Fmedia&parent=2686"}],"wp:term":[{"taxonomy":"category","embeddable":true,"href":"https:\/\/focotocantinense.com.br\/index.php?rest_route=%2Fwp%2Fv2%2Fcategories&post=2686"},{"taxonomy":"post_tag","embeddable":true,"href":"https:\/\/focotocantinense.com.br\/index.php?rest_route=%2Fwp%2Fv2%2Ftags&post=2686"}],"curies":[{"name":"wp","href":"https:\/\/api.w.org\/{rel}","templated":true}]}}