{"id":2683,"date":"2022-05-26T15:18:53","date_gmt":"2022-05-26T18:18:53","guid":{"rendered":"https:\/\/focotocantinense.com.br\/?p=2683"},"modified":"2022-05-26T15:18:55","modified_gmt":"2022-05-26T18:18:55","slug":"competicoes-dos-parajets-2022-comecam-nesta-sexta-feira-27","status":"publish","type":"post","link":"https:\/\/focotocantinense.com.br\/?p=2683","title":{"rendered":"Competi\u00e7\u00f5es dos Parajets 2022 come\u00e7am nesta sexta-feira, 27"},"content":{"rendered":"\n<p>Os Jogos Estudantis Paradesportivos do Tocantins (Parajets) 2022, promovidos pela Secretaria de Estado da Educa\u00e7\u00e3o (Seduc), iniciam na sexta-feira, 27. Na 8\u00aa edi\u00e7\u00e3o dos jogos, haver\u00e1 a participa\u00e7\u00e3o de paratletas de todas as regi\u00f5es do Estado, incluindo ind\u00edgenas da comunidade Xerente, de Tocantin\u00f3polis. Atletismo, bocha, nata\u00e7\u00e3o, parabadminton e t\u00eanis de mesa ser\u00e3o as modalidades disputadas durante dois dias de competi\u00e7\u00f5es em Palmas.<\/p>\n\n\n\n<p>S\u00e3o esperados, aproximadamente, 85 paratletas nas categorias 12 a 14 e 15 a 17 anos. O n\u00famero total de integrantes das delega\u00e7\u00f5es deve chegar a 120 pessoas, incluindo competidores, treinadores e acompanhantes.<\/p>\n\n\n\n<p>Os Parajets j\u00e1 revelaram talentos que est\u00e3o se destacando no cen\u00e1rio nacional do atletismo paradesportivo. Atualmente, seis nomes despontam entre os melhores do Brasil, entre eles Aline dos Santos, segunda no ranking brasileiro estudantil em arremesso de peso e quarta em lan\u00e7amento de disco. Em 2019, ela quebrou o recorde brasileiro estudantil nos lan\u00e7amentos de dardo e de pelota.<\/p>\n\n\n\n<p>Com apenas 16 anos, Aline j\u00e1 \u00e9 considerada uma paratleta de alta performance na categoria adulta profissional. A estudante Col\u00e9gio Estadual Machado de Assis, Araguan\u00e3-TO, foi descoberta nos Parajets e, devido ao bom desempenho em provas nacionais, \u00e9 cotada para participar do Campeonato Mundial de Atletismo Paral\u00edmpico 2022 e dos Jogos Parapan-Americanos 2023.<\/p>\n\n\n\n<p><strong>Etapas dos Parajets<\/strong><\/p>\n\n\n\n<p>As competi\u00e7\u00f5es deste ano ser\u00e3o divididas em duas etapas estaduais. Na primeira, ocorrer\u00e3o provas de bocha, nata\u00e7\u00e3o e atletismo, nos dias 27 e 28 de maio. J\u00e1 na segunda etapa, ser\u00e3o disputadas as modalidades t\u00eanis de mesa e parabadminton, no m\u00eas de junho. Os vencedores dessas duas fases se classificar\u00e3o para participar das Paralimp\u00edadas Escolares 2022, em S\u00e3o Paulo-SP.<br>&nbsp;<\/p>\n\n\n\n<p><strong><a href=\"https:\/\/www.to.gov.br\/seduc\/noticias\/competicoes-dos-parajets-2022-comecam-nesta-sexta-feira-27\/4qdyb3iqnvfx\">Programa\u00e7\u00e3o<\/a><\/strong><\/p>\n\n\n\n<figure class=\"wp-block-image\"><img decoding=\"async\" src=\"https:\/\/central.to.gov.br\/image\/293509?w=670&amp;h=383\" alt=\"\"\/><figcaption><em><strong>A paratleta Aline dos Santos tem se destacado em provas regionais e nacionais &#8211; Foto: Marcio Vieira\/Governo do Tocantins<\/strong><\/em><\/figcaption><\/figure>\n","protected":false},"excerpt":{"rendered":"<p>Os Jogos Estudantis Paradesportivos do Tocantins (Parajets) 2022, promovidos pela Secretaria de Estado da Educa\u00e7\u00e3o (Seduc), iniciam na sexta-feira, 27. Na 8\u00aa edi\u00e7\u00e3o dos jogos, haver\u00e1 a participa\u00e7\u00e3o de paratletas de todas as regi\u00f5es do Estado, incluindo ind\u00edgenas da comunidade Xerente, de Tocantin\u00f3polis. Atletismo, bocha, nata\u00e7\u00e3o, parabadminton e t\u00eanis de mesa ser\u00e3o as modalidades disputadas &hellip;<\/p>\n","protected":false},"author":5,"featured_media":2684,"comment_status":"open","ping_status":"open","sticky":false,"template":"","format":"standard","meta":{"footnotes":""},"categories":[1],"tags":[],"class_list":["post-2683","post","type-post","status-publish","format-standard","has-post-thumbnail","","category-sem-categoria"],"_links":{"self":[{"href":"https:\/\/focotocantinense.com.br\/index.php?rest_route=\/wp\/v2\/posts\/2683","targetHints":{"allow":["GET"]}}],"collection":[{"href":"https:\/\/focotocantinense.com.br\/index.php?rest_route=\/wp\/v2\/posts"}],"about":[{"href":"https:\/\/focotocantinense.com.br\/index.php?rest_route=\/wp\/v2\/types\/post"}],"author":[{"embeddable":true,"href":"https:\/\/focotocantinense.com.br\/index.php?rest_route=\/wp\/v2\/users\/5"}],"replies":[{"embeddable":true,"href":"https:\/\/focotocantinense.com.br\/index.php?rest_route=%2Fwp%2Fv2%2Fcomments&post=2683"}],"version-history":[{"count":1,"href":"https:\/\/focotocantinense.com.br\/index.php?rest_route=\/wp\/v2\/posts\/2683\/revisions"}],"predecessor-version":[{"id":2685,"href":"https:\/\/focotocantinense.com.br\/index.php?rest_route=\/wp\/v2\/posts\/2683\/revisions\/2685"}],"wp:featuredmedia":[{"embeddable":true,"href":"https:\/\/focotocantinense.com.br\/index.php?rest_route=\/wp\/v2\/media\/2684"}],"wp:attachment":[{"href":"https:\/\/focotocantinense.com.br\/index.php?rest_route=%2Fwp%2Fv2%2Fmedia&parent=2683"}],"wp:term":[{"taxonomy":"category","embeddable":true,"href":"https:\/\/focotocantinense.com.br\/index.php?rest_route=%2Fwp%2Fv2%2Fcategories&post=2683"},{"taxonomy":"post_tag","embeddable":true,"href":"https:\/\/focotocantinense.com.br\/index.php?rest_route=%2Fwp%2Fv2%2Ftags&post=2683"}],"curies":[{"name":"wp","href":"https:\/\/api.w.org\/{rel}","templated":true}]}}