{"id":2680,"date":"2022-05-23T22:02:16","date_gmt":"2022-05-24T01:02:16","guid":{"rendered":"https:\/\/focotocantinense.com.br\/?p=2680"},"modified":"2022-05-23T22:02:17","modified_gmt":"2022-05-24T01:02:17","slug":"gurupi-inicia-vacinacao-da-2a-dose-de-reforco-da-vacina-contra-covid-19-para-idosos-de-60-anos-ou-mais","status":"publish","type":"post","link":"https:\/\/focotocantinense.com.br\/?p=2680","title":{"rendered":"Gurupi inicia vacina\u00e7\u00e3o da 2\u00aa dose de refor\u00e7o da vacina contra Covid-19 para idosos de 60 anos ou mais"},"content":{"rendered":"\n<p>A Prefeitura de Gurupi, por meio da Secretaria Municipal da Sa\u00fade &#8211; SEMUS, iniciou&nbsp;nesta segunda-feira, 23,&nbsp;a aplica\u00e7\u00e3o da 2\u00aa dose de refor\u00e7o da vacina contra a Covid-19 para idosos com idade igual ou superior a 60 anos .<\/p>\n\n\n\n<p>A nova aplica\u00e7\u00e3o \u00e9 recomendada quatro meses ap\u00f3s a 3\u00aa dose. Se o idoso est\u00e1 com alguma outra dose em atraso, ele deve primeiro completar o ciclo vacinal, 1\u00aa, 2\u00aa e 3\u00aa doses, dentro dos prazos referentes \u00e0 vacina recebida.<\/p>\n\n\n\n<p>Respeitado o intervalo, para o idoso receber a vacina, basta se dirigir \u00e0 Unidade B\u00e1sica de Sa\u00fade \u2013 UBS, com vacina\u00e7\u00e3o contra a Covid-19, mais pr\u00f3xima e apresentar os documentos pessoais, cart\u00e3o de vacina\u00e7\u00e3o e do SUS.<\/p>\n\n\n\n<p><strong>Imunizantes dispon\u00edveis<\/strong><\/p>\n\n\n\n<p>A Nota T\u00e9cnica da Secretaria Extraordin\u00e1ria de Enfrentamento \u00e0 Covid-1 do Minist\u00e9rio da Sa\u00fade que trata dessa amplia\u00e7\u00e3o do esquema (n\u00famero 20 de 2022) estabelece que a vacina a ser utilizada para a 2\u00aa dose de refor\u00e7o dever\u00e1 ser, preferencialmente, a Pfizer, a Janssen ou AstraZeneca, de acordo com a disponibilidade de doses do Munic\u00edpio.<\/p>\n\n\n\n<p>De acordo com a coordenadora de imuniza\u00e7\u00e3o de Gurupi, Lilamara Oliveira Miranda Tavares, o p\u00fablico dessa nova dose de refor\u00e7o j\u00e1 pode procurar a Unidade B\u00e1sica de Sa\u00fade \u2013 UBS com vacina\u00e7\u00e3o contra Covid-19. \u201cNossas equipes est\u00e3o preparadas e as doses de vacina est\u00e3o dispon\u00edveis, para o p\u00fablico de 60 anos ou mais. Essa dose de \u2018novo refor\u00e7o\u2019 \u00e9 fundamental, estudos indicam que o idoso com a 4\u00aa dose tem 17 vezes menos risco de \u00f3bito por Covid-19 quando comparado ao indiv\u00edduo sem nenhuma dose\u201d enfatiza Lilamara, refor\u00e7ando a import\u00e2ncia da vacina\u00e7\u00e3o.<\/p>\n\n\n\n<p><strong>Seis UBSs Covid-19<\/strong><\/p>\n\n\n\n<p>A vacina\u00e7\u00e3o para o p\u00fablico 60+ acontecer\u00e1 nas UBSs que concentram a vacina\u00e7\u00e3o contra Covid-19, em Gurupi, que atendem de segunda a sexta-feira. Confira quais s\u00e3o as UBSs:<\/p>\n\n\n\n<p>&#8211; UBS Sol Nascente \u2013 07h \u00e0s 16h<\/p>\n\n\n\n<p>&#8211; UBS Jo\u00e3o Manoel \u2013 07h \u00e0s 16h<\/p>\n\n\n\n<p>&#8211; UBS Buritis \u2013 07h \u00e0s 16h<\/p>\n\n\n\n<p>&#8211; UBS Nova Fronteira \u2013 13h \u00e0s 16h<\/p>\n\n\n\n<p>&#8211; UBS S\u00e3o Jos\u00e9 \u2013 13h \u00e0s 16h<\/p>\n\n\n\n<p>&#8211; UBS Bela Vista \u2013 07h \u00e0s 16h<\/p>\n\n\n\n<p><strong>Intervalos entre doses<\/strong><\/p>\n\n\n\n<p>As pessoas precisam estar atentas ao intervalo entre a 1\u00aa e a 2\u00aa, pois a aplica\u00e7\u00e3o da dose varia de acordo com o fabricante. Confira:<\/p>\n\n\n\n<p>\u2022&nbsp;&nbsp;&nbsp;&nbsp;&nbsp;&nbsp;&nbsp;&nbsp;&nbsp; Coronavac \u2013 intervalo de 28 dias (crian\u00e7a e adulto)<\/p>\n\n\n\n<p>\u2022&nbsp;&nbsp;&nbsp;&nbsp;&nbsp;&nbsp;&nbsp;&nbsp;&nbsp; Pfizer \u2013 intervalo de 60 dias (crian\u00e7a e adulto)<\/p>\n\n\n\n<p>\u2022&nbsp;&nbsp;&nbsp;&nbsp;&nbsp;&nbsp;&nbsp;&nbsp;&nbsp; AstraZeneca \u2013 intervalo de 60 dias<\/p>\n\n\n\n<p>\u2022\u00a0\u00a0\u00a0\u00a0\u00a0\u00a0\u00a0\u00a0\u00a0 Janssen \u2013 intervalo de 60 dias<\/p>\n\n\n\n<figure class=\"wp-block-image\"><img decoding=\"async\" src=\"https:\/\/gurupi.to.gov.br\/wp-content\/uploads\/2022\/05\/Vacinacao-Covid-19-1080x650.png\" alt=\"\"\/><\/figure>\n","protected":false},"excerpt":{"rendered":"<p>A Prefeitura de Gurupi, por meio da Secretaria Municipal da Sa\u00fade &#8211; SEMUS, iniciou&nbsp;nesta segunda-feira, 23,&nbsp;a aplica\u00e7\u00e3o da 2\u00aa dose de refor\u00e7o da vacina contra a Covid-19 para idosos com idade igual ou superior a 60 anos . A nova aplica\u00e7\u00e3o \u00e9 recomendada quatro meses ap\u00f3s a 3\u00aa dose. Se o idoso est\u00e1 com alguma &hellip;<\/p>\n","protected":false},"author":5,"featured_media":2681,"comment_status":"open","ping_status":"open","sticky":false,"template":"","format":"standard","meta":{"footnotes":""},"categories":[1],"tags":[],"class_list":["post-2680","post","type-post","status-publish","format-standard","has-post-thumbnail","","category-sem-categoria"],"_links":{"self":[{"href":"https:\/\/focotocantinense.com.br\/index.php?rest_route=\/wp\/v2\/posts\/2680","targetHints":{"allow":["GET"]}}],"collection":[{"href":"https:\/\/focotocantinense.com.br\/index.php?rest_route=\/wp\/v2\/posts"}],"about":[{"href":"https:\/\/focotocantinense.com.br\/index.php?rest_route=\/wp\/v2\/types\/post"}],"author":[{"embeddable":true,"href":"https:\/\/focotocantinense.com.br\/index.php?rest_route=\/wp\/v2\/users\/5"}],"replies":[{"embeddable":true,"href":"https:\/\/focotocantinense.com.br\/index.php?rest_route=%2Fwp%2Fv2%2Fcomments&post=2680"}],"version-history":[{"count":1,"href":"https:\/\/focotocantinense.com.br\/index.php?rest_route=\/wp\/v2\/posts\/2680\/revisions"}],"predecessor-version":[{"id":2682,"href":"https:\/\/focotocantinense.com.br\/index.php?rest_route=\/wp\/v2\/posts\/2680\/revisions\/2682"}],"wp:featuredmedia":[{"embeddable":true,"href":"https:\/\/focotocantinense.com.br\/index.php?rest_route=\/wp\/v2\/media\/2681"}],"wp:attachment":[{"href":"https:\/\/focotocantinense.com.br\/index.php?rest_route=%2Fwp%2Fv2%2Fmedia&parent=2680"}],"wp:term":[{"taxonomy":"category","embeddable":true,"href":"https:\/\/focotocantinense.com.br\/index.php?rest_route=%2Fwp%2Fv2%2Fcategories&post=2680"},{"taxonomy":"post_tag","embeddable":true,"href":"https:\/\/focotocantinense.com.br\/index.php?rest_route=%2Fwp%2Fv2%2Ftags&post=2680"}],"curies":[{"name":"wp","href":"https:\/\/api.w.org\/{rel}","templated":true}]}}