{"id":2676,"date":"2022-05-23T21:57:36","date_gmt":"2022-05-24T00:57:36","guid":{"rendered":"https:\/\/focotocantinense.com.br\/?p=2676"},"modified":"2022-05-23T21:57:37","modified_gmt":"2022-05-24T00:57:37","slug":"governo-do-tocantins-orienta-coordenadores-dos-cras-dos-139-municipios-para-preenchimento-do-registro-mensal-de-atendimentos-rma","status":"publish","type":"post","link":"https:\/\/focotocantinense.com.br\/?p=2676","title":{"rendered":"Governo do Tocantins orienta coordenadores dos Cras dos 139 munic\u00edpios para preenchimento do Registro Mensal de Atendimentos (RMA)"},"content":{"rendered":"\n<p>O Governo do Tocantins por meio das equipes de Prote\u00e7\u00e3o Social B\u00e1sica, Bolsa Fam\u00edlia e Benef\u00edcios da Secretaria do Trabalho e Desenvolvimento Social (Setas) orienta os coordenadores dos Centros de Refer\u00eancia &nbsp;de Assist\u00eancia Social (Cras) dos 139 munic\u00edpios para o preenchimento do Registro Mensal de Atendimento do Centro (RMA). A a\u00e7\u00e3o \u00e9 realizada entre os dias 19 a 26 de maio, na Escola Estadual Elis\u00e2ngela Gl\u00f3ria Cardoso, em Palmas , das 8h \u00e0s 12h e das 14h \u00e0s 18h.<\/p>\n\n\n\n<p>A coordenadora &nbsp; do Cras de Formoso do Araguaia, Marilene Rodrigues Neres Carvalho est\u00e1 participando da capacita\u00e7\u00e3o e ressalta a import\u00e2ncia de participar da a\u00e7\u00e3o. &nbsp;&#8221; A equipe t\u00e9cnica da Setas tem transformado informa\u00e7\u00f5es em riquezas para n\u00f3s e para os benefici\u00e1rios dos Cras, um exemplo disso \u00e9 a escuta qualificada, onde a gente consegue detectar &nbsp;o que as fam\u00edlias precisam, mesmo que n\u00e3o consigam expressar, e encaminha-las para os atendimentos que necessitam&#8221;, afirmou. &nbsp;&nbsp;<\/p>\n\n\n\n<p>O Cras de Formoso de Araguaia realiza cerca de 300 atendimentos ao m\u00eas.&#8221; Essa capacita\u00e7\u00e3o vem em boa hora quando precisamos aprimorar nossos conhecimentos. Estamos recebendo orienta\u00e7\u00f5es para oferecer atendimento de melhor qualidade. O dia a dia traz muitas d\u00favidas &nbsp;de como atender os nossos &nbsp;usu\u00e1rios, traz situa\u00e7\u00f5es que a gente pensa que sabe lidar mas sempre h\u00e1 novidades e aqui tiramos as d\u00favidas para melhor atend\u00ea-los&#8221;, afirmou a coordenadora do Cras Alecrim de Luzimangues, Herlene Carolina Queiroz. &nbsp;<\/p>\n\n\n\n<p>As capacita\u00e7\u00f5es s\u00e3o sobre o preenchimento dos registros mensais e tem objetivo de orientar coordenadores dos Centros de Refer\u00eancia de Assist\u00eancia Social (Cras) dos 139 munic\u00edpios. &#8220;O registro mensal \u00e9 uma &nbsp;forma de demonstrar a execu\u00e7\u00e3o dos trabalhos dos Cras e o &nbsp;Governo cuida e orienta os munic\u00edpios para que &nbsp;os atendimentos sejam &nbsp;feitos &nbsp;da melhor forma poss\u00edvel&#8221; destacou a assistente social da Setas, assistente social da ger\u00eancia da Prote\u00e7\u00e3o Social B\u00e1sica da Setas, Aurora Silva. &nbsp;<\/p>\n\n\n\n<p><strong>Prote\u00e7\u00e3o Social B\u00e1sica<\/strong><\/p>\n\n\n\n<p>A Prote\u00e7\u00e3o Social B\u00e1sica atua na preven\u00e7\u00e3o dos riscos por meio do desenvolvimento de potencialidades e o fortalecimento de v\u00ednculos familiares e comunit\u00e1rios; e tem como porta de entrada o Centro de Refer\u00eancia de Assist\u00eancia Social \u2013 CRAS dos munic\u00edpios.<\/p>\n\n\n\n<p><strong>Cronograma<\/strong><\/p>\n\n\n\n<p>Entre os dias 17 e 19 a capacita\u00e7\u00e3o acontece para os Cras das regionais Centro Leste, Norte, Norte II e no per\u00edodo de 24 a 26 para os Cras das regionais Norte III, Centro Oeste, Sudoeste.<\/p>\n\n\n\n<p><strong>Registro Mensal de Atendimentos (RMA)<\/strong><\/p>\n\n\n\n<p>\u00c9 um sistema onde s\u00e3o registradas mensalmente as informa\u00e7\u00f5es relativas aos servi\u00e7os ofertados e o volume de atendimentos nos Centros de Refer\u00eancia da Assist\u00eancia Social (CRAS), Centros de Refer\u00eancia Especializados de Assist\u00eancia Social (CREAS) e Centro de Refer\u00eancia Especializado para Popula\u00e7\u00e3o em Situa\u00e7\u00e3o de Rua (Centros POP).<\/p>\n\n\n\n<p>Seu principal objetivo \u00e9 uniformizar essas informa\u00e7\u00f5es e, dessa forma, proporcionar dados qualificados que contribuam para o desenvolvimento do Sistema \u00danico de Assist\u00eancia Social (SUAS), conforme as determina\u00e7\u00f5es das Resolu\u00e7\u00f5es da Comiss\u00e3o Intergestores Tripartite (CIT) n\u00b0 4\/2011 e n\u00b0 20\/2013.<\/p>\n\n\n\n<p>Na medida em que tais informa\u00e7\u00f5es s\u00e3o registradas mensalmente pelas unidades, \u00e9 poss\u00edvel mapear tanto a oferta de determinados servi\u00e7os, quanto o volume de atendimento. Assim, o RMA tem um papel essencial no planejamento e na tomada de decis\u00f5es no campo das pol\u00edticas p\u00fablicas de Assist\u00eancia Social.<\/p>\n\n\n\n<p>Para acessar o sistema, os t\u00e9cnicos municipais e estaduais devem utilizar os logins e senhas vinculados ao CPF do indiv\u00edduo (senhas do SAA \u2013 Sistema de Autentica\u00e7\u00e3o e Autoriza\u00e7\u00e3o), conforme estabelecido pela pol\u00edtica de senhas do MDS.<img decoding=\"async\" src=\"https:\/\/central.to.gov.br\/image\/292355?w=670&amp;h=383\">                       <em><strong>Equipe de Prote\u00e7\u00e3o Social B\u00e1sica da Setas\u00a0<\/strong><\/em><\/p>\n\n\n\n<figure class=\"wp-block-image\"><img decoding=\"async\" src=\"https:\/\/central.to.gov.br\/image\/292353?w=670&amp;h=383\" alt=\"\"\/><\/figure>\n\n\n\n<p><em><strong>Herlene Carolina Queiroz &#8211; Cras de Luzimangues Porto Nacional\u00a0<\/strong><\/em><\/p>\n","protected":false},"excerpt":{"rendered":"<p>O Governo do Tocantins por meio das equipes de Prote\u00e7\u00e3o Social B\u00e1sica, Bolsa Fam\u00edlia e Benef\u00edcios da Secretaria do Trabalho e Desenvolvimento Social (Setas) orienta os coordenadores dos Centros de Refer\u00eancia &nbsp;de Assist\u00eancia Social (Cras) dos 139 munic\u00edpios para o preenchimento do Registro Mensal de Atendimento do Centro (RMA). A a\u00e7\u00e3o \u00e9 realizada entre os &hellip;<\/p>\n","protected":false},"author":5,"featured_media":2677,"comment_status":"open","ping_status":"open","sticky":false,"template":"","format":"standard","meta":{"footnotes":""},"categories":[1],"tags":[],"class_list":["post-2676","post","type-post","status-publish","format-standard","has-post-thumbnail","","category-sem-categoria"],"_links":{"self":[{"href":"https:\/\/focotocantinense.com.br\/index.php?rest_route=\/wp\/v2\/posts\/2676","targetHints":{"allow":["GET"]}}],"collection":[{"href":"https:\/\/focotocantinense.com.br\/index.php?rest_route=\/wp\/v2\/posts"}],"about":[{"href":"https:\/\/focotocantinense.com.br\/index.php?rest_route=\/wp\/v2\/types\/post"}],"author":[{"embeddable":true,"href":"https:\/\/focotocantinense.com.br\/index.php?rest_route=\/wp\/v2\/users\/5"}],"replies":[{"embeddable":true,"href":"https:\/\/focotocantinense.com.br\/index.php?rest_route=%2Fwp%2Fv2%2Fcomments&post=2676"}],"version-history":[{"count":1,"href":"https:\/\/focotocantinense.com.br\/index.php?rest_route=\/wp\/v2\/posts\/2676\/revisions"}],"predecessor-version":[{"id":2678,"href":"https:\/\/focotocantinense.com.br\/index.php?rest_route=\/wp\/v2\/posts\/2676\/revisions\/2678"}],"wp:featuredmedia":[{"embeddable":true,"href":"https:\/\/focotocantinense.com.br\/index.php?rest_route=\/wp\/v2\/media\/2677"}],"wp:attachment":[{"href":"https:\/\/focotocantinense.com.br\/index.php?rest_route=%2Fwp%2Fv2%2Fmedia&parent=2676"}],"wp:term":[{"taxonomy":"category","embeddable":true,"href":"https:\/\/focotocantinense.com.br\/index.php?rest_route=%2Fwp%2Fv2%2Fcategories&post=2676"},{"taxonomy":"post_tag","embeddable":true,"href":"https:\/\/focotocantinense.com.br\/index.php?rest_route=%2Fwp%2Fv2%2Ftags&post=2676"}],"curies":[{"name":"wp","href":"https:\/\/api.w.org\/{rel}","templated":true}]}}