{"id":2673,"date":"2022-05-23T19:42:27","date_gmt":"2022-05-23T22:42:27","guid":{"rendered":"https:\/\/focotocantinense.com.br\/?p=2673"},"modified":"2022-05-23T19:42:29","modified_gmt":"2022-05-23T22:42:29","slug":"professora-gyza-pereira-lanca-livro-de-poesias-no-centro-cultural-mauro-cunha","status":"publish","type":"post","link":"https:\/\/focotocantinense.com.br\/?p=2673","title":{"rendered":"Professora Gyza Pereira lan\u00e7a livro de poesias no Centro Cultural Mauro Cunha"},"content":{"rendered":"\n<p>Em noite de aut\u00f3grafos que aconteceu s\u00e1bado passado no Centro Cultural Mauro Cunha, em Gurupi, promovida pela Academia Gurupiense de Letras (AGL), \u00a0a poetisa Gyza Pereira lan\u00e7ou seu livro de poesias intitulado de<strong><em> Metamorfose<\/em><\/strong>, publicado pela Editora Veloso.<\/p>\n\n\n\n<p>Natural de Peixe, mas residindo em Gurupi, Gysa Pereira, al\u00e9m de poetisa, \u00e9 artista pl\u00e1stica e professora, formada em Letras Portugu\u00eas\/Ingl\u00eas e suas respectivas literaturas, pedagoga e p\u00f3s-graduada em Gest\u00e3o, Orienta\u00e7\u00e3o e Supervis\u00e3o Escolar.<\/p>\n\n\n\n<p>T\u00eam trabalhos publicados em tr\u00eas antologias liter\u00e1rias:\u00a0<strong><em>Id\u00edlico Concilio<\/em><\/strong>,\u00a0<strong><em>A volta dos que n\u00e3o foram<\/em><\/strong>, ambas \u00a0publicadas pela editora Edi\u00e7\u00f5es e Publica\u00e7\u00f5es, al\u00e9m da\u00a0\u00a0<strong><em>Antologia Viva e deixe viver<\/em><\/strong>\u00a0\u00a0(Exalta\u00e7\u00e3o \u00e0 mulher) pela Editora Almeida.<\/p>\n\n\n\n<figure class=\"wp-block-image is-resized\"><img loading=\"lazy\" decoding=\"async\" src=\"https:\/\/www.n1to.com.br\/img\/cache\/800x400\/80\/crop\/Imagem-4d939a70759f79715c5fc21da818a341.jpg\" alt=\"\" width=\"839\" height=\"420\"\/><\/figure>\n\n\n\n<figure class=\"wp-block-image\"><img decoding=\"async\" src=\"http:\/\/n1to.com.br\/img\/uploads\/veloso_banner_55.jpeg\" alt=\"\"\/><\/figure>\n","protected":false},"excerpt":{"rendered":"<p>Em noite de aut\u00f3grafos que aconteceu s\u00e1bado passado no Centro Cultural Mauro Cunha, em Gurupi, promovida pela Academia Gurupiense de Letras (AGL), \u00a0a poetisa Gyza Pereira lan\u00e7ou seu livro de poesias intitulado de Metamorfose, publicado pela Editora Veloso. Natural de Peixe, mas residindo em Gurupi, Gysa Pereira, al\u00e9m de poetisa, \u00e9 artista pl\u00e1stica e professora, &hellip;<\/p>\n","protected":false},"author":5,"featured_media":2674,"comment_status":"open","ping_status":"open","sticky":false,"template":"","format":"standard","meta":{"footnotes":""},"categories":[1],"tags":[],"class_list":["post-2673","post","type-post","status-publish","format-standard","has-post-thumbnail","","category-sem-categoria"],"_links":{"self":[{"href":"https:\/\/focotocantinense.com.br\/index.php?rest_route=\/wp\/v2\/posts\/2673","targetHints":{"allow":["GET"]}}],"collection":[{"href":"https:\/\/focotocantinense.com.br\/index.php?rest_route=\/wp\/v2\/posts"}],"about":[{"href":"https:\/\/focotocantinense.com.br\/index.php?rest_route=\/wp\/v2\/types\/post"}],"author":[{"embeddable":true,"href":"https:\/\/focotocantinense.com.br\/index.php?rest_route=\/wp\/v2\/users\/5"}],"replies":[{"embeddable":true,"href":"https:\/\/focotocantinense.com.br\/index.php?rest_route=%2Fwp%2Fv2%2Fcomments&post=2673"}],"version-history":[{"count":1,"href":"https:\/\/focotocantinense.com.br\/index.php?rest_route=\/wp\/v2\/posts\/2673\/revisions"}],"predecessor-version":[{"id":2675,"href":"https:\/\/focotocantinense.com.br\/index.php?rest_route=\/wp\/v2\/posts\/2673\/revisions\/2675"}],"wp:featuredmedia":[{"embeddable":true,"href":"https:\/\/focotocantinense.com.br\/index.php?rest_route=\/wp\/v2\/media\/2674"}],"wp:attachment":[{"href":"https:\/\/focotocantinense.com.br\/index.php?rest_route=%2Fwp%2Fv2%2Fmedia&parent=2673"}],"wp:term":[{"taxonomy":"category","embeddable":true,"href":"https:\/\/focotocantinense.com.br\/index.php?rest_route=%2Fwp%2Fv2%2Fcategories&post=2673"},{"taxonomy":"post_tag","embeddable":true,"href":"https:\/\/focotocantinense.com.br\/index.php?rest_route=%2Fwp%2Fv2%2Ftags&post=2673"}],"curies":[{"name":"wp","href":"https:\/\/api.w.org\/{rel}","templated":true}]}}