{"id":2658,"date":"2022-05-22T15:35:28","date_gmt":"2022-05-22T18:35:28","guid":{"rendered":"https:\/\/focotocantinense.com.br\/?p=2658"},"modified":"2022-05-22T15:39:36","modified_gmt":"2022-05-22T18:39:36","slug":"secretario-de-educacao-de-tocantinia-andre-goveia-lanca-novo-livro-em-gurupi","status":"publish","type":"post","link":"https:\/\/focotocantinense.com.br\/?p=2658","title":{"rendered":"Secret\u00e1rio de Educa\u00e7\u00e3o de Tocant\u00ednia, Andr\u00e9 Goveia, lan\u00e7a novo livro em Gurupi"},"content":{"rendered":"\n<p><em><strong>Por Leontina Martins<\/strong><\/em><\/p>\n\n\n\n<p>No s\u00e1bado, 21, o secret\u00e1rio de Educa\u00e7\u00e3o de Tocant\u00ednia, professor Andr\u00e9 Goveia, participou em Gurupi,&nbsp; do lan\u00e7amento coletivo de obras de autores tocantinenses no Centro&nbsp; Cultural Mauro Cunha, promovido pela Academia Gurupiense de Letras (AGL). Na oportunidade, Goveia fez o lan\u00e7amento de mais uma obra de sua autoria. Trata-se de<em><strong>&nbsp;Versos M\u00e1gicos<\/strong><\/em>, publicado pela Editora Veloso.<\/p>\n\n\n\n<p>O pref\u00e1cio da obra \u00e9 assinado pelo consagrado escritor&nbsp;&nbsp; e jornalista Zacarias Martins, titular da&nbsp; Academia Tocantinense de Letras (ATL),&nbsp; que discorre sobre a capacidade criadora&nbsp; de Andr\u00e9 Goveia que, segundo ele, trata-se de um poeta que &nbsp;se apresenta impregnado de&nbsp; nobres sentimentos por meio de uma sele\u00e7\u00e3o toda especial de suas mais recentes poesias, \u201cescritas com sentimento e que nos surgem como magias verbais, destacou Martins.<\/p>\n\n\n\n<p><strong>Credenciais do Autor<\/strong><\/p>\n\n\n\n<p>Andr\u00e9 Goveia \u00e9 natural de Tocant\u00ednia (TO), escritor, poeta, professor de carreira da rede estadual, professor na Universidade da Maturidade (UFT\/UMA), pedagogo, especialista em Gest\u00e3o Educacional e Metodologias de Ensino, licenciado em Letras, Mestrando em Educa\u00e7\u00e3o.&nbsp; Articulador Municipal do Selo Unicef. \u00c9 secret\u00e1rio municipal de Educa\u00e7\u00e3o de Tocant\u00ednia,&nbsp; membro&nbsp; correspondente&nbsp; da Academia Gurupiense de Letras (AGL), e da Academia de Letras de Aragua\u00edna e Norte Tocantinense (Acalanto).<\/p>\n\n\n\n<p>Participou do&nbsp;<em><strong>Anu\u00e1rio de Poetas e Escritores do Tocantins<\/strong><\/em>,&nbsp; nas edi\u00e7\u00f5es de 2016, 2017, 2018 e 2019, bem como, da&nbsp;&nbsp;&nbsp;<em><strong>Antologia Veloso<\/strong>&nbsp;<\/em>&#8211;&nbsp; 2020.&nbsp;&nbsp;&nbsp; Tamb\u00e9m est\u00e1 presente na colet\u00e2nea Literatura Tocantinense (2020), organizada pelo professor &nbsp;Pedro Albeirice da Rocha.<\/p>\n\n\n\n<p>Goveia \u00e9 autor de cinco&nbsp; livros individuais&nbsp; no g\u00eanero poesia, &nbsp;sendo eles:&nbsp;<strong>R<em>ecitando a Vid<\/em>a&nbsp;<\/strong>(2018),&nbsp;<strong>P<em>oesias da Vi<\/em>da&nbsp;<em>(2019)<\/em><\/strong><em>,<\/em>&nbsp;&nbsp;<em><strong>Hoje \u00e9 dia de Poesia<\/strong>&nbsp;<\/em>(2020), &nbsp;<em><strong>Poetizando Vidas<\/strong><\/em>&nbsp;(2021) e, agora, &nbsp;<em><strong>Ve<\/strong><strong><em>rsos<\/em>&nbsp;M\u00e1gicos<\/strong><\/em>, todos publicados pela Editora Veloso, de Gurupi.<\/p>\n\n\n\n<figure class=\"wp-block-image\"><img decoding=\"async\" src=\"http:\/\/n1to.com.br\/img\/uploads\/bbb_16.jpg\" alt=\"\"\/><\/figure>\n\n\n\n<figure class=\"wp-block-image is-resized\"><img loading=\"lazy\" decoding=\"async\" src=\"http:\/\/n1to.com.br\/img\/uploads\/ccc_9.jpg\" alt=\"\" width=\"840\" height=\"565\"\/><\/figure>\n\n\n\n<figure class=\"wp-block-image size-large\"><img loading=\"lazy\" decoding=\"async\" width=\"1024\" height=\"360\" src=\"https:\/\/focotocantinense.com.br\/wp-content\/uploads\/2022\/05\/TIO-BARNABEE-OK-1024x360.jpg\" alt=\"\" class=\"wp-image-2659\" srcset=\"https:\/\/focotocantinense.com.br\/wp-content\/uploads\/2022\/05\/TIO-BARNABEE-OK-1024x360.jpg 1024w, https:\/\/focotocantinense.com.br\/wp-content\/uploads\/2022\/05\/TIO-BARNABEE-OK-300x105.jpg 300w, https:\/\/focotocantinense.com.br\/wp-content\/uploads\/2022\/05\/TIO-BARNABEE-OK-768x270.jpg 768w, https:\/\/focotocantinense.com.br\/wp-content\/uploads\/2022\/05\/TIO-BARNABEE-OK.jpg 1280w\" sizes=\"auto, (max-width: 1024px) 100vw, 1024px\" \/><\/figure>\n\n\n\n<figure class=\"wp-block-image size-large\"><img loading=\"lazy\" decoding=\"async\" width=\"1024\" height=\"296\" src=\"https:\/\/focotocantinense.com.br\/wp-content\/uploads\/2022\/05\/veloso_banner-1024x296.jpeg\" alt=\"\" class=\"wp-image-2661\" srcset=\"https:\/\/focotocantinense.com.br\/wp-content\/uploads\/2022\/05\/veloso_banner-1024x296.jpeg 1024w, https:\/\/focotocantinense.com.br\/wp-content\/uploads\/2022\/05\/veloso_banner-300x87.jpeg 300w, https:\/\/focotocantinense.com.br\/wp-content\/uploads\/2022\/05\/veloso_banner-768x222.jpeg 768w, https:\/\/focotocantinense.com.br\/wp-content\/uploads\/2022\/05\/veloso_banner.jpeg 1156w\" sizes=\"auto, (max-width: 1024px) 100vw, 1024px\" \/><\/figure>\n","protected":false},"excerpt":{"rendered":"<p>Por Leontina Martins No s\u00e1bado, 21, o secret\u00e1rio de Educa\u00e7\u00e3o de Tocant\u00ednia, professor Andr\u00e9 Goveia, participou em Gurupi,&nbsp; do lan\u00e7amento coletivo de obras de autores tocantinenses no Centro&nbsp; Cultural Mauro Cunha, promovido pela Academia Gurupiense de Letras (AGL). Na oportunidade, Goveia fez o lan\u00e7amento de mais uma obra de sua autoria. Trata-se de&nbsp;Versos M\u00e1gicos, publicado &hellip;<\/p>\n","protected":false},"author":5,"featured_media":2663,"comment_status":"open","ping_status":"open","sticky":false,"template":"","format":"standard","meta":{"footnotes":""},"categories":[1],"tags":[],"class_list":["post-2658","post","type-post","status-publish","format-standard","has-post-thumbnail","","category-sem-categoria"],"_links":{"self":[{"href":"https:\/\/focotocantinense.com.br\/index.php?rest_route=\/wp\/v2\/posts\/2658","targetHints":{"allow":["GET"]}}],"collection":[{"href":"https:\/\/focotocantinense.com.br\/index.php?rest_route=\/wp\/v2\/posts"}],"about":[{"href":"https:\/\/focotocantinense.com.br\/index.php?rest_route=\/wp\/v2\/types\/post"}],"author":[{"embeddable":true,"href":"https:\/\/focotocantinense.com.br\/index.php?rest_route=\/wp\/v2\/users\/5"}],"replies":[{"embeddable":true,"href":"https:\/\/focotocantinense.com.br\/index.php?rest_route=%2Fwp%2Fv2%2Fcomments&post=2658"}],"version-history":[{"count":2,"href":"https:\/\/focotocantinense.com.br\/index.php?rest_route=\/wp\/v2\/posts\/2658\/revisions"}],"predecessor-version":[{"id":2662,"href":"https:\/\/focotocantinense.com.br\/index.php?rest_route=\/wp\/v2\/posts\/2658\/revisions\/2662"}],"wp:featuredmedia":[{"embeddable":true,"href":"https:\/\/focotocantinense.com.br\/index.php?rest_route=\/wp\/v2\/media\/2663"}],"wp:attachment":[{"href":"https:\/\/focotocantinense.com.br\/index.php?rest_route=%2Fwp%2Fv2%2Fmedia&parent=2658"}],"wp:term":[{"taxonomy":"category","embeddable":true,"href":"https:\/\/focotocantinense.com.br\/index.php?rest_route=%2Fwp%2Fv2%2Fcategories&post=2658"},{"taxonomy":"post_tag","embeddable":true,"href":"https:\/\/focotocantinense.com.br\/index.php?rest_route=%2Fwp%2Fv2%2Ftags&post=2658"}],"curies":[{"name":"wp","href":"https:\/\/api.w.org\/{rel}","templated":true}]}}