{"id":2650,"date":"2022-05-22T15:24:08","date_gmt":"2022-05-22T18:24:08","guid":{"rendered":"https:\/\/focotocantinense.com.br\/?p=2650"},"modified":"2022-05-22T15:44:44","modified_gmt":"2022-05-22T18:44:44","slug":"professora-sileia-monteiro-e-a-paixao-pela-educacao%ef%bf%bc","status":"publish","type":"post","link":"https:\/\/focotocantinense.com.br\/?p=2650","title":{"rendered":"Professora \u00a0Sil\u00e9ia Monteiro e a paix\u00e3o pela educa\u00e7\u00e3o"},"content":{"rendered":"\n<figure class=\"wp-block-image size-full is-resized\"><img loading=\"lazy\" decoding=\"async\" src=\"https:\/\/focotocantinense.com.br\/wp-content\/uploads\/2022\/05\/xxxxxxxxxxxxx.jpg\" alt=\"\" class=\"wp-image-2651\" width=\"365\" height=\"271\" srcset=\"https:\/\/focotocantinense.com.br\/wp-content\/uploads\/2022\/05\/xxxxxxxxxxxxx.jpg 541w, https:\/\/focotocantinense.com.br\/wp-content\/uploads\/2022\/05\/xxxxxxxxxxxxx-300x223.jpg 300w\" sizes=\"auto, (max-width: 365px) 100vw, 365px\" \/><figcaption>Com forma\u00e7\u00e3o em Hist\u00f3ria pela Universidade do Tocantins \u2013 Unitins, a professora Sil\u00e9ia Monteiro &nbsp;\u00e9 conhecida entre os amigos mais \u00edntimos como sendo uma pessoa forte e corajosa.<br>&nbsp;<br>Estamos diante de uma jovem professora que tem constru\u00eddo uma carreira na educa\u00e7\u00e3o tocantinense, com marca positiva por onde&nbsp; passa, levando a tiracolo &nbsp;um robusto curr\u00edculo na educa\u00e7\u00e3o p\u00fablica e&nbsp; privada.<br>&nbsp;<br>&nbsp;J\u00e1 foi gerente comercial em uma empresa de EaD pelo Tocantins e Maranh\u00e3o, bem como, &nbsp;coordenadora pedag\u00f3gica, diretora escolar e secret\u00e1ria municipal de Educa\u00e7\u00e3o &nbsp;de Lajeado.<br>&nbsp;&nbsp;<br>Num bate-papo descontra\u00eddo com a nossa reportagem, em sua resid\u00eancia em Palmas, a professora Sil\u00e9ia Monteiro falou um pouco de&nbsp; &nbsp;educa\u00e7\u00e3o e, especialmente, da sua nova experi\u00eancia em sala de aula que vem realizando no col\u00e9gio Militar II, da Capital.<br>&nbsp;<br>Ao ser perguntada sobre essa nova fase em sua carreira profissional, a professora Sil\u00e9ia Monteiro nos garantiu que vive o melhor momento da sua trajet\u00f3ria profissional. \u201cA sala de aula me proporciona a oportunidade de partilhar todos os meus conhecimentos constru\u00eddos ao longo da vida acad\u00eamica e profissional. At\u00e9 me sinto mais jovem\u201d, diz ela em meio um leve sorriso de satisfa\u00e7\u00e3o<br>&nbsp;<br>&nbsp;<br>Professora Sil\u00e9ia&nbsp; lembra que os nossos &nbsp;jovens est\u00e3o passando por um per\u00edodo de muitos conflitos internos, e diz&nbsp; acreditar &nbsp;que esse momento p\u00f3s pandemia&nbsp; est\u00e1 apenas potencializando aquilo que j\u00e1 havia sido iniciado na nossa educa\u00e7\u00e3o h\u00e1 uns 15 anos atr\u00e1s.<br>&nbsp;<br>\u201cPassar o dia no Col\u00e9gio Militar que funciona em regime de&nbsp; tempo Integral tem sido um enorme prazer\u201d, garante a professora, ressaltando que a&nbsp; &nbsp;jovialidade dos alunos com aquela &nbsp;alegria de viver, s\u00e3o est\u00edmulos que a fazem cada dia mais&nbsp; a &nbsp;sentir &nbsp;o desejo de continuar dando o melhor de &nbsp;si.<br>&nbsp;<br>\u201cO sentimento \u00e9 de gratid\u00e3o, mesmo\u201d, finalizou a professora Sil\u00e9ia.<\/figcaption><\/figure>\n\n\n\n<figure class=\"wp-block-image size-full is-resized\"><img loading=\"lazy\" decoding=\"async\" src=\"https:\/\/focotocantinense.com.br\/wp-content\/uploads\/2022\/05\/zzz.jpg\" alt=\"\" class=\"wp-image-2656\" width=\"649\" height=\"786\" srcset=\"https:\/\/focotocantinense.com.br\/wp-content\/uploads\/2022\/05\/zzz.jpg 489w, https:\/\/focotocantinense.com.br\/wp-content\/uploads\/2022\/05\/zzz-248x300.jpg 248w\" sizes=\"auto, (max-width: 649px) 100vw, 649px\" \/><\/figure>\n","protected":false},"excerpt":{"rendered":"<p>Com forma\u00e7\u00e3o em Hist\u00f3ria pela Universidade do Tocantins \u2013 Unitins, a professora Sil\u00e9ia Monteiro &nbsp;\u00e9 conhecida entre os amigos mais \u00edntimos como sendo uma pessoa forte e corajosa.&nbsp;Estamos diante de uma jovem professora que tem constru\u00eddo uma carreira na educa\u00e7\u00e3o tocantinense, com marca positiva por onde&nbsp; passa, levando a tiracolo &nbsp;um robusto curr\u00edculo na educa\u00e7\u00e3o &hellip;<\/p>\n","protected":false},"author":5,"featured_media":2651,"comment_status":"open","ping_status":"open","sticky":false,"template":"","format":"standard","meta":{"footnotes":""},"categories":[1],"tags":[],"class_list":["post-2650","post","type-post","status-publish","format-standard","has-post-thumbnail","","category-sem-categoria"],"_links":{"self":[{"href":"https:\/\/focotocantinense.com.br\/index.php?rest_route=\/wp\/v2\/posts\/2650","targetHints":{"allow":["GET"]}}],"collection":[{"href":"https:\/\/focotocantinense.com.br\/index.php?rest_route=\/wp\/v2\/posts"}],"about":[{"href":"https:\/\/focotocantinense.com.br\/index.php?rest_route=\/wp\/v2\/types\/post"}],"author":[{"embeddable":true,"href":"https:\/\/focotocantinense.com.br\/index.php?rest_route=\/wp\/v2\/users\/5"}],"replies":[{"embeddable":true,"href":"https:\/\/focotocantinense.com.br\/index.php?rest_route=%2Fwp%2Fv2%2Fcomments&post=2650"}],"version-history":[{"count":4,"href":"https:\/\/focotocantinense.com.br\/index.php?rest_route=\/wp\/v2\/posts\/2650\/revisions"}],"predecessor-version":[{"id":2668,"href":"https:\/\/focotocantinense.com.br\/index.php?rest_route=\/wp\/v2\/posts\/2650\/revisions\/2668"}],"wp:featuredmedia":[{"embeddable":true,"href":"https:\/\/focotocantinense.com.br\/index.php?rest_route=\/wp\/v2\/media\/2651"}],"wp:attachment":[{"href":"https:\/\/focotocantinense.com.br\/index.php?rest_route=%2Fwp%2Fv2%2Fmedia&parent=2650"}],"wp:term":[{"taxonomy":"category","embeddable":true,"href":"https:\/\/focotocantinense.com.br\/index.php?rest_route=%2Fwp%2Fv2%2Fcategories&post=2650"},{"taxonomy":"post_tag","embeddable":true,"href":"https:\/\/focotocantinense.com.br\/index.php?rest_route=%2Fwp%2Fv2%2Ftags&post=2650"}],"curies":[{"name":"wp","href":"https:\/\/api.w.org\/{rel}","templated":true}]}}