{"id":2642,"date":"2022-05-16T21:24:03","date_gmt":"2022-05-17T00:24:03","guid":{"rendered":"https:\/\/focotocantinense.com.br\/?p=2642"},"modified":"2022-05-16T21:30:11","modified_gmt":"2022-05-17T00:30:11","slug":"alunos-da-escola-lar-adventista-participam-de-rodada-de-conversa-com-zacarias-martins","status":"publish","type":"post","link":"https:\/\/focotocantinense.com.br\/?p=2642","title":{"rendered":"Alunos  da Escola Lar Adventista participam de Roda de Conversa com  o escritor Zacarias Martins"},"content":{"rendered":"\n<p><strong>Por: Jonas Amaral<\/strong><\/p>\n\n\n\n<p>Na manh\u00e3 desta segunda-feira, dia 16, os alunos da Escola Lar Adventista, em Aragua\u00edna, tiveram um momento de aprendizagem diferente e que contou com uma movimentada Roda de Conversa bem divertida e humorada com o escritor, poeta e jornalista Zacarias Martins, que \u00e9 membro fundador da Academia Tocantinense de Letras (ATL) e, mais recentemente, tomou posse como membro correspondente da Academia de Letras de Aragua\u00edna e Norte Tocantinense (Acalanto).<\/p>\n\n\n\n<p><br>Sempre de forma divertida, utilizando-se de um linguajar apropriado para crian\u00e7as, o escritor promoveu o incentivo \u00e0 leitura e a produ\u00e7\u00e3o textual, tendo contado um pouco da sua trajet\u00f3ria liter\u00e1ria e sobre fatos curiosos que vivenciou ao logo do tempo. No final, Zacarias ainda sorteou entre os alunos, v\u00e1rios exemplares de livros infantis.<\/p>\n\n\n\n<p><strong>Abordagem<\/strong><br>A coordenadora pedag\u00f3gica da unidade escolar, Sara Costa, afirmou que foi extremamente de grande valia a abordagem de Zacarias Martins na quest\u00e3o do incentivo \u00e0 leitura, visto que hoje, com tantas informa\u00e7\u00f5es na internet, n\u00e3o s\u00f3 os adultos, mas principalmente, as crian\u00e7as e adolescente aos poucos, est\u00e3o perdendo o salutar prazer pelo leitura.<\/p>\n\n\n\n<p><br>\u201cA presen\u00e7a de um escritor destacado como o Zacarias Martins em nossa escola, al\u00e9m de ser um grande privil\u00e9gio \u00e9, tamb\u00e9m, uma excelente oportunidade para um aprendizado prazeroso aos nossos alunos, contribuindo, assim, para uma educa\u00e7\u00e3o de mais qualidade\u201d, pontuou a coordenadora.<\/p>\n\n\n\n<p><br><strong>Est\u00edmulo<\/strong><br>J\u00e1 as professoras Gilsa Dias e Fab Carneiro, que fizeram quest\u00e3o de acompanhar de perto essa performance do palestrante, agradeceram pela pela disponibilidade do ilustre intelectual que encontrou um tempo em sua movimentada agenda em Aragua\u00edna, para essa Roda de Conversa com os alunos que por sua vez, sentiram-se mais estimulados a viajar pelo mundo da leitura.<\/p>\n\n\n\n<figure class=\"wp-block-image\"><img decoding=\"async\" src=\"https:\/\/www.jornalcocktail.com.br\/images\/noticias\/4004\/e61387fbba6058fded3cd9739666616f.jpg\" alt=\"\"\/><\/figure>\n\n\n\n<figure class=\"wp-block-image\"><img decoding=\"async\" src=\"http:\/\/n1to.com.br\/img\/uploads\/oooo.jpg\" alt=\"\"\/><\/figure>\n\n\n\n<figure class=\"wp-block-image\"><img decoding=\"async\" src=\"http:\/\/n1to.com.br\/img\/uploads\/pppp.jpg\" alt=\"\"\/><\/figure>\n\n\n\n<figure class=\"wp-block-image\"><img decoding=\"async\" src=\"http:\/\/n1to.com.br\/img\/uploads\/www.jpg\" alt=\"\"\/><\/figure>\n\n\n\n<figure class=\"wp-block-image\"><img decoding=\"async\" src=\"http:\/\/n1to.com.br\/img\/uploads\/vvvv.jpg\" alt=\"\"\/><\/figure>\n\n\n\n<figure class=\"wp-block-image\"><img decoding=\"async\" src=\"http:\/\/n1to.com.br\/img\/uploads\/%C3%A7%C3%A7_1.jpg\" alt=\"\"\/><\/figure>\n\n\n\n<figure class=\"wp-block-image\"><img decoding=\"async\" src=\"http:\/\/n1to.com.br\/img\/uploads\/vvvv_1.jpg\" alt=\"\"\/><\/figure>\n","protected":false},"excerpt":{"rendered":"<p>Por: Jonas Amaral Na manh\u00e3 desta segunda-feira, dia 16, os alunos da Escola Lar Adventista, em Aragua\u00edna, tiveram um momento de aprendizagem diferente e que contou com uma movimentada Roda de Conversa bem divertida e humorada com o escritor, poeta e jornalista Zacarias Martins, que \u00e9 membro fundador da Academia Tocantinense de Letras (ATL) e, &hellip;<\/p>\n","protected":false},"author":5,"featured_media":2645,"comment_status":"open","ping_status":"open","sticky":false,"template":"","format":"standard","meta":{"footnotes":""},"categories":[1],"tags":[],"class_list":["post-2642","post","type-post","status-publish","format-standard","has-post-thumbnail","","category-sem-categoria"],"_links":{"self":[{"href":"https:\/\/focotocantinense.com.br\/index.php?rest_route=\/wp\/v2\/posts\/2642","targetHints":{"allow":["GET"]}}],"collection":[{"href":"https:\/\/focotocantinense.com.br\/index.php?rest_route=\/wp\/v2\/posts"}],"about":[{"href":"https:\/\/focotocantinense.com.br\/index.php?rest_route=\/wp\/v2\/types\/post"}],"author":[{"embeddable":true,"href":"https:\/\/focotocantinense.com.br\/index.php?rest_route=\/wp\/v2\/users\/5"}],"replies":[{"embeddable":true,"href":"https:\/\/focotocantinense.com.br\/index.php?rest_route=%2Fwp%2Fv2%2Fcomments&post=2642"}],"version-history":[{"count":2,"href":"https:\/\/focotocantinense.com.br\/index.php?rest_route=\/wp\/v2\/posts\/2642\/revisions"}],"predecessor-version":[{"id":2644,"href":"https:\/\/focotocantinense.com.br\/index.php?rest_route=\/wp\/v2\/posts\/2642\/revisions\/2644"}],"wp:featuredmedia":[{"embeddable":true,"href":"https:\/\/focotocantinense.com.br\/index.php?rest_route=\/wp\/v2\/media\/2645"}],"wp:attachment":[{"href":"https:\/\/focotocantinense.com.br\/index.php?rest_route=%2Fwp%2Fv2%2Fmedia&parent=2642"}],"wp:term":[{"taxonomy":"category","embeddable":true,"href":"https:\/\/focotocantinense.com.br\/index.php?rest_route=%2Fwp%2Fv2%2Fcategories&post=2642"},{"taxonomy":"post_tag","embeddable":true,"href":"https:\/\/focotocantinense.com.br\/index.php?rest_route=%2Fwp%2Fv2%2Ftags&post=2642"}],"curies":[{"name":"wp","href":"https:\/\/api.w.org\/{rel}","templated":true}]}}