{"id":2638,"date":"2022-05-13T16:16:50","date_gmt":"2022-05-13T19:16:50","guid":{"rendered":"https:\/\/focotocantinense.com.br\/?p=2638"},"modified":"2022-05-13T16:18:25","modified_gmt":"2022-05-13T19:18:25","slug":"visitantes-conhecem-aldeia-xerente-para-discussoes-sobre-o-etnoturismo","status":"publish","type":"post","link":"https:\/\/focotocantinense.com.br\/?p=2638","title":{"rendered":"Visitantes conhecem aldeia Xerente para discuss\u00f5es sobre o etnoturismo"},"content":{"rendered":"\n<p><strong>Por Marco T\u00falio Tavares<\/strong><\/p>\n\n\n\n<p>A Federa\u00e7\u00e3o Brasileira de Jornalistas e Comunicadores de Turismo do Tocantins (Febtur\/TO) realiza, nos dias 15 e 16 de maio, mais uma a\u00e7\u00e3o para a valoriza\u00e7\u00e3o e divulga\u00e7\u00e3o do turismo e da cultura tocantinense. Integrantes dos estados de S\u00e3o Paulo e Par\u00e1, al\u00e9m de novos que se ir\u00e3o se associar \u00e0 entidade, v\u00e3o conhecer um dos povos ancestrais do Tocantins, na Terra Ind\u00edgena Xerente, no munic\u00edpio de Tocant\u00ednia, quando ser\u00e1 apresentado o projeto do Centro de Fortalecimento da Cultura Xerente, que ter\u00e1, em breve, um receptivo para o etnoturismo. A visita acontecer\u00e1 no domingo, 15, com sa\u00edda de Palmas, \u00e0s 9 horas.<\/p>\n\n\n\n<p><br>Durante a estada dos parceiros nacionais, em Palmas, a Febtur Tocantins receber\u00e1 a associa\u00e7\u00e3o de novos comunicadores do Estado que acreditam no potencial tur\u00edstico como atrativo de renda e emancipa\u00e7\u00e3o para as comunidades locais e por isso, voluntariamente, v\u00e3o se envolver nessa nova ideia. A posse ocorrer\u00e1 no Atlas Hotel Premium, durante happy hour \u00e0s 18h30, na segunda, 16, quando, em bate-papo com seus propriet\u00e1rios, parceiros da federa\u00e7\u00e3o, ser\u00e3o apresentados os projetos do novo hotel da Capital e tamb\u00e9m recentes livros de jornalistas tocantinenses.<\/p>\n\n\n\n<p><br>Do Estado do Par\u00e1, far\u00e1 parte da comitiva a jornalista e presidente da Febtur paraense, Christina Hayne e de S\u00e3o Paulo, o jornalista Ivan Leyraud, presidente da federa\u00e7\u00e3o daquele estado.<\/p>\n\n\n\n<p><br>A jornalista Seleucia Fontes, presidente da Febtur Tocantins, justifica a realiza\u00e7\u00e3o destas a\u00e7\u00f5es como uma oportunidade de divulgar o trabalho da entidade e dos projetos tur\u00edsticos e culturais do Estado e do Pa\u00eds. \u201cA Febtur trabalha n\u00e3o apenas para agregar novos associados, mas principalmente na miss\u00e3o de identificar perfis profissionais comprometidos com o desenvolvimento social e econ\u00f4mico por meio do turismo\u201d, afirma.<\/p>\n\n\n\n<p><strong>Novos integrantes<\/strong><br>A Febtur Tocantins receber\u00e1 quatro novos integrantes na segunda, 16. A colunista social Jaciara Barros se junta aos seus quadros por confiar na atual gest\u00e3o e por amar o turismo. \u201cQuando eu penso em turismo no Tocantins me vem o nome da Seleucia Fontes, uma pessoa sempre engajada. Como associada eu s\u00f3 tenho a ganhar, pois colocarei meu portal \u00e0 disposi\u00e7\u00e3o das publica\u00e7\u00f5es referentes ao turismo\u201d, justifica.<\/p>\n\n\n\n<p>Para a professora F\u00e1tima de Albuquerque, p\u00f3s-doutorada em Turismo pela Universidade Federal do Paran\u00e1, participar da Febtur \u00e9 \u201cpoder contribuir para a constru\u00e7\u00e3o de projetos tur\u00edsticos mais arrojados, que pensem o turismo n\u00e3o s\u00f3 como um segmento da economia, mas que tenha implica\u00e7\u00f5es de ordem humana, na valoriza\u00e7\u00e3o das comunidades origin\u00e1rias e seus territ\u00f3rios. Participar de algo que pretenda contribuir para a forma\u00e7\u00e3o de uma economia s\u00f3lida e agregadora.\u201d<br>Zuleide D\u2019\u00c2ngelo, jornalista tocantinense h\u00e1 mais de 30 anos com atua\u00e7\u00e3o em ve\u00edculos e assessorias do Tocantins, v\u00ea a federa\u00e7\u00e3o com uma relevante rede. \u201cA oportunidade de entrar na Febtur significa, portanto, poder compartilhar potenciais e fazeres tur\u00edsticos em rede e nela, comunicadores, empres\u00e1rios e comunidades intercambiam experi\u00eancias em cada etapa dos projetos.\u201d<\/p>\n\n\n\n<p>Apresentadora do programa Mosaicos Tocantins e mestre em cinema, a jornalista Mariah Soares afirma que vai se associar \u00e0 Federa\u00e7\u00e3o por acreditar em sua proposta. \u201cA Febtur pode contribuir com a divulga\u00e7\u00e3o e consolida\u00e7\u00e3o de todo potencial cultural, art\u00edstico e hist\u00f3rico, por meio do turismo\u201d, registra.<\/p>\n\n\n\n<p><strong><em>Visita\u00e7\u00e3o a aldeia<\/em><\/strong><\/p>\n\n\n\n<p>Os visitantes conhecer\u00e3o o Centro de Fortalecimento da Cultura Xerente, que contar\u00e1 com um receptivo para o etnoturismo. Conforme Srewe Xerente, presidente da Uni\u00e3o Ind\u00edgena Xerente (UNIX), o projeto \u00e9 financiado com recursos do Banco Mundial, por meio do Projeto BGM Brasil &#8211; Mecanismo de Doa\u00e7\u00e3o Dedicado a Povos Ind\u00edgenas e Comunidades Tradicionais no \u00e2mbito do Programa de Investimento Florestal. O projeto tamb\u00e9m inclui permacultura e o desenvolvimento de oficinas de saberes tradicionais.<br>Apoiam a visita\u00e7\u00e3o a Prefeitura de Tocant\u00ednia e Secretaria da Cultura e Turismo do Estado (Sectur).<br>O povo que se denomina Akw\u00ea, &#8216;gente importante&#8217;, &#8216;indiv\u00edduo&#8217;, vive na margem direita do rio Tocantins, perto da cidade de Tocant\u00ednia, na Terra Ind\u00edgena Xerente, num total de 183.542 hectares de \u00e1rea demarcada. Os Xerente tamb\u00e9m pertencem ao grupo lingu\u00edstico Macro-J\u00ea e sobrevivem da &#8216;ro\u00e7a de toco&#8217;, onde plantam milho, arroz e mandioca.<br><br><strong>O que \u00e9 etnoturismo<\/strong><\/p>\n\n\n\n<p>O Brasil possui sol e praia, inverno com lareira, trilhas e cachoeiras. Mas sua principal riqueza est\u00e1 no seu povo e na diversidade cultural. Hoje, h\u00e1 um p\u00fablico crescente em interesse e disponibilidade para se aventurar em viagens de imers\u00e3o e retorno \u00e0 ancestralidade.<br><br>Nos \u00faltimos anos, as comunidades tradicionais v\u00eam discutindo a implementa\u00e7\u00e3o de projetos alternativos voltados \u00e0 gera\u00e7\u00e3o de renda e sustentabilidade. Muitas j\u00e1 perceberam a import\u00e2ncia do turismo como vetor de desenvolvimento social, ambiental e econ\u00f4mico.<br>Por\u00e9m, os efeitos do turismo, principalmente sobre as culturas ind\u00edgenas, \u00e9 tema de debate entre os pesquisadores. Isso porque sua ado\u00e7\u00e3o pode gerar efeitos positivos, como crescimento econ\u00f4mico e melhoria na qualidade de vida.<br>\u00c9 fundamental que os projetos de etnoturismo sejam baseados nos princ\u00edpios do desenvolvimento local sustent\u00e1vel, com preserva\u00e7\u00e3o dos aspectos culturais, ambientais e sociais das comunidades.<br><br><strong>O que \u00e9 a Febtur<\/strong><\/p>\n\n\n\n<p>A Federa\u00e7\u00e3o Brasileira de Jornalistas e Comunicadores de Turismo (Febtur) tem o objetivo de atender \u00e0s demandas de um novo modo de fazer turismo. A entidade conta com jornalistas, fot\u00f3grafos, publicit\u00e1rios, designers, social media, empres\u00e1rios da comunica\u00e7\u00e3o de 17 estados comprometidos com a miss\u00e3o de colaborar efetivamente com o crescimento do turismo regional e nacional.<br>Al\u00e9m de trabalhar da divulga\u00e7\u00e3o direta de a\u00e7\u00f5es e empreendimentos tur\u00edsticos, elaboramos projetos envolvendo a circula\u00e7\u00e3o de comunicadores pelo Brasil, com o objetivo de divulgar as belezas naturais, culturais, hist\u00f3ricas do Pa\u00eds, al\u00e9m de atividades voltadas a colaborar com as gest\u00f5es municipais e privadas no que diz respeito ao aprimoramento deste que \u00e9 considerado um segmento econ\u00f4mico com grande potencial de crescimento, e que est\u00e1 alinhado aos anseios sociais contempor\u00e2neos, por gera\u00e7\u00e3o de renda sem impacto ambiental.<\/p>\n\n\n\n<figure class=\"wp-block-image\"><img decoding=\"async\" src=\"https:\/\/www.n1to.com.br\/img\/cache\/800x400\/80\/crop\/Imagem-ee1c2bcd2d16ed4f182b242070187f12.jpg\" alt=\"\"\/><\/figure>\n","protected":false},"excerpt":{"rendered":"<p>Por Marco T\u00falio Tavares A Federa\u00e7\u00e3o Brasileira de Jornalistas e Comunicadores de Turismo do Tocantins (Febtur\/TO) realiza, nos dias 15 e 16 de maio, mais uma a\u00e7\u00e3o para a valoriza\u00e7\u00e3o e divulga\u00e7\u00e3o do turismo e da cultura tocantinense. Integrantes dos estados de S\u00e3o Paulo e Par\u00e1, al\u00e9m de novos que se ir\u00e3o se associar \u00e0 &hellip;<\/p>\n","protected":false},"author":5,"featured_media":2640,"comment_status":"open","ping_status":"open","sticky":false,"template":"","format":"standard","meta":{"footnotes":""},"categories":[1],"tags":[],"class_list":["post-2638","post","type-post","status-publish","format-standard","has-post-thumbnail","","category-sem-categoria"],"_links":{"self":[{"href":"https:\/\/focotocantinense.com.br\/index.php?rest_route=\/wp\/v2\/posts\/2638","targetHints":{"allow":["GET"]}}],"collection":[{"href":"https:\/\/focotocantinense.com.br\/index.php?rest_route=\/wp\/v2\/posts"}],"about":[{"href":"https:\/\/focotocantinense.com.br\/index.php?rest_route=\/wp\/v2\/types\/post"}],"author":[{"embeddable":true,"href":"https:\/\/focotocantinense.com.br\/index.php?rest_route=\/wp\/v2\/users\/5"}],"replies":[{"embeddable":true,"href":"https:\/\/focotocantinense.com.br\/index.php?rest_route=%2Fwp%2Fv2%2Fcomments&post=2638"}],"version-history":[{"count":1,"href":"https:\/\/focotocantinense.com.br\/index.php?rest_route=\/wp\/v2\/posts\/2638\/revisions"}],"predecessor-version":[{"id":2639,"href":"https:\/\/focotocantinense.com.br\/index.php?rest_route=\/wp\/v2\/posts\/2638\/revisions\/2639"}],"wp:featuredmedia":[{"embeddable":true,"href":"https:\/\/focotocantinense.com.br\/index.php?rest_route=\/wp\/v2\/media\/2640"}],"wp:attachment":[{"href":"https:\/\/focotocantinense.com.br\/index.php?rest_route=%2Fwp%2Fv2%2Fmedia&parent=2638"}],"wp:term":[{"taxonomy":"category","embeddable":true,"href":"https:\/\/focotocantinense.com.br\/index.php?rest_route=%2Fwp%2Fv2%2Fcategories&post=2638"},{"taxonomy":"post_tag","embeddable":true,"href":"https:\/\/focotocantinense.com.br\/index.php?rest_route=%2Fwp%2Fv2%2Ftags&post=2638"}],"curies":[{"name":"wp","href":"https:\/\/api.w.org\/{rel}","templated":true}]}}