{"id":2633,"date":"2022-05-12T23:16:24","date_gmt":"2022-05-13T02:16:24","guid":{"rendered":"https:\/\/focotocantinense.com.br\/?p=2633"},"modified":"2022-05-12T23:24:27","modified_gmt":"2022-05-13T02:24:27","slug":"idosos-de-gurupi-ganham-dia-de-beleza","status":"publish","type":"post","link":"https:\/\/focotocantinense.com.br\/?p=2633","title":{"rendered":"Idosos de Gurupi ganham dia de beleza"},"content":{"rendered":"\n<p><br>Cerca de 30 idosos atendidos pela Prefeitura de Gurupi, por meio da Secretaria Municipal do Idoso e da Secretaria Municipal do Trabalho, Assist\u00eancia Social e Prote\u00e7\u00e3o \u00e0 Mulher, tiveram um dia bem especial.<\/p>\n\n\n\n<p>Nesta quinta-feira, 12, eles tiveram um momento de beleza e receberam muito carinho das equipes do Centro de Integra\u00e7\u00e3o e Promo\u00e7\u00e3o Humana Teresinha Ribeiro de Lima, com atendimentos de design de sobrancelhas e manicure.<\/p>\n\n\n\n<p>A Maria Ferreira Nolasco, mais conhecida como Dona Santana, conta que ficou muito feliz e se sentiu muito acolhida por toda equipe e ressaltou orgulhosa que ficou ainda mais bonita depois desse tapa no visual.<\/p>\n\n\n\n<p>\u201cEssa atividade faz parte do cronograma do Plano de A\u00e7\u00e3o da Secretaria Municipal do Idoso que visa o bem estar autoestima dos idosos da nossa cidade. Toda semana vamos levar um grupo de idosos para ter este dia de beleza\u201d, afirmou o Diretor Municipal do Idoso, Vin\u00edcius Martins.<\/p>\n\n\n\n<p>O Secret\u00e1rio das pastas, Valdeci J\u00fanior, refor\u00e7a que o compromisso da gest\u00e3o da Prefeita Josi Nunes e do Vice Gleydson Nato \u00e9 trabalhar visando proporcionar mecanismos de inclus\u00e3o \u00e0 popula\u00e7\u00e3o idosa nos programas ofertados pela Prefeitura e que esta parceria com o Centro de Integra\u00e7\u00e3o e Promo\u00e7\u00e3o Humana Teresinha Ribeiro de Lima \u00e9 de suma import\u00e2ncia, pois ajuda a elevar a autoestima e o bem-estar dos idosos.<\/p>\n\n\n\n<p><\/p>\n\n\n\n<p><\/p>\n\n\n\n<p><\/p>\n\n\n\n<p><\/p>\n\n\n\n<figure class=\"wp-block-image\"><img decoding=\"async\" src=\"https:\/\/www.n1to.com.br\/img\/cache\/800x400\/80\/crop\/Imagem-0abca0c7537b336eefd0ed464fbe37c8.jpg\" alt=\"\"\/><\/figure>\n\n\n\n<figure class=\"wp-block-image\"><img decoding=\"async\" src=\"https:\/\/i0.wp.com\/tocantinsalerta.com.br\/wp-content\/uploads\/2022\/05\/Idosos-de-Gurupi-ganham-dia-de-beleza-4-e1652395517821.jpeg?resize=696%2C521&amp;ssl=1\" alt=\"\"\/><\/figure>\n\n\n\n<figure class=\"wp-block-image\"><img decoding=\"async\" src=\"http:\/\/n1to.com.br\/img\/uploads\/TIO_BARNABEE_OK_100.jpg\" alt=\"\"\/><\/figure>\n\n\n\n<figure class=\"wp-block-image is-resized\"><img loading=\"lazy\" decoding=\"async\" src=\"https:\/\/i0.wp.com\/tocantinsalerta.com.br\/wp-content\/uploads\/2022\/05\/Idosos-de-Gurupi-ganham-dia-de-beleza-3.jpeg?w=692&amp;h=925&amp;ssl=1\" alt=\"\" width=\"692\" height=\"925\"\/><\/figure>\n","protected":false},"excerpt":{"rendered":"<p>Cerca de 30 idosos atendidos pela Prefeitura de Gurupi, por meio da Secretaria Municipal do Idoso e da Secretaria Municipal do Trabalho, Assist\u00eancia Social e Prote\u00e7\u00e3o \u00e0 Mulher, tiveram um dia bem especial. Nesta quinta-feira, 12, eles tiveram um momento de beleza e receberam muito carinho das equipes do Centro de Integra\u00e7\u00e3o e Promo\u00e7\u00e3o Humana &hellip;<\/p>\n","protected":false},"author":5,"featured_media":2634,"comment_status":"open","ping_status":"open","sticky":false,"template":"","format":"standard","meta":{"footnotes":""},"categories":[1],"tags":[],"class_list":["post-2633","post","type-post","status-publish","format-standard","has-post-thumbnail","","category-sem-categoria"],"_links":{"self":[{"href":"https:\/\/focotocantinense.com.br\/index.php?rest_route=\/wp\/v2\/posts\/2633","targetHints":{"allow":["GET"]}}],"collection":[{"href":"https:\/\/focotocantinense.com.br\/index.php?rest_route=\/wp\/v2\/posts"}],"about":[{"href":"https:\/\/focotocantinense.com.br\/index.php?rest_route=\/wp\/v2\/types\/post"}],"author":[{"embeddable":true,"href":"https:\/\/focotocantinense.com.br\/index.php?rest_route=\/wp\/v2\/users\/5"}],"replies":[{"embeddable":true,"href":"https:\/\/focotocantinense.com.br\/index.php?rest_route=%2Fwp%2Fv2%2Fcomments&post=2633"}],"version-history":[{"count":3,"href":"https:\/\/focotocantinense.com.br\/index.php?rest_route=\/wp\/v2\/posts\/2633\/revisions"}],"predecessor-version":[{"id":2637,"href":"https:\/\/focotocantinense.com.br\/index.php?rest_route=\/wp\/v2\/posts\/2633\/revisions\/2637"}],"wp:featuredmedia":[{"embeddable":true,"href":"https:\/\/focotocantinense.com.br\/index.php?rest_route=\/wp\/v2\/media\/2634"}],"wp:attachment":[{"href":"https:\/\/focotocantinense.com.br\/index.php?rest_route=%2Fwp%2Fv2%2Fmedia&parent=2633"}],"wp:term":[{"taxonomy":"category","embeddable":true,"href":"https:\/\/focotocantinense.com.br\/index.php?rest_route=%2Fwp%2Fv2%2Fcategories&post=2633"},{"taxonomy":"post_tag","embeddable":true,"href":"https:\/\/focotocantinense.com.br\/index.php?rest_route=%2Fwp%2Fv2%2Ftags&post=2633"}],"curies":[{"name":"wp","href":"https:\/\/api.w.org\/{rel}","templated":true}]}}