{"id":2628,"date":"2022-05-12T22:59:35","date_gmt":"2022-05-13T01:59:35","guid":{"rendered":"https:\/\/focotocantinense.com.br\/?p=2628"},"modified":"2022-05-12T23:02:34","modified_gmt":"2022-05-13T02:02:34","slug":"lancamento-das-obras-de-pavimentacao-asfaltica-do-bairro-vale-do-sol-sera-realizado-nesta-sexta-feira-13-em-gurupi","status":"publish","type":"post","link":"https:\/\/focotocantinense.com.br\/?p=2628","title":{"rendered":"Lan\u00e7amento das obras de pavimenta\u00e7\u00e3o asf\u00e1ltica do bairro Vale do Sol ser\u00e1 realizado nesta sexta-feira, 13, em Gurupi"},"content":{"rendered":"\n<figure class=\"wp-block-image size-full is-resized\"><img loading=\"lazy\" decoding=\"async\" src=\"https:\/\/focotocantinense.com.br\/wp-content\/uploads\/2022\/05\/xxxxx.jpg\" alt=\"\" class=\"wp-image-2629\" width=\"354\" height=\"175\" srcset=\"https:\/\/focotocantinense.com.br\/wp-content\/uploads\/2022\/05\/xxxxx.jpg 867w, https:\/\/focotocantinense.com.br\/wp-content\/uploads\/2022\/05\/xxxxx-300x149.jpg 300w, https:\/\/focotocantinense.com.br\/wp-content\/uploads\/2022\/05\/xxxxx-768x382.jpg 768w\" sizes=\"auto, (max-width: 354px) 100vw, 354px\" \/><figcaption>Nesta sexta-feira, 13, a Prefeita de Gurupi, Josi Nunes, ir\u00e1 realizar o lan\u00e7amento das obras de pavimenta\u00e7\u00e3o asf\u00e1ltica e drenagem profunda no bairro Vale do Sol, na regi\u00e3o Norte da cidade, dando pontap\u00e9 inicial a uma s\u00e9rie de obras de pavimenta\u00e7\u00e3o e recapeamento asf\u00e1ltico que ser\u00e3o realizadas na Capital da Amizade em 2022. A solenidade ser\u00e1 realizada na Rua VS-12, \u00e0s 16h.<br><br>No Vale do Sol, segundo a Secretaria Municipal de Infraestrutura, ser\u00e3o asfaltadas e implantada drenagem profunda em quatro vias: Rua VS-12, Rua VS-10, Rua C-20 e VP-01, totalizando 1.061,77 metros de comprimento. Para isso, ser\u00e1 investido o valor de R$ 942.222,41, recurso este que \u00e9 fruto de emenda parlamentar do deputado federal Eli Borges.<br><br>Segundo a prefeita Josi Nunes, em 2022 ser\u00e3o realizadas v\u00e1rias obras de pavimenta\u00e7\u00e3o asf\u00e1ltica e recapeamento, fruto de recursos que captou durante visitas a Bras\u00edlia no ano passado. \u201cEstamos come\u00e7ando uma s\u00e9rie de obras que ser\u00e3o realizadas em nossa cidade, e o setor Vale do Sol, \u00e9 o primeiro bairro onde os servi\u00e7os ser\u00e3o iniciados. Estamos muito felizes e convidamos a comunidade para prestigiar esse momento\u201d, convidou.<br><img loading=\"lazy\" decoding=\"async\" width=\"800\" height=\"281\" src=\"http:\/\/n1to.com.br\/img\/uploads\/TIO_BARNABEE_OK_100.jpg\"><\/figcaption><\/figure>\n","protected":false},"excerpt":{"rendered":"<p>Nesta sexta-feira, 13, a Prefeita de Gurupi, Josi Nunes, ir\u00e1 realizar o lan\u00e7amento das obras de pavimenta\u00e7\u00e3o asf\u00e1ltica e drenagem profunda no bairro Vale do Sol, na regi\u00e3o Norte da cidade, dando pontap\u00e9 inicial a uma s\u00e9rie de obras de pavimenta\u00e7\u00e3o e recapeamento asf\u00e1ltico que ser\u00e3o realizadas na Capital da Amizade em 2022. A solenidade &hellip;<\/p>\n","protected":false},"author":5,"featured_media":2629,"comment_status":"open","ping_status":"open","sticky":false,"template":"","format":"standard","meta":{"footnotes":""},"categories":[1],"tags":[],"class_list":["post-2628","post","type-post","status-publish","format-standard","has-post-thumbnail","","category-sem-categoria"],"_links":{"self":[{"href":"https:\/\/focotocantinense.com.br\/index.php?rest_route=\/wp\/v2\/posts\/2628","targetHints":{"allow":["GET"]}}],"collection":[{"href":"https:\/\/focotocantinense.com.br\/index.php?rest_route=\/wp\/v2\/posts"}],"about":[{"href":"https:\/\/focotocantinense.com.br\/index.php?rest_route=\/wp\/v2\/types\/post"}],"author":[{"embeddable":true,"href":"https:\/\/focotocantinense.com.br\/index.php?rest_route=\/wp\/v2\/users\/5"}],"replies":[{"embeddable":true,"href":"https:\/\/focotocantinense.com.br\/index.php?rest_route=%2Fwp%2Fv2%2Fcomments&post=2628"}],"version-history":[{"count":3,"href":"https:\/\/focotocantinense.com.br\/index.php?rest_route=\/wp\/v2\/posts\/2628\/revisions"}],"predecessor-version":[{"id":2632,"href":"https:\/\/focotocantinense.com.br\/index.php?rest_route=\/wp\/v2\/posts\/2628\/revisions\/2632"}],"wp:featuredmedia":[{"embeddable":true,"href":"https:\/\/focotocantinense.com.br\/index.php?rest_route=\/wp\/v2\/media\/2629"}],"wp:attachment":[{"href":"https:\/\/focotocantinense.com.br\/index.php?rest_route=%2Fwp%2Fv2%2Fmedia&parent=2628"}],"wp:term":[{"taxonomy":"category","embeddable":true,"href":"https:\/\/focotocantinense.com.br\/index.php?rest_route=%2Fwp%2Fv2%2Fcategories&post=2628"},{"taxonomy":"post_tag","embeddable":true,"href":"https:\/\/focotocantinense.com.br\/index.php?rest_route=%2Fwp%2Fv2%2Ftags&post=2628"}],"curies":[{"name":"wp","href":"https:\/\/api.w.org\/{rel}","templated":true}]}}