{"id":2622,"date":"2022-05-11T15:57:06","date_gmt":"2022-05-11T18:57:06","guid":{"rendered":"https:\/\/focotocantinense.com.br\/?p=2622"},"modified":"2022-05-11T15:58:20","modified_gmt":"2022-05-11T18:58:20","slug":"estudantes-do-colegio-estadual-lagoa-da-confusao-participaram-de-roda-de-conversa-com-o-escritor-zacarias-martins","status":"publish","type":"post","link":"https:\/\/focotocantinense.com.br\/?p=2622","title":{"rendered":"Estudantes do Col\u00e9gio Estadual Lagoa da Confus\u00e3o participaram de roda de conversa com o escritor Zacarias Martins"},"content":{"rendered":"\n<p>Os estudantes do Col\u00e9gio Estadual Lagoa da Confus\u00e3o tiveram um bate-papo com o escritor e jornalista Zacarias Martins na noite desta ter\u00e7a-feira, 10. Aos alunos, Zacarias Martins falou de forma bem-humorada, sobre o seu encontro com o universo das letras e a sua trajet\u00f3ria de dedica\u00e7\u00e3o que o brindou com in\u00fameras premia\u00e7\u00f5es, t\u00edtulos e homenagens.<\/p>\n\n\n\n<p>Durante essa roda de conversa, o escritor aproveitou para divulgar a quarta edi\u00e7\u00e3o de seu livro de cr\u00f4nicas \u201c<strong><em>Hist\u00f3rias da Hist\u00f3ria de Gurupi<\/em><\/strong>\u201d, publicado pela editora Veloso e que j\u00e1 foi indicado por duas vezes para o exame do vestibular da Universidade de Gurupi \u2013 UnirG.<\/p>\n\n\n\n<p>Para a coordenadora pedag\u00f3gica da unidade escolar, Ester Braga, a realiza\u00e7\u00e3o dessa roda de conversa foi importante para o aprendizado dos alunos, porque a escola busca maneiras diversificadas para despertar o interesse pela leitura.<\/p>\n\n\n\n<p>\u201cFicamos gratificados com a presen\u00e7a do ilustre escritor Zacarias Martins em nossa escola. Ele tem uma forma muito peculiar de transmitir sua mensagem, fala a linguagem dos alunos e, dessa forma, chama a aten\u00e7\u00e3o\u201d, afirmou a coordenadora pedag\u00f3gica.&nbsp;Ao final do encontro, Zacarias Martins promoveu o sorteio de suas obras liter\u00e1rias entre os estudantes.&nbsp;<\/p>\n\n\n\n<p><strong>Sobre o escritor<\/strong><\/p>\n\n\n\n<p>Paraense de Bel\u00e9m, mas residindo em Gurupi desde 1983, Zacarias Martins \u00e9 um escritor premiado e j\u00e1 recebeu v\u00e1rias condecora\u00e7\u00f5es e honrarias em reconhecimento ao seu trabalho liter\u00e1rio, dentre as quais, a Medalha da Ordem do M\u00e9rito da Cultura e Cavaleiresca de Santo Amaro, no Grau de Comendador; Medalha de M\u00e9rito Cultural D. Pedro II; T\u00edtulo de Cidad\u00e3o Tocantinense, concedido pela Assembleia Legislativa do Tocantins; al\u00e9m da medalha do M\u00e9rito Acad\u00eamico, outorgada pela Academia Brasileira de Estudos e Pesquisas Liter\u00e1rias.&nbsp;<\/p>\n\n\n\n<p>O autor j\u00e1 publicou seis livros de poesias e um de cr\u00f4nicas, tendo a participa\u00e7\u00e3o em mais de 50 antologias liter\u00e1rias pelo pa\u00eds afora.<\/p>\n\n\n\n<p>Atualmente, Zacarias Martins visita escolas tocantinenses para promover a leitura, divulgar os seus livros e manter uma intera\u00e7\u00e3o com os alunos.<\/p>\n\n\n\n<figure class=\"wp-block-image\"><img decoding=\"async\" src=\"https:\/\/blogger.googleusercontent.com\/img\/b\/R29vZ2xl\/AVvXsEjGQ7gcR6mwLh4q-hKiDt2dVXE5Zk8DC6kdHG6jcFJ-j970ky1osJOxrnmpb0gwaOAl9LfmmxpBHmoWMWamJgyRlmwAmtmrAUnnjzC1K0GjB8fcxB_bwgY1ZhMxlw1_Jb2YmNuvtBahuBdbMesqD-1V4Q-PnIQpsX67rdNl7hPYAnK3RGvsJF1xyJorcA\/s976\/2%20%20Roda%20de%20Conversa%20com%20Zacarias%20Martins%20em%20Lagoa%20da%20Confus%C3%A3o%20-%20Foto%20Maita%20Coelho.jpg\" alt=\"\"\/><\/figure>\n\n\n\n<figure class=\"wp-block-image size-full\"><img loading=\"lazy\" decoding=\"async\" width=\"977\" height=\"421\" src=\"http:\/\/focotocantinense.com.br\/wp-content\/uploads\/2022\/05\/1-Roda-de-Conversa-com-Zacarias-Martins-em-Lagoa-da-Confusao-Foto-Maita-Coelho.jpg\" alt=\"\" class=\"wp-image-2623\" srcset=\"https:\/\/focotocantinense.com.br\/wp-content\/uploads\/2022\/05\/1-Roda-de-Conversa-com-Zacarias-Martins-em-Lagoa-da-Confusao-Foto-Maita-Coelho.jpg 977w, https:\/\/focotocantinense.com.br\/wp-content\/uploads\/2022\/05\/1-Roda-de-Conversa-com-Zacarias-Martins-em-Lagoa-da-Confusao-Foto-Maita-Coelho-300x129.jpg 300w, https:\/\/focotocantinense.com.br\/wp-content\/uploads\/2022\/05\/1-Roda-de-Conversa-com-Zacarias-Martins-em-Lagoa-da-Confusao-Foto-Maita-Coelho-768x331.jpg 768w\" sizes=\"auto, (max-width: 977px) 100vw, 977px\" \/><\/figure>\n","protected":false},"excerpt":{"rendered":"<p>Os estudantes do Col\u00e9gio Estadual Lagoa da Confus\u00e3o tiveram um bate-papo com o escritor e jornalista Zacarias Martins na noite desta ter\u00e7a-feira, 10. Aos alunos, Zacarias Martins falou de forma bem-humorada, sobre o seu encontro com o universo das letras e a sua trajet\u00f3ria de dedica\u00e7\u00e3o que o brindou com in\u00fameras premia\u00e7\u00f5es, t\u00edtulos e homenagens. &hellip;<\/p>\n","protected":false},"author":5,"featured_media":2623,"comment_status":"open","ping_status":"open","sticky":false,"template":"","format":"standard","meta":{"footnotes":""},"categories":[71],"tags":[],"class_list":["post-2622","post","type-post","status-publish","format-standard","has-post-thumbnail","","category-lagoa-da-confusao"],"_links":{"self":[{"href":"https:\/\/focotocantinense.com.br\/index.php?rest_route=\/wp\/v2\/posts\/2622","targetHints":{"allow":["GET"]}}],"collection":[{"href":"https:\/\/focotocantinense.com.br\/index.php?rest_route=\/wp\/v2\/posts"}],"about":[{"href":"https:\/\/focotocantinense.com.br\/index.php?rest_route=\/wp\/v2\/types\/post"}],"author":[{"embeddable":true,"href":"https:\/\/focotocantinense.com.br\/index.php?rest_route=\/wp\/v2\/users\/5"}],"replies":[{"embeddable":true,"href":"https:\/\/focotocantinense.com.br\/index.php?rest_route=%2Fwp%2Fv2%2Fcomments&post=2622"}],"version-history":[{"count":2,"href":"https:\/\/focotocantinense.com.br\/index.php?rest_route=\/wp\/v2\/posts\/2622\/revisions"}],"predecessor-version":[{"id":2626,"href":"https:\/\/focotocantinense.com.br\/index.php?rest_route=\/wp\/v2\/posts\/2622\/revisions\/2626"}],"wp:featuredmedia":[{"embeddable":true,"href":"https:\/\/focotocantinense.com.br\/index.php?rest_route=\/wp\/v2\/media\/2623"}],"wp:attachment":[{"href":"https:\/\/focotocantinense.com.br\/index.php?rest_route=%2Fwp%2Fv2%2Fmedia&parent=2622"}],"wp:term":[{"taxonomy":"category","embeddable":true,"href":"https:\/\/focotocantinense.com.br\/index.php?rest_route=%2Fwp%2Fv2%2Fcategories&post=2622"},{"taxonomy":"post_tag","embeddable":true,"href":"https:\/\/focotocantinense.com.br\/index.php?rest_route=%2Fwp%2Fv2%2Ftags&post=2622"}],"curies":[{"name":"wp","href":"https:\/\/api.w.org\/{rel}","templated":true}]}}