{"id":2618,"date":"2022-05-09T22:10:22","date_gmt":"2022-05-10T01:10:22","guid":{"rendered":"https:\/\/focotocantinense.com.br\/?p=2618"},"modified":"2022-05-09T22:10:23","modified_gmt":"2022-05-10T01:10:23","slug":"gurupienses-se-encantam-com-musicas-regionais-interpretadas-pela-orquestra-viva-musica","status":"publish","type":"post","link":"https:\/\/focotocantinense.com.br\/?p=2618","title":{"rendered":"Gurupienses se encantam com m\u00fasicas regionais interpretadas pela Orquestra Viva M\u00fasica"},"content":{"rendered":"\n<p>Can\u00e7\u00f5es tocantinenses receberam o toque especial da m\u00fasica cl\u00e1ssica, ao serem interpretadas pela Orquestra Viva M\u00fasica, que se apresentou no \u00faltimo s\u00e1bado, 07, em Gurupi<\/p>\n\n\n\n<p>O show, que faz parte do projeto \u201cTocantins em Concerto\u201d, atraiu muitas pessoas \u00e0 Pra\u00e7a do Centro de Conven\u00e7\u00f5es Mauro Cunha. Rodrigo de Castro Tavares, diretor do Campus da UFT de Gurupi, disse que achou a apresenta\u00e7\u00e3o muito linda. \u201cO munic\u00edpio est\u00e1 de parab\u00e9ns. A Secretaria de Cultura est\u00e1 de parab\u00e9ns por esta iniciativa. Eu acho que a popula\u00e7\u00e3o tem que consumir este tipo de produto, que traz um bem estar para alma, para as pessoas e eu estou muito feliz em ter participado deste evento\u201d.<\/p>\n\n\n\n<p>O projeto \u201cTocantins em Concerto\u201d \u00e9 realizado pela Associa\u00e7\u00e3o Viva M\u00fasica e do Minist\u00e9rio do Turismo, com patroc\u00ednio da Energisa, atrav\u00e9s da Lei Federal de Incentivo \u00e0 Cultura, e apoio da Funda\u00e7\u00e3o Ormeo Junqueira Botelho e da Prefeitura de Gurupi, por meio da Secretaria Municipal de Cultura e Turismo.<\/p>\n\n\n\n<p>\u201cO munic\u00edpio ficou muito feliz. Todas as pessoas que puderam estar conosco ficaram extremamente felizes com o n\u00edvel e a qualidade do que foi apresentado. E escolhemos um local para que mais pessoas pudessem ter acesso \u00e0 m\u00fasica, mesmo aquelas que vieram comer um espetinho, ter um momento em fam\u00edlia, puderam compartilhar deste momento conosco\u201d, destacou a secret\u00e1ria de Cultura e Turismo de Gurupi, Amanda Costa<\/p>\n\n\n\n<p>A iniciativa visa a expans\u00e3o e populariza\u00e7\u00e3o da m\u00fasica do cancioneiro regional tocantinense, atrav\u00e9s da realiza\u00e7\u00e3o de apresenta\u00e7\u00f5es nas cidades de Aragua\u00edna, Gurupi, Palmas e Para\u00edso do Tocantins, realizadas pelos artistas Braguinha Barroso, Doriv\u00e3 Borges, Gen\u00e9sio Tocantins e Lucimar, acompanhados da Orquestra Viva M\u00fasica.<\/p>\n\n\n\n<p>\u201cSignifica um momento novo. \u00c9 um trabalho com a orquestra, que valoriza demais o trabalho da gente, eleva o patamar, d\u00e1 glamour. \u00c9 de muita import\u00e2ncia para gente estar aqui em Gurupi\u201d, disse o m\u00fasico Doriv\u00e3 Borges.<\/p>\n\n\n\n<p>O analista de efici\u00eancia energ\u00e9tica da Energisa, Domingos J\u00fanior, esteve presente na apresenta\u00e7\u00e3o em Gurupi e ressaltou a import\u00e2ncia de apoiar projetos como este.&nbsp; \u201cPara gente \u00e9 uma grande honra poder participar deste projeto e poder trazer para Gurupi, em pra\u00e7a p\u00fablica, junto com a Feira de Artesanato. Agradecemos o apoio da Prefeitura local, porque sem este apoio a gente n\u00e3o conseguiria este espa\u00e7o bem legal para fazer o projeto\u201d, frisou.<\/p>\n\n\n\n<figure class=\"wp-block-image is-resized\"><img loading=\"lazy\" decoding=\"async\" src=\"http:\/\/n1to.com.br\/img\/uploads\/bbb_15.jpg\" alt=\"\" width=\"834\" height=\"628\"\/><\/figure>\n\n\n\n<figure class=\"wp-block-image is-resized\"><img loading=\"lazy\" decoding=\"async\" src=\"http:\/\/n1to.com.br\/img\/uploads\/ccc_8.jpg\" alt=\"\" width=\"836\" height=\"587\"\/><\/figure>\n\n\n\n<figure class=\"wp-block-image\"><img decoding=\"async\" src=\"http:\/\/n1to.com.br\/img\/uploads\/TIO_BARNABEE_OK_99.jpg\" alt=\"\"\/><\/figure>\n","protected":false},"excerpt":{"rendered":"<p>Can\u00e7\u00f5es tocantinenses receberam o toque especial da m\u00fasica cl\u00e1ssica, ao serem interpretadas pela Orquestra Viva M\u00fasica, que se apresentou no \u00faltimo s\u00e1bado, 07, em Gurupi O show, que faz parte do projeto \u201cTocantins em Concerto\u201d, atraiu muitas pessoas \u00e0 Pra\u00e7a do Centro de Conven\u00e7\u00f5es Mauro Cunha. Rodrigo de Castro Tavares, diretor do Campus da UFT &hellip;<\/p>\n","protected":false},"author":5,"featured_media":2620,"comment_status":"open","ping_status":"open","sticky":false,"template":"","format":"standard","meta":{"footnotes":""},"categories":[38],"tags":[],"class_list":["post-2618","post","type-post","status-publish","format-standard","has-post-thumbnail","","category-gurupi"],"_links":{"self":[{"href":"https:\/\/focotocantinense.com.br\/index.php?rest_route=\/wp\/v2\/posts\/2618","targetHints":{"allow":["GET"]}}],"collection":[{"href":"https:\/\/focotocantinense.com.br\/index.php?rest_route=\/wp\/v2\/posts"}],"about":[{"href":"https:\/\/focotocantinense.com.br\/index.php?rest_route=\/wp\/v2\/types\/post"}],"author":[{"embeddable":true,"href":"https:\/\/focotocantinense.com.br\/index.php?rest_route=\/wp\/v2\/users\/5"}],"replies":[{"embeddable":true,"href":"https:\/\/focotocantinense.com.br\/index.php?rest_route=%2Fwp%2Fv2%2Fcomments&post=2618"}],"version-history":[{"count":1,"href":"https:\/\/focotocantinense.com.br\/index.php?rest_route=\/wp\/v2\/posts\/2618\/revisions"}],"predecessor-version":[{"id":2621,"href":"https:\/\/focotocantinense.com.br\/index.php?rest_route=\/wp\/v2\/posts\/2618\/revisions\/2621"}],"wp:featuredmedia":[{"embeddable":true,"href":"https:\/\/focotocantinense.com.br\/index.php?rest_route=\/wp\/v2\/media\/2620"}],"wp:attachment":[{"href":"https:\/\/focotocantinense.com.br\/index.php?rest_route=%2Fwp%2Fv2%2Fmedia&parent=2618"}],"wp:term":[{"taxonomy":"category","embeddable":true,"href":"https:\/\/focotocantinense.com.br\/index.php?rest_route=%2Fwp%2Fv2%2Fcategories&post=2618"},{"taxonomy":"post_tag","embeddable":true,"href":"https:\/\/focotocantinense.com.br\/index.php?rest_route=%2Fwp%2Fv2%2Ftags&post=2618"}],"curies":[{"name":"wp","href":"https:\/\/api.w.org\/{rel}","templated":true}]}}