{"id":2614,"date":"2022-05-09T21:53:18","date_gmt":"2022-05-10T00:53:18","guid":{"rendered":"https:\/\/focotocantinense.com.br\/?p=2614"},"modified":"2022-05-09T21:53:20","modified_gmt":"2022-05-10T00:53:20","slug":"secretaria-do-idoso-de-gurupi-passa-atender-em-novo-endereco","status":"publish","type":"post","link":"https:\/\/focotocantinense.com.br\/?p=2614","title":{"rendered":"Secretaria do Idoso de Gurupi passa atender em novo endere\u00e7o"},"content":{"rendered":"\n<p>Visando proporcionar mais qualidade no atendimento \u00e0s pessoas com 60 anos ou mais, a partir desta ter\u00e7a-feira, 10, a Secretaria Municipal do Idoso de Gurupi passa a atender no Centro de Integra\u00e7\u00e3o e Promo\u00e7\u00e3o Humana Teresinha Ribeiro de Lima, que fica na Rua 20, entre as Avenidas S\u00e3o Paulo e Amazonas, no&nbsp;Centro da cidade.<\/p>\n\n\n\n<p>Segundo o secret\u00e1rio da pasta, Valdeci J\u00fanior, a mudan\u00e7a visa integrar ainda mais as a\u00e7\u00f5es entre a Secretaria do Idoso e a Secretaria do Trabalho, Assist\u00eancia Social e Prote\u00e7\u00e3o \u00e0 Mulher; buscando proporcionar aos idosos assistidos pelo munic\u00edpio um local com uma estrutura maior, onde diversas a\u00e7\u00f5es possam ser desenvolvidas integrando a comunidade e o idoso<\/p>\n\n\n\n<p>Vinicius Martins, diretor Municipal do Idoso, destaca ainda que as a\u00e7\u00f5es na gest\u00e3o da Prefeita Josi Nunes e do vice-prefeito Gleydson Nato, priorizam a popula\u00e7\u00e3o idosa da cidade e que com a mudan\u00e7a de local ser\u00e1 poss\u00edvel realizar encontros, cursos e oficinas espec\u00edficas que v\u00e3o ao encontro das necessidades dos idosos gurupienses.<\/p>\n\n\n\n<p>A Secretaria Municipal do Idoso de Gurupi atende de segunda a sexta-feira,\u00a0das 8h \u00e0s 12h e das 14h \u00e0s 18h; e o telefone \u00e9 o (63) 3315-0011.\u00a0<\/p>\n\n\n\n<figure class=\"wp-block-image is-resized\"><img loading=\"lazy\" decoding=\"async\" src=\"https:\/\/www.n1to.com.br\/img\/cache\/800x400\/80\/crop\/Imagem-8efda233745dec6c0f4b2c9e3cc49358.jpg\" alt=\"\" width=\"845\" height=\"423\"\/><\/figure>\n\n\n\n<figure class=\"wp-block-image\"><img decoding=\"async\" src=\"http:\/\/n1to.com.br\/img\/uploads\/TIO_BARNABEE_OK_99.jpg\" alt=\"\"\/><\/figure>\n","protected":false},"excerpt":{"rendered":"<p>Visando proporcionar mais qualidade no atendimento \u00e0s pessoas com 60 anos ou mais, a partir desta ter\u00e7a-feira, 10, a Secretaria Municipal do Idoso de Gurupi passa a atender no Centro de Integra\u00e7\u00e3o e Promo\u00e7\u00e3o Humana Teresinha Ribeiro de Lima, que fica na Rua 20, entre as Avenidas S\u00e3o Paulo e Amazonas, no&nbsp;Centro da cidade. Segundo &hellip;<\/p>\n","protected":false},"author":5,"featured_media":2615,"comment_status":"open","ping_status":"open","sticky":false,"template":"","format":"standard","meta":{"footnotes":""},"categories":[38],"tags":[],"class_list":["post-2614","post","type-post","status-publish","format-standard","has-post-thumbnail","","category-gurupi"],"_links":{"self":[{"href":"https:\/\/focotocantinense.com.br\/index.php?rest_route=\/wp\/v2\/posts\/2614","targetHints":{"allow":["GET"]}}],"collection":[{"href":"https:\/\/focotocantinense.com.br\/index.php?rest_route=\/wp\/v2\/posts"}],"about":[{"href":"https:\/\/focotocantinense.com.br\/index.php?rest_route=\/wp\/v2\/types\/post"}],"author":[{"embeddable":true,"href":"https:\/\/focotocantinense.com.br\/index.php?rest_route=\/wp\/v2\/users\/5"}],"replies":[{"embeddable":true,"href":"https:\/\/focotocantinense.com.br\/index.php?rest_route=%2Fwp%2Fv2%2Fcomments&post=2614"}],"version-history":[{"count":1,"href":"https:\/\/focotocantinense.com.br\/index.php?rest_route=\/wp\/v2\/posts\/2614\/revisions"}],"predecessor-version":[{"id":2616,"href":"https:\/\/focotocantinense.com.br\/index.php?rest_route=\/wp\/v2\/posts\/2614\/revisions\/2616"}],"wp:featuredmedia":[{"embeddable":true,"href":"https:\/\/focotocantinense.com.br\/index.php?rest_route=\/wp\/v2\/media\/2615"}],"wp:attachment":[{"href":"https:\/\/focotocantinense.com.br\/index.php?rest_route=%2Fwp%2Fv2%2Fmedia&parent=2614"}],"wp:term":[{"taxonomy":"category","embeddable":true,"href":"https:\/\/focotocantinense.com.br\/index.php?rest_route=%2Fwp%2Fv2%2Fcategories&post=2614"},{"taxonomy":"post_tag","embeddable":true,"href":"https:\/\/focotocantinense.com.br\/index.php?rest_route=%2Fwp%2Fv2%2Ftags&post=2614"}],"curies":[{"name":"wp","href":"https:\/\/api.w.org\/{rel}","templated":true}]}}