{"id":2611,"date":"2022-05-09T11:48:46","date_gmt":"2022-05-09T14:48:46","guid":{"rendered":"https:\/\/focotocantinense.com.br\/?p=2611"},"modified":"2022-05-09T11:48:47","modified_gmt":"2022-05-09T14:48:47","slug":"equipe-do-tocantinia-vence-dois-irmaos-e-se-classifica-para-a-fase-estadual-no-copao-tocantins","status":"publish","type":"post","link":"https:\/\/focotocantinense.com.br\/?p=2611","title":{"rendered":"Equipe do Tocant\u00ednia vence Dois Irm\u00e3os e se classifica para a fase estadual no Cop\u00e3o Tocantins"},"content":{"rendered":"\n<p>&nbsp;A equipe do Tocant\u00ednia Futebol Clube venceu o Dois Irm\u00e3os Esporte Clube, neste s\u00e1bado (07), por 1 a 0, no Campo Central em Tocant\u00ednia, e se classifica para fase estadual no Cop\u00e3o Tocantins de Futebol Amador.<\/p>\n\n\n\n<p>A partida da final do regional movimentou a cidade. Teve a presen\u00e7a ilustre do prefeito Manoel Silvino, do vice Jo\u00e3o Alberto e demais autoridades locais que fizeram quest\u00e3o de prestigiar o acontecimento esportivo.<\/p>\n\n\n\n<p>O Tocant\u00ednia enfrentou a forte equipe do Dois Irm\u00e3os, onde teve dificuldades de encontrar o caminho do gol no primeiro tempo do jogo. O gol da vit\u00f3ria veio logo no in\u00edcio do segundo tempo, marcado pelo volante Higor Sans\u00e3o, que garantiu a classifica\u00e7\u00e3o para a fase estadual do campeonato.<\/p>\n\n\n\n<p>O secret\u00e1rio municipal de Juventude e Esportes, Adalton Pereira, enalteceu atua\u00e7\u00e3o da equipe em campo que conquistou a segunda vit\u00f3ria jogando em casa. \u201cCom apoio da Prefeitura, por meio do prefeito Manoel Silvino, a comiss\u00e3o t\u00e9cnica e os atletas est\u00e3o empenhados e focados no \u00fanico objetivo: buscar em cada jogo o resultado positivo para chegar ao final do campeonato. Agradecemos ao nosso prefeito Silvino e vice Jo\u00e3o Alberto que vem apoiando o time da nossa cidade,\u201d frisou o secret\u00e1rio.<\/p>\n\n\n\n<p>O prefeito Silvino e vice Jo\u00e3o Alberto, agradeceram os atletas e a comiss\u00e3o t\u00e9cnica pela vit\u00f3ria que deu a classifica\u00e7\u00e3o do clube para a fase estadual. Ainda no gramado, durante a comemora\u00e7\u00e3o dos jogadores, da comiss\u00e3o t\u00e9cnica junto com os torcedores, o prefeito deu uma palavra de motiva\u00e7\u00e3o para a equipe, \u201cparab\u00e9ns a voc\u00eas que fizeram bonito, vamos continuar unidos com muita dedica\u00e7\u00e3o e vamos buscar o trof\u00e9u\u201d disse o prefeito.&nbsp; &nbsp;&nbsp;&nbsp;&nbsp;<\/p>\n\n\n\n<figure class=\"wp-block-image\"><img decoding=\"async\" src=\"http:\/\/n1to.com.br\/img\/uploads\/bbb_14.jpg\" alt=\"\"\/><\/figure>\n\n\n\n<figure class=\"wp-block-image\"><img decoding=\"async\" src=\"http:\/\/n1to.com.br\/img\/uploads\/ccc_7.jpg\" alt=\"\"\/><\/figure>\n\n\n\n<figure class=\"wp-block-image\"><img decoding=\"async\" src=\"http:\/\/n1to.com.br\/img\/uploads\/ddddd_3.jpg\" alt=\"\"\/><\/figure>\n","protected":false},"excerpt":{"rendered":"<p>&nbsp;A equipe do Tocant\u00ednia Futebol Clube venceu o Dois Irm\u00e3os Esporte Clube, neste s\u00e1bado (07), por 1 a 0, no Campo Central em Tocant\u00ednia, e se classifica para fase estadual no Cop\u00e3o Tocantins de Futebol Amador. A partida da final do regional movimentou a cidade. Teve a presen\u00e7a ilustre do prefeito Manoel Silvino, do vice &hellip;<\/p>\n","protected":false},"author":5,"featured_media":2612,"comment_status":"open","ping_status":"open","sticky":false,"template":"","format":"standard","meta":{"footnotes":""},"categories":[78],"tags":[],"class_list":["post-2611","post","type-post","status-publish","format-standard","has-post-thumbnail","","category-tocantinia"],"_links":{"self":[{"href":"https:\/\/focotocantinense.com.br\/index.php?rest_route=\/wp\/v2\/posts\/2611","targetHints":{"allow":["GET"]}}],"collection":[{"href":"https:\/\/focotocantinense.com.br\/index.php?rest_route=\/wp\/v2\/posts"}],"about":[{"href":"https:\/\/focotocantinense.com.br\/index.php?rest_route=\/wp\/v2\/types\/post"}],"author":[{"embeddable":true,"href":"https:\/\/focotocantinense.com.br\/index.php?rest_route=\/wp\/v2\/users\/5"}],"replies":[{"embeddable":true,"href":"https:\/\/focotocantinense.com.br\/index.php?rest_route=%2Fwp%2Fv2%2Fcomments&post=2611"}],"version-history":[{"count":1,"href":"https:\/\/focotocantinense.com.br\/index.php?rest_route=\/wp\/v2\/posts\/2611\/revisions"}],"predecessor-version":[{"id":2613,"href":"https:\/\/focotocantinense.com.br\/index.php?rest_route=\/wp\/v2\/posts\/2611\/revisions\/2613"}],"wp:featuredmedia":[{"embeddable":true,"href":"https:\/\/focotocantinense.com.br\/index.php?rest_route=\/wp\/v2\/media\/2612"}],"wp:attachment":[{"href":"https:\/\/focotocantinense.com.br\/index.php?rest_route=%2Fwp%2Fv2%2Fmedia&parent=2611"}],"wp:term":[{"taxonomy":"category","embeddable":true,"href":"https:\/\/focotocantinense.com.br\/index.php?rest_route=%2Fwp%2Fv2%2Fcategories&post=2611"},{"taxonomy":"post_tag","embeddable":true,"href":"https:\/\/focotocantinense.com.br\/index.php?rest_route=%2Fwp%2Fv2%2Ftags&post=2611"}],"curies":[{"name":"wp","href":"https:\/\/api.w.org\/{rel}","templated":true}]}}