{"id":2607,"date":"2022-05-06T20:24:49","date_gmt":"2022-05-06T23:24:49","guid":{"rendered":"https:\/\/focotocantinense.com.br\/?p=2607"},"modified":"2022-05-06T20:24:50","modified_gmt":"2022-05-06T23:24:50","slug":"lajeado-recebe-emenda-de-antonio-andrade-para-aquisicao-de-notebooks-ao-comemorar-seus-31-anos","status":"publish","type":"post","link":"https:\/\/focotocantinense.com.br\/?p=2607","title":{"rendered":"Lajeado recebe emenda de Antonio Andrade para aquisi\u00e7\u00e3o de notebooks ao comemorar seus 31 anos"},"content":{"rendered":"\n<p>Nesta quinta-feira, 05, o munic\u00edpio de Lajeado completa 31 anos, e o presidente da Assembleia Legislativa do Tocantins (Aleto), deputado Antonio Andrade (Republicanos), \u00e9 um dos convidados da festa e participa do momento c\u00edvico e das apresenta\u00e7\u00f5es culturais previstas para a manh\u00e3 desta quinta.<\/p>\n\n\n\n<p>Antonio Andrade tem uma forte identifica\u00e7\u00e3o com a popula\u00e7\u00e3o do munic\u00edpio e sempre tem buscado garantir recursos para a cidade. Foram destinadas emendas para aquisi\u00e7\u00e3o de uma ambul\u00e2ncia, em 2017, aquisi\u00e7\u00e3o de uniformes escolares, em 2018 e agora foram liberados R$ 100 mil para adquirir notebooks, para atender o corpo docente da Escola Sebasti\u00e3o Sales Monteiro.<\/p>\n\n\n\n<p>\u201cTenho sempre buscado atender as demandas da comunidade de Lajeado, priorizando as \u00e1reas mais sens\u00edveis, como sa\u00fade e educa\u00e7\u00e3o. Nos empenhamos para comemorar este anivers\u00e1rio com o dinheiro da nossa \u00faltima emenda em conta. Gra\u00e7as ao esfor\u00e7o em conjunto com o governador, Wanderlei Barbosa, isso foi poss\u00edvel\u201d, destacou o deputado.<\/p>\n\n\n\n<p>As comemora\u00e7\u00f5es dos 31 anos da cidade seguem at\u00e9 o pr\u00f3ximo s\u00e1bado com show musical no est\u00e1dio Vander Gomes Silva, o Bandeir\u00e3o.<\/p>\n\n\n\n<figure class=\"wp-block-image is-resized\"><img loading=\"lazy\" decoding=\"async\" src=\"https:\/\/www.al.to.leg.br\/imagens\/mini\/1130x755\/6f52f90c56aa67757b762b3af830f651.jpeg\" alt=\"\" width=\"614\" height=\"409\"\/><\/figure>\n","protected":false},"excerpt":{"rendered":"<p>Nesta quinta-feira, 05, o munic\u00edpio de Lajeado completa 31 anos, e o presidente da Assembleia Legislativa do Tocantins (Aleto), deputado Antonio Andrade (Republicanos), \u00e9 um dos convidados da festa e participa do momento c\u00edvico e das apresenta\u00e7\u00f5es culturais previstas para a manh\u00e3 desta quinta. Antonio Andrade tem uma forte identifica\u00e7\u00e3o com a popula\u00e7\u00e3o do munic\u00edpio &hellip;<\/p>\n","protected":false},"author":5,"featured_media":2608,"comment_status":"open","ping_status":"open","sticky":false,"template":"","format":"standard","meta":{"footnotes":""},"categories":[72,40],"tags":[],"class_list":["post-2607","post","type-post","status-publish","format-standard","has-post-thumbnail","","category-lajeado","category-politica"],"_links":{"self":[{"href":"https:\/\/focotocantinense.com.br\/index.php?rest_route=\/wp\/v2\/posts\/2607","targetHints":{"allow":["GET"]}}],"collection":[{"href":"https:\/\/focotocantinense.com.br\/index.php?rest_route=\/wp\/v2\/posts"}],"about":[{"href":"https:\/\/focotocantinense.com.br\/index.php?rest_route=\/wp\/v2\/types\/post"}],"author":[{"embeddable":true,"href":"https:\/\/focotocantinense.com.br\/index.php?rest_route=\/wp\/v2\/users\/5"}],"replies":[{"embeddable":true,"href":"https:\/\/focotocantinense.com.br\/index.php?rest_route=%2Fwp%2Fv2%2Fcomments&post=2607"}],"version-history":[{"count":1,"href":"https:\/\/focotocantinense.com.br\/index.php?rest_route=\/wp\/v2\/posts\/2607\/revisions"}],"predecessor-version":[{"id":2609,"href":"https:\/\/focotocantinense.com.br\/index.php?rest_route=\/wp\/v2\/posts\/2607\/revisions\/2609"}],"wp:featuredmedia":[{"embeddable":true,"href":"https:\/\/focotocantinense.com.br\/index.php?rest_route=\/wp\/v2\/media\/2608"}],"wp:attachment":[{"href":"https:\/\/focotocantinense.com.br\/index.php?rest_route=%2Fwp%2Fv2%2Fmedia&parent=2607"}],"wp:term":[{"taxonomy":"category","embeddable":true,"href":"https:\/\/focotocantinense.com.br\/index.php?rest_route=%2Fwp%2Fv2%2Fcategories&post=2607"},{"taxonomy":"post_tag","embeddable":true,"href":"https:\/\/focotocantinense.com.br\/index.php?rest_route=%2Fwp%2Fv2%2Ftags&post=2607"}],"curies":[{"name":"wp","href":"https:\/\/api.w.org\/{rel}","templated":true}]}}